{"id":407862,"date":"2025-09-21T19:45:16","date_gmt":"2025-09-21T19:45:16","guid":{"rendered":"https:\/\/www.europesays.com\/fr\/407862\/"},"modified":"2025-09-21T19:45:16","modified_gmt":"2025-09-21T19:45:16","slug":"besancon-livres-dans-la-boucle-a-lheure-du-bilan-pres-de-30-000-visiteurs-au-compteur-lest-republicain","status":"publish","type":"post","link":"https:\/\/www.europesays.com\/fr\/407862\/","title":{"rendered":"Besan\u00e7on. Livres dans la Boucle \u00e0 l&#039;heure du bilan : pr\u00e8s de 30 000 visiteurs au compteur &#8211; L&#039;Est R\u00e9publicain"},"content":{"rendered":"<ol>\n<li><a href=\"https:\/\/news.google.com\/rss\/articles\/CBMitgFBVV95cUxPQ0hRMjVpSlItZDRFNElEV0FIMXZtMnduRjN6YzFNeFl2bVVaOEhUZE10WU03OTFLNlZVZTNpSGFjRERDUzdRWGdvSFM3ME45VUV5eTNUR1pvM3p1Vlhxc3FXYnlqaDk4c3hIdzdvcVNBNFpjSGowWjRjNkJic05QcWdoRmZGUjR5bmVETlYzay15M3JrRldQcWhsYkk3cFdhSWNHczhSRzhFUGwxc1J1NWtrWW5qQQ?oc=5\" target=\"_blank\" rel=\"noopener\">Besan\u00e7on. Livres dans la Boucle \u00e0 l&rsquo;heure du bilan : pr\u00e8s de 30 000 visiteurs au compteur<\/a>&nbsp;&nbsp;L&rsquo;Est R\u00e9publicain<\/li>\n<li><a href=\"https:\/\/news.google.com\/rss\/articles\/CBMiuAFBVV95cUxNcHp4Uk45dmRvMXBmS01LTHVTS1NSYVZ1bXhWZ3Jld3JYaUlwMnJOWWlKN3FySFQtUGFySC1KTFNGMGtrQUdLOVdhcGxSYmZpSzRCU2ZaR2pacFB2Qm42eVppM2hwRWhlOG5MX1lQbzFiTjMxRUJfNlhVd05id2lsdUliOFhVOWhKak9ZMjNob1lubWRlcWZ1ZVlrbkxLYVFnWEVqZlZOQmxrYWU1dElXUXVSU3gtWjgw?oc=5\" target=\"_blank\" rel=\"noopener\">Photos. Livres dans la Boucle : le deuxi\u00e8me jour des dix ans en images<\/a>&nbsp;&nbsp;L&rsquo;Est R\u00e9publicain<\/li>\n<li><a href=\"https:\/\/news.google.com\/rss\/articles\/CBMimAFBVV95cUxOR1VHVXAyR0g1X2F2cDNPbWVzdVhLOG5jaEk5NEJiNDZCMDB5WlRsWFliS0d3S1MxQTJfeVVnSVNCS01WTUpYYkFpREdXWC12T0tFUVhGbkFsSXRUcGJic2Z5Rkl5OEp3dnJKbDBCWjBsU0NFenYzWURHczU1NGI1NWRWRUVWOEhsbzBPUmRXVllXTDBVQ3lOTtIBngFBVV95cUxNYkZSMDVZV3NZZnVkdHN4cHh1dF9jRWZUdHVNRzdFM21jQ3RUMkZNQUJTbzF5TlJ4TzJrZm1SekVVSGRwaUJHNldrVVBNcHVEZEtFSU1MMjAzNE80bTMtZkZfZmw2dXhJTER1MzB6dkdFVmtGTE5NWGNJUWRXRTUtWFhkYkVpVUZseW90OURBbEFVVUxJTEFTeVd2RHNPUQ?oc=5\" target=\"_blank\" rel=\"noopener\">Livres dans la boucle : carton plein pour la 10e \u00e9dition \u00e0 Besan\u00e7on<\/a>&nbsp;&nbsp;maCommune.info<\/li>\n<li><a href=\"https:\/\/news.google.com\/rss\/articles\/CBMiyAFBVV95cUxPVElTbGQ2aFZUMFlxRmJsUnFFOEVqRFJGb1dWaE9uUXB1OFpvRnNONEVReDNwWnRsQVV5MFFKV1loMlprdWMtOExEZjRDVTlUUVZyRndmV0RIZTNfeDJ0ZGVMNDNIMWpUR3pJeEMtRDVnRVpPUUdOMlUzMmVvVU1ZcjkwYXNwZGJZSk5UM1pGdjcxckh1eFA2LVhiR1JPQXBfNmt2RXl3UEMtWGZmNzBULU1oUEZPaGJPaVRrOFJjMU5hVnBWbVFvWg?oc=5\" target=\"_blank\" rel=\"noopener\">Besan\u00e7on \/ Livres dans la Boucle : 30 000 visiteurs malgr\u00e9 un d\u00e9marrage en demi-teinte<\/a>&nbsp;&nbsp;Plein Air<\/li>\n<li><a href=\"https:\/\/news.google.com\/rss\/articles\/CBMiyAFBVV95cUxNWUduNl9yY0d1VTF5a3BxV1dZVmNwUHVkRGtEWEZodVBwSkJQdzVTMlJ6d0Z0SWVGck83a1RnVm1Oc3hMWWRLdGhraW4yWG9oc1RSdGNZdUEtZVlqcmdEdVEwLVpUSzFjNTByMlJOTktpQzFCY1ByTklfR3h1WUk3Qk82QVU3X24xQllldFJodEFjRzNwZHF0d0pVZ2xrMzF1MXpQUkFSUkJTbG9VLWU3TllBeGVwS3BtXzM4Q0o5dm51aHBtajlpRQ?oc=5\" target=\"_blank\" rel=\"noopener\">Livres dans la Boucle : quatre auteurs annulent leur venue au dernier moment<\/a>&nbsp;&nbsp;francebleu.fr<\/li>\n<\/ol>\n","protected":false},"excerpt":{"rendered":"Besan\u00e7on. Livres dans la Boucle \u00e0 l&rsquo;heure du bilan : pr\u00e8s de 30 000 visiteurs au compteur&nbsp;&nbsp;L&rsquo;Est R\u00e9publicain&hellip;\n","protected":false},"author":2,"featured_media":407863,"comment_status":"","ping_status":"","sticky":false,"template":"","format":"standard","meta":{"footnotes":""},"categories":[1357],"tags":[10112,14382,1379,1687,58,14383,59,1685,1011,27,1380,2410,22383],"class_list":{"0":"post-407862","1":"post","2":"type-post","3":"status-publish","4":"format-standard","5":"has-post-thumbnail","7":"category-livres","8":"tag-besancon","9":"tag-besancon-ville-25a","10":"tag-books","11":"tag-culture-loisirs","12":"tag-divertissement","13":"tag-edition-besancon","14":"tag-entertainment","15":"tag-foire-et-salon","16":"tag-fr","17":"tag-france","18":"tag-livres","19":"tag-livres-bd","20":"tag-livres-dans-la-boucle"},"share_on_mastodon":{"url":"https:\/\/pubeurope.com\/@fr\/115244009153152151","error":""},"_links":{"self":[{"href":"https:\/\/www.europesays.com\/fr\/wp-json\/wp\/v2\/posts\/407862","targetHints":{"allow":["GET"]}}],"collection":[{"href":"https:\/\/www.europesays.com\/fr\/wp-json\/wp\/v2\/posts"}],"about":[{"href":"https:\/\/www.europesays.com\/fr\/wp-json\/wp\/v2\/types\/post"}],"author":[{"embeddable":true,"href":"https:\/\/www.europesays.com\/fr\/wp-json\/wp\/v2\/users\/2"}],"replies":[{"embeddable":true,"href":"https:\/\/www.europesays.com\/fr\/wp-json\/wp\/v2\/comments?post=407862"}],"version-history":[{"count":0,"href":"https:\/\/www.europesays.com\/fr\/wp-json\/wp\/v2\/posts\/407862\/revisions"}],"wp:featuredmedia":[{"embeddable":true,"href":"https:\/\/www.europesays.com\/fr\/wp-json\/wp\/v2\/media\/407863"}],"wp:attachment":[{"href":"https:\/\/www.europesays.com\/fr\/wp-json\/wp\/v2\/media?parent=407862"}],"wp:term":[{"taxonomy":"category","embeddable":true,"href":"https:\/\/www.europesays.com\/fr\/wp-json\/wp\/v2\/categories?post=407862"},{"taxonomy":"post_tag","embeddable":true,"href":"https:\/\/www.europesays.com\/fr\/wp-json\/wp\/v2\/tags?post=407862"}],"curies":[{"name":"wp","href":"https:\/\/api.w.org\/{rel}","templated":true}]}}