{"id":407868,"date":"2025-09-21T19:48:12","date_gmt":"2025-09-21T19:48:12","guid":{"rendered":"https:\/\/www.europesays.com\/fr\/407868\/"},"modified":"2025-09-21T19:48:12","modified_gmt":"2025-09-21T19:48:12","slug":"le-meilleur-film-de-ma-vie-demon-slayer-explose-le-box-office-et-impressionne-les-fans-de-manga","status":"publish","type":"post","link":"https:\/\/www.europesays.com\/fr\/407868\/","title":{"rendered":"\u00ab\u00a0Le meilleur film de ma vie\u00a0\u00bb\u00a0: \u00ab\u00a0Demon Slayer\u00a0\u00bb explose le box-office et impressionne les fans de manga"},"content":{"rendered":"<p class=\"paragraph text_align_left lp-f-body-02\">Apr\u00e8s seulement quatre jours en salles (sans compter ce dimanche, mais avec les avant-premi\u00e8res), \u00ab Demon Slayer : Kimetsu no Yaiba : La Forteresse infinie \u00bb de Haruo Sotozaki d\u00e9passe les 750 000 entr\u00e9es ! D\u00e8s son premier jour, <a href=\"https:\/\/www.leparisien.fr\/culture-loisirs\/cinema\/\" target=\"_blank\" rel=\"noreferrer nofollow noopener\">le film <\/a>avait attir\u00e9 pr\u00e8s de 340 000 fans dans 690 salles, soit le meilleur d\u00e9marrage de l\u2019ann\u00e9e et les professionnels estiment d\u00e9j\u00e0 qu\u2019il atteindra les 2,5 millions de spectateurs.<\/p>\n<p class=\"paragraph text_align_left lp-f-body-02\">Apr\u00e8s le Japon et les \u00c9tats-Unis, o\u00f9 il a explos\u00e9 l\u00e0 aussi le box-office, ce premier volet d\u2019une trilogie, tir\u00e9 du manga \u00ab Demon Slayer \u00bb de Koyoharu Gotouge, conna\u00eet \u00e9galement dans l\u2019Hexagone un d\u00e9marrage fulgurant.<\/p>\n","protected":false},"excerpt":{"rendered":"Apr\u00e8s seulement quatre jours en salles (sans compter ce dimanche, mais avec les avant-premi\u00e8res), \u00ab Demon Slayer :&hellip;\n","protected":false},"author":2,"featured_media":407869,"comment_status":"","ping_status":"","sticky":false,"template":"","format":"standard","meta":{"footnotes":""},"categories":[1354],"tags":[650,872,58,59,1346,1011,27,1360],"class_list":{"0":"post-407868","1":"post","2":"type-post","3":"status-publish","4":"format-standard","5":"has-post-thumbnail","7":"category-films","8":"tag-cinema","9":"tag-culture-et-loisirs","10":"tag-divertissement","11":"tag-entertainment","12":"tag-films","13":"tag-fr","14":"tag-france","15":"tag-movies"},"share_on_mastodon":{"url":"https:\/\/pubeurope.com\/@fr\/115244020818989536","error":""},"_links":{"self":[{"href":"https:\/\/www.europesays.com\/fr\/wp-json\/wp\/v2\/posts\/407868","targetHints":{"allow":["GET"]}}],"collection":[{"href":"https:\/\/www.europesays.com\/fr\/wp-json\/wp\/v2\/posts"}],"about":[{"href":"https:\/\/www.europesays.com\/fr\/wp-json\/wp\/v2\/types\/post"}],"author":[{"embeddable":true,"href":"https:\/\/www.europesays.com\/fr\/wp-json\/wp\/v2\/users\/2"}],"replies":[{"embeddable":true,"href":"https:\/\/www.europesays.com\/fr\/wp-json\/wp\/v2\/comments?post=407868"}],"version-history":[{"count":0,"href":"https:\/\/www.europesays.com\/fr\/wp-json\/wp\/v2\/posts\/407868\/revisions"}],"wp:featuredmedia":[{"embeddable":true,"href":"https:\/\/www.europesays.com\/fr\/wp-json\/wp\/v2\/media\/407869"}],"wp:attachment":[{"href":"https:\/\/www.europesays.com\/fr\/wp-json\/wp\/v2\/media?parent=407868"}],"wp:term":[{"taxonomy":"category","embeddable":true,"href":"https:\/\/www.europesays.com\/fr\/wp-json\/wp\/v2\/categories?post=407868"},{"taxonomy":"post_tag","embeddable":true,"href":"https:\/\/www.europesays.com\/fr\/wp-json\/wp\/v2\/tags?post=407868"}],"curies":[{"name":"wp","href":"https:\/\/api.w.org\/{rel}","templated":true}]}}