{"id":407915,"date":"2025-09-21T20:19:29","date_gmt":"2025-09-21T20:19:29","guid":{"rendered":"https:\/\/www.europesays.com\/fr\/407915\/"},"modified":"2025-09-21T20:19:29","modified_gmt":"2025-09-21T20:19:29","slug":"face-aux-aleas-de-la-solarisation-de-la-base-sous-marine-lopposition-propose-une-alternative","status":"publish","type":"post","link":"https:\/\/www.europesays.com\/fr\/407915\/","title":{"rendered":"Face aux al\u00e9as de la solarisation de la Base sous-marine, l&rsquo;opposition propose une alternative"},"content":{"rendered":"<p class=\"wp-block-post-excerpt__excerpt\">Profitant de la confusion autour de la liquidation judiciaire de l\u2019entreprise porteuse du projet embl\u00e9matique de Pierre Hurmic, qui vise \u00e0 installer 13000m2 de panneaux photovolta\u00efque sur la Base sous-marine, le groupe d\u2019opposition Bordeaux Ensemble va pr\u00e9senter \u00e0 la Mairie un contre-projet. Il repose sur l\u2019installation d\u2019un d\u00f4me solaire h\u00e9misph\u00e9rique sur le toit. <\/p>\n","protected":false},"excerpt":{"rendered":"Profitant de la confusion autour de la liquidation judiciaire de l\u2019entreprise porteuse du projet embl\u00e9matique de Pierre Hurmic,&hellip;\n","protected":false},"author":2,"featured_media":407916,"comment_status":"","ping_status":"","sticky":false,"template":"","format":"standard","meta":{"footnotes":""},"categories":[2817],"tags":[1111,11,15741,1997,1777,674,1011,27,12,2219,316,25,17076],"class_list":{"0":"post-407915","1":"post","2":"type-post","3":"status-publish","4":"format-standard","5":"has-post-thumbnail","7":"category-bordeaux","8":"tag-actu","9":"tag-actualites","10":"tag-base-sous-marine","11":"tag-bordeaux","12":"tag-eu","13":"tag-europe","14":"tag-fr","15":"tag-france","16":"tag-news","17":"tag-nouvelle-aquitaine","18":"tag-politique","19":"tag-republique-francaise","20":"tag-ville-de-bordeaux"},"share_on_mastodon":{"url":"https:\/\/pubeurope.com\/@fr\/115244142692636496","error":""},"_links":{"self":[{"href":"https:\/\/www.europesays.com\/fr\/wp-json\/wp\/v2\/posts\/407915","targetHints":{"allow":["GET"]}}],"collection":[{"href":"https:\/\/www.europesays.com\/fr\/wp-json\/wp\/v2\/posts"}],"about":[{"href":"https:\/\/www.europesays.com\/fr\/wp-json\/wp\/v2\/types\/post"}],"author":[{"embeddable":true,"href":"https:\/\/www.europesays.com\/fr\/wp-json\/wp\/v2\/users\/2"}],"replies":[{"embeddable":true,"href":"https:\/\/www.europesays.com\/fr\/wp-json\/wp\/v2\/comments?post=407915"}],"version-history":[{"count":0,"href":"https:\/\/www.europesays.com\/fr\/wp-json\/wp\/v2\/posts\/407915\/revisions"}],"wp:featuredmedia":[{"embeddable":true,"href":"https:\/\/www.europesays.com\/fr\/wp-json\/wp\/v2\/media\/407916"}],"wp:attachment":[{"href":"https:\/\/www.europesays.com\/fr\/wp-json\/wp\/v2\/media?parent=407915"}],"wp:term":[{"taxonomy":"category","embeddable":true,"href":"https:\/\/www.europesays.com\/fr\/wp-json\/wp\/v2\/categories?post=407915"},{"taxonomy":"post_tag","embeddable":true,"href":"https:\/\/www.europesays.com\/fr\/wp-json\/wp\/v2\/tags?post=407915"}],"curies":[{"name":"wp","href":"https:\/\/api.w.org\/{rel}","templated":true}]}}