{"id":407918,"date":"2025-09-21T20:21:15","date_gmt":"2025-09-21T20:21:15","guid":{"rendered":"https:\/\/www.europesays.com\/fr\/407918\/"},"modified":"2025-09-21T20:21:15","modified_gmt":"2025-09-21T20:21:15","slug":"toulouse-un-incendie-se-declare-dans-une-casse-automobile-30-carcasses-de-vehicules-prennent-feu","status":"publish","type":"post","link":"https:\/\/www.europesays.com\/fr\/407918\/","title":{"rendered":"Toulouse. Un incendie se d\u00e9clare dans une casse automobile, 30 carcasses de v\u00e9hicules prennent feu"},"content":{"rendered":"<p>            Par<br \/>\n        <strong><br \/>\n            <a href=\"https:\/\/actu.fr\/auteur\/lucie-2\" title=\"Consulter tous les articles de Lucie Fraisse\" rel=\"nofollow noopener\" target=\"_blank\">Lucie Fraisse<\/a><br \/>\n        <\/strong><\/p>\n<p>        Publi\u00e9 le<\/p>\n<p>            21 sept. 2025 \u00e0 11h34        <\/p>\n<p>Le feu a pris au niveau du chemin de la Plage, <strong>dans le quartier de Ginestous<\/strong>, \u00e0 <a href=\"https:\/\/actu.fr\/toulouse\/\" rel=\"nofollow noopener\" target=\"_blank\">Toulouse<\/a>.\u00a0Selon les pompiers de la Haute-Garonne qui se sont rendus sur place peu apr\u00e8s 7 heures ce dimanche 21 septembre 2025, c\u2019est dans une casse automobile que l\u2019incendie s\u2019est d\u00e9clar\u00e9.<\/p>\n<p>    <a href=\"https:\/\/www.google.com\/maps\/embed?pb=!1m18!1m12!1m3!1d10212.956656435943!2d1.4048158020615216!3d43.650974750219206!2m3!1f0!2f0!3f0!3m2!1i1024!2i768!4f13.1!3m3!1m2!1s0x12aea4e73647d337%3A0x42d6a6d6cc60be0a!2sChem.%20de%20la%20Plage%2C%2031200%20Toulouse!5e0!3m2!1sfr!2sfr!4v1758446490374!5m2!1sfr!2sfr\" title=\"Ouvrie le lien\" rel=\"nofollow noopener\" target=\"_blank\">Cliquez ici pour visualiser le contenu<\/a><\/p>\n<p>Une trentaine de carcasses embras\u00e9es\u00a0<\/p>\n<p class=\" wall-content\">\u00c0 leur arriv\u00e9e sur place, une trentaine de carcasses de v\u00e9hicules \u00e9taient totalement embras\u00e9e.<\/p>\n<p>    <img   decoding=\"async\" loading=\"lazy\" src=\"https:\/\/www.europesays.com\/fr\/wp-content\/uploads\/2025\/09\/whatsapp-image-2025-09-21-a-111914-fecf745b-960x640.jpg\" alt=\"Trois lances \u00e0 eau ont \u00e9t\u00e9 d\u00e9ploy\u00e9es.\" width=\"960\" height=\"640\"\/><br \/>\n    Trois lances \u00e0 eau ont \u00e9t\u00e9 d\u00e9ploy\u00e9es. (\u00a9SDIS 31)<\/p>\n<p class=\" wall-content\"><strong>Trois lances \u00e0 eau ont \u00e9t\u00e9 d\u00e9ploy\u00e9es<\/strong> pour \u00e9teindre les flammes, treize sapeurs-pompiers \u00e9taient sur place<\/p>\n<p class=\" wall-content\">Personnalisez votre actualit\u00e9 en ajoutant vos villes et m\u00e9dias en favori avec <a href=\"https:\/\/moncompte.actu.fr\" title=\"D\u00e9couvez Mon Actu\" rel=\"nofollow noopener\" data-trk=\"{&quot;cta&quot;:{&quot;action&quot;:&quot;https:\\\/\\\/moncompte.actu.fr&quot;,&quot;category&quot;:&quot;mon compte&quot;,&quot;from&quot;:&quot;article footer&quot;,&quot;name&quot;:&quot;Mon actu&quot;,&quot;type&quot;:&quot;cta&quot;}}\" target=\"_blank\">Mon Actu<\/a>.<\/p>\n","protected":false},"excerpt":{"rendered":"Par Lucie Fraisse Publi\u00e9 le 21 sept. 2025 \u00e0 11h34 Le feu a pris au niveau du chemin&hellip;\n","protected":false},"author":2,"featured_media":407919,"comment_status":"","ping_status":"","sticky":false,"template":"","format":"standard","meta":{"footnotes":""},"categories":[2816],"tags":[1111,11,1777,674,118,1011,27,12,2680,1311,25,2312],"class_list":{"0":"post-407918","1":"post","2":"type-post","3":"status-publish","4":"format-standard","5":"has-post-thumbnail","7":"category-toulouse","8":"tag-actu","9":"tag-actualites","10":"tag-eu","11":"tag-europe","12":"tag-faits-divers","13":"tag-fr","14":"tag-france","15":"tag-news","16":"tag-occitanie","17":"tag-pompiers","18":"tag-republique-francaise","19":"tag-toulouse"},"share_on_mastodon":{"url":"https:\/\/pubeurope.com\/@fr\/115244151320179935","error":""},"_links":{"self":[{"href":"https:\/\/www.europesays.com\/fr\/wp-json\/wp\/v2\/posts\/407918","targetHints":{"allow":["GET"]}}],"collection":[{"href":"https:\/\/www.europesays.com\/fr\/wp-json\/wp\/v2\/posts"}],"about":[{"href":"https:\/\/www.europesays.com\/fr\/wp-json\/wp\/v2\/types\/post"}],"author":[{"embeddable":true,"href":"https:\/\/www.europesays.com\/fr\/wp-json\/wp\/v2\/users\/2"}],"replies":[{"embeddable":true,"href":"https:\/\/www.europesays.com\/fr\/wp-json\/wp\/v2\/comments?post=407918"}],"version-history":[{"count":0,"href":"https:\/\/www.europesays.com\/fr\/wp-json\/wp\/v2\/posts\/407918\/revisions"}],"wp:featuredmedia":[{"embeddable":true,"href":"https:\/\/www.europesays.com\/fr\/wp-json\/wp\/v2\/media\/407919"}],"wp:attachment":[{"href":"https:\/\/www.europesays.com\/fr\/wp-json\/wp\/v2\/media?parent=407918"}],"wp:term":[{"taxonomy":"category","embeddable":true,"href":"https:\/\/www.europesays.com\/fr\/wp-json\/wp\/v2\/categories?post=407918"},{"taxonomy":"post_tag","embeddable":true,"href":"https:\/\/www.europesays.com\/fr\/wp-json\/wp\/v2\/tags?post=407918"}],"curies":[{"name":"wp","href":"https:\/\/api.w.org\/{rel}","templated":true}]}}