{"id":407973,"date":"2025-09-21T20:56:13","date_gmt":"2025-09-21T20:56:13","guid":{"rendered":"https:\/\/www.europesays.com\/fr\/407973\/"},"modified":"2025-09-21T20:56:13","modified_gmt":"2025-09-21T20:56:13","slug":"cliche-de-zef-melange-explosif-sur-la-cote-a-porspoder","status":"publish","type":"post","link":"https:\/\/www.europesays.com\/fr\/407973\/","title":{"rendered":"Clich\u00e9 de Zef\u00a0: m\u00e9lange explosif sur la c\u00f4te, \u00e0 Porspoder"},"content":{"rendered":"<p>\u00ab\u00a0Grande mar\u00e9e, houle, vent\u2026 Le m\u00e9lange explosif donne un spectacle quotidien sur la c\u00f4te, o\u00f9 l\u2019on passe et repasse\u00a0\u00bb, relate Jacques Le Guen, de Porspoder. D\u00e9but septembre 2025, il a captur\u00e9 un clich\u00e9 de chevaux, assez peu perturb\u00e9s par \u00ab\u00a0cette vague chevaleresque qui, de plus, fait un saut sur le cheval d\u2019ar\u00e7ons, ici les Linious, au large de Melon\u00a0\u00bb, s\u2019amuse notre photographe du jour. Merci \u00e0 lui. Si vous souhaitez, vous aussi, contribuer \u00e0 cette rubrique, adressez vos images, en haute r\u00e9solution et imp\u00e9rativement en format paysage (\u00e9vitez le mode panoramique), \u00e0 l\u2019adresse courriel <a href=\"https:\/\/www.letelegramme.fr\/cdn-cgi\/l\/email-protection\" class=\"__cf_email__\" data-cfemail=\"8fece3e6ece7eafca1edfdeafcfbcfe3eafbeae3eae8fdeee2e2eaa1e9fd\" target=\"_blank\" rel=\"noopener\">[email\u00a0protected]<\/a>. Portraits, paysages, sc\u00e8nes de la vie quotidienne, insolite\u2026 Tout est permis\u00a0! L\u2019envoi de vos prises de vue vaut autorisation gratuite de les publier dans Le T\u00e9l\u00e9gramme, sur letelegramme.fr et les r\u00e9seaux sociaux.<\/p>\n","protected":false},"excerpt":{"rendered":"\u00ab\u00a0Grande mar\u00e9e, houle, vent\u2026 Le m\u00e9lange explosif donne un spectacle quotidien sur la c\u00f4te, o\u00f9 l\u2019on passe et&hellip;\n","protected":false},"author":2,"featured_media":407974,"comment_status":"","ping_status":"","sticky":false,"template":"","format":"standard","meta":{"footnotes":""},"categories":[1358],"tags":[1348,1384,1385,3450,22873,1386,58,59,1011,27,1756,53944],"class_list":{"0":"post-407973","1":"post","2":"type-post","3":"status-publish","4":"format-standard","5":"has-post-thumbnail","7":"category-arts-et-design","8":"tag-arts","9":"tag-arts-and-design","10":"tag-arts-et-design","11":"tag-brest","12":"tag-cliche-de-zef","13":"tag-design","14":"tag-divertissement","15":"tag-entertainment","16":"tag-fr","17":"tag-france","18":"tag-photographie","19":"tag-porspoder"},"share_on_mastodon":{"url":"https:\/\/pubeurope.com\/@fr\/115244288302957105","error":""},"_links":{"self":[{"href":"https:\/\/www.europesays.com\/fr\/wp-json\/wp\/v2\/posts\/407973","targetHints":{"allow":["GET"]}}],"collection":[{"href":"https:\/\/www.europesays.com\/fr\/wp-json\/wp\/v2\/posts"}],"about":[{"href":"https:\/\/www.europesays.com\/fr\/wp-json\/wp\/v2\/types\/post"}],"author":[{"embeddable":true,"href":"https:\/\/www.europesays.com\/fr\/wp-json\/wp\/v2\/users\/2"}],"replies":[{"embeddable":true,"href":"https:\/\/www.europesays.com\/fr\/wp-json\/wp\/v2\/comments?post=407973"}],"version-history":[{"count":0,"href":"https:\/\/www.europesays.com\/fr\/wp-json\/wp\/v2\/posts\/407973\/revisions"}],"wp:featuredmedia":[{"embeddable":true,"href":"https:\/\/www.europesays.com\/fr\/wp-json\/wp\/v2\/media\/407974"}],"wp:attachment":[{"href":"https:\/\/www.europesays.com\/fr\/wp-json\/wp\/v2\/media?parent=407973"}],"wp:term":[{"taxonomy":"category","embeddable":true,"href":"https:\/\/www.europesays.com\/fr\/wp-json\/wp\/v2\/categories?post=407973"},{"taxonomy":"post_tag","embeddable":true,"href":"https:\/\/www.europesays.com\/fr\/wp-json\/wp\/v2\/tags?post=407973"}],"curies":[{"name":"wp","href":"https:\/\/api.w.org\/{rel}","templated":true}]}}