{"id":407998,"date":"2025-09-21T21:09:37","date_gmt":"2025-09-21T21:09:37","guid":{"rendered":"https:\/\/www.europesays.com\/fr\/407998\/"},"modified":"2025-09-21T21:09:37","modified_gmt":"2025-09-21T21:09:37","slug":"saint-etienne-tous-les-services-de-lurssaf-ont-quitte-chateaucreux-pour-sinstaller-a-la-plaine-achille","status":"publish","type":"post","link":"https:\/\/www.europesays.com\/fr\/407998\/","title":{"rendered":"Saint-\u00c9tienne. Tous les services de l\u2019Urssaf ont quitt\u00e9 Ch\u00e2teaucreux pour s&rsquo;installer \u00e0 la Plaine-Achille"},"content":{"rendered":"<p>\u00ab\u00a0Le bail de l\u2019immeuble du CNCesu, o\u00f9\u00a0on \u00e9tait\u00a0locataires, arrivait \u00e0 \u00e9ch\u00e9ance en octobre\u00a02025. On en a profit\u00e9 pour r\u00e9fl\u00e9chir \u00e0 un regroupement de l\u2019ensemble de nos services, qui \u00e9taient jusqu\u2019\u00e0 pr\u00e9sent r\u00e9partis sur deux sites\u00a0\u00bb, explique Marie-Emmanuelle Le Cocguen, directrice territoriale Loire-Ard\u00e8che de l\u2019Urssaf.<\/p>\n<p>Historiquement, l\u2019Urssaf et son service du CNCesu (Centre national du ch\u00e8que emploi service universel) \u00e9taient situ\u00e9s, comme la CPAM (Caisse primaire d&rsquo;assurance maladie) et la Caf (Caisse d&rsquo;allocations familiales), au sein de l\u2019immeuble Loubet, dans le quartier de Beaubrun-Tarentaize (<a href=\"https:\/\/www.leprogres.fr\/economie\/2024\/10\/15\/22-000-m2-45-metres-de-haut-le-chantier-titanesque-de-l-ancienne-secu\" target=\"_blank\" rel=\"noopener\">immeuble qui fait actuellement&#8230;<\/a><\/p>\n","protected":false},"excerpt":{"rendered":"\u00ab\u00a0Le bail de l\u2019immeuble du CNCesu, o\u00f9\u00a0on \u00e9tait\u00a0locataires, arrivait \u00e0 \u00e9ch\u00e9ance en octobre\u00a02025. On en a profit\u00e9 pour&hellip;\n","protected":false},"author":2,"featured_media":407999,"comment_status":"","ping_status":"","sticky":false,"template":"","format":"standard","meta":{"footnotes":""},"categories":[9653],"tags":[1111,11,2430,4749,33,7539,1777,674,1011,27,12,25,4001,7538,801],"class_list":{"0":"post-407998","1":"post","2":"type-post","3":"status-publish","4":"format-standard","5":"has-post-thumbnail","7":"category-saint-etienne","8":"tag-actu","9":"tag-actualites","10":"tag-auvergne-rhone-alpes","11":"tag-btp-et-chantiers","12":"tag-economie","13":"tag-edition-loire-sud","14":"tag-eu","15":"tag-europe","16":"tag-fr","17":"tag-france","18":"tag-news","19":"tag-republique-francaise","20":"tag-saint-etienne","21":"tag-saint-etienne-ville","22":"tag-social"},"share_on_mastodon":{"url":"https:\/\/pubeurope.com\/@fr\/115244339345418141","error":""},"_links":{"self":[{"href":"https:\/\/www.europesays.com\/fr\/wp-json\/wp\/v2\/posts\/407998","targetHints":{"allow":["GET"]}}],"collection":[{"href":"https:\/\/www.europesays.com\/fr\/wp-json\/wp\/v2\/posts"}],"about":[{"href":"https:\/\/www.europesays.com\/fr\/wp-json\/wp\/v2\/types\/post"}],"author":[{"embeddable":true,"href":"https:\/\/www.europesays.com\/fr\/wp-json\/wp\/v2\/users\/2"}],"replies":[{"embeddable":true,"href":"https:\/\/www.europesays.com\/fr\/wp-json\/wp\/v2\/comments?post=407998"}],"version-history":[{"count":0,"href":"https:\/\/www.europesays.com\/fr\/wp-json\/wp\/v2\/posts\/407998\/revisions"}],"wp:featuredmedia":[{"embeddable":true,"href":"https:\/\/www.europesays.com\/fr\/wp-json\/wp\/v2\/media\/407999"}],"wp:attachment":[{"href":"https:\/\/www.europesays.com\/fr\/wp-json\/wp\/v2\/media?parent=407998"}],"wp:term":[{"taxonomy":"category","embeddable":true,"href":"https:\/\/www.europesays.com\/fr\/wp-json\/wp\/v2\/categories?post=407998"},{"taxonomy":"post_tag","embeddable":true,"href":"https:\/\/www.europesays.com\/fr\/wp-json\/wp\/v2\/tags?post=407998"}],"curies":[{"name":"wp","href":"https:\/\/api.w.org\/{rel}","templated":true}]}}