{"id":408020,"date":"2025-09-21T21:26:33","date_gmt":"2025-09-21T21:26:33","guid":{"rendered":"https:\/\/www.europesays.com\/fr\/408020\/"},"modified":"2025-09-21T21:26:33","modified_gmt":"2025-09-21T21:26:33","slug":"18-nouveaux-restos-bars-et-patisseries-a-decouvrir-a-strasbourg","status":"publish","type":"post","link":"https:\/\/www.europesays.com\/fr\/408020\/","title":{"rendered":"18 nouveaux restos, bars et p\u00e2tisseries \u00e0 d\u00e9couvrir \u00e0 Strasbourg"},"content":{"rendered":"<p><strong>Il s\u2019en est pass\u00e9 des choses ces derniers mois dans le vaste monde de la restauration strasbourgeoise. Caf\u00e9s, petits restaurants, p\u00e2tisseries ou bars de quartier, qui est entr\u00e9 dans l\u2019aventure depuis le d\u00e9but du printemps dernier ? On vous a fait une petite s\u00e9lection de lieux qui ont peut-\u00eatre ouvert juste en bas de chez vous. N\u2019h\u00e9sitez pas \u00e0 partager avec nous vos nouvelles adresses pr\u00e9f\u00e9r\u00e9es, car on en a certainement oubli\u00e9.<\/strong><\/p>\n<p>\u00ab\u00a0T\u2019as vu,<strong> un nouveau restaurant a ouvert<\/strong>\u00a0dans la rue pr\u00e8s du man\u00e8ge, <strong>comment il s\u2019appelle d\u00e9j\u00e0 ? <\/strong>\u00bb Pour \u00e9viter au maximum cette situation, on vous a fait <strong>une s\u00e9lection de 18 adresses aussi fra\u00eeches<\/strong> qu\u2019une bonne baguette matinale. Elles ont <strong>ouvert un peu partout \u00e0 Strasbourg<\/strong>, et <strong>il se pourrait bien que vous les croisiez<\/strong> dans les prochains jours. \u00c0 vos notes !<\/p>\n<p>    <img width=\"800\" height=\"600\" src=\"https:\/\/www.europesays.com\/fr\/wp-content\/uploads\/2025\/09\/314418045-3527526350809161-4336879267797697231-n-800x600.jpg\" class=\"attachment-image-size-L size-image-size-L\" alt=\"Strasbourg nacelle nacel + hauteur panorama cath\u00e9drale toits hauteur\" decoding=\"async\" loading=\"lazy\"  \/>         \u00a9 Coraline Lafon \/ Pokaa <\/p>\n<p>La Fantha\u00efsie (resto asiatique)<\/p>\n<p>Ouvert <strong>\u00e0 la place de Alma<\/strong>, le restaurant La Fantha\u00efsie s\u2019est doucement fait une place <strong>au c\u0153ur de la discr\u00e8te rue Hannong<\/strong>. Des plats tha\u00eflandais, <strong>des cr\u00e9ations aux influences chinoises, japonaises et ta\u00efwanaises<\/strong>, les saveurs se m\u00e9langent dans ce<strong> petit restaurant plein de charme<\/strong> o\u00f9 il fait bon prendre son temps. On a beaucoup aim\u00e9 cette adresse, et <strong>l\u2019histoire du couple qui la fait vivre<\/strong>. Et \u00e9videmment, <strong>on s\u2019y r\u00e9gale.<\/strong><\/p>\n<p><strong>Le bon plan<\/strong> : le menu du jour (comme un plateau d\u00e9gustation entr\u00e9e + plat + dessert) est \u00e0 18,90\u20ac.<\/p>\n<p style=\"text-align: center;\"><strong>18 rue Hannong, \u00e0 Strasbourg<\/strong><br \/><strong><a href=\"https:\/\/www.google.com\/url?sa=t&amp;source=web&amp;rct=j&amp;opi=89978449&amp;url=https:\/\/www.instagram.com\/la.fanthaisie.resto\/&amp;ved=2ahUKEwjTubvP4OSPAxWMVKQEHYr6EUEQFnoECBUQAQ&amp;usg=AOvVaw0kP-RK6Be5ZsoUzmQozaEZ\" target=\"_blank\" rel=\"noopener\">La page Instagram<\/a>\u00a0<\/strong><\/p>\n<p>                <a href=\"https:\/\/pokaa.fr\/2025\/07\/14\/la-fanthaisie-a-strasbourg-ce-nouveau-restaurant-mele-passion-et-saveurs-dasie\/\" target=\"_blank\" rel=\"noopener\"><br \/>\n                    <img width=\"450\" height=\"270\" src=\"https:\/\/www.europesays.com\/fr\/wp-content\/uploads\/2025\/09\/okk-450x270.png\" class=\"attachment-card-horizontal--same-subject size-card-horizontal--same-subject wp-post-image\" alt=\"\" decoding=\"async\" loading=\"lazy\"\/>                <\/a><\/p>\n<p>                <img width=\"375\" height=\"500\" src=\"https:\/\/www.europesays.com\/fr\/wp-content\/uploads\/2025\/07\/restaurant-fusion-thailandais-la-fanthaisie-img-4287-375x500.jpeg\" class=\"attachment-gallery size-gallery\" alt=\"restaurant fusion thailandais la fanthaisie IMG_4287\" data-full-url=\"https:\/\/pokaa.fr\/wp-content\/uploads\/2025\/07\/10\/restaurant-fusion-thailandais-la-fanthaisie-img-4287.jpeg\" decoding=\"async\" loading=\"lazy\"  \/>            <\/p>\n<p>                <img width=\"375\" height=\"500\" src=\"https:\/\/www.europesays.com\/fr\/wp-content\/uploads\/2025\/07\/restaurant-fusion-thailandais-la-fanthaisie-img-4327-375x500.jpeg\" class=\"attachment-gallery size-gallery\" alt=\"restaurant fusion thailandais la fanthaisie IMG_4327\" data-full-url=\"https:\/\/pokaa.fr\/wp-content\/uploads\/2025\/07\/10\/restaurant-fusion-thailandais-la-fanthaisie-img-4327.jpeg\" decoding=\"async\" loading=\"lazy\"  \/>            <\/p>\n<p>                <img width=\"375\" height=\"500\" src=\"https:\/\/www.europesays.com\/fr\/wp-content\/uploads\/2025\/07\/restaurant-fusion-thailandais-la-fanthaisie-img-4215-2-375x500.jpeg\" class=\"attachment-gallery size-gallery\" alt=\"restaurant fusion thailandais la fanthaisie IMG_4215 2\" data-full-url=\"https:\/\/pokaa.fr\/wp-content\/uploads\/2025\/07\/10\/restaurant-fusion-thailandais-la-fanthaisie-img-4215-2.jpeg\" decoding=\"async\" loading=\"lazy\"  \/>            <\/p>\n<p>                <img width=\"375\" height=\"500\" src=\"https:\/\/www.europesays.com\/fr\/wp-content\/uploads\/2025\/07\/restaurant-fusion-thailandais-la-fanthaisie-img-4129-375x500.jpeg\" class=\"attachment-gallery size-gallery\" alt=\"restaurant fusion thailandais la fanthaisie IMG_4129\" data-full-url=\"https:\/\/pokaa.fr\/wp-content\/uploads\/2025\/07\/10\/restaurant-fusion-thailandais-la-fanthaisie-img-4129.jpeg\" decoding=\"async\" loading=\"lazy\"  \/>            <\/p>\n<p>                <img width=\"375\" height=\"500\" src=\"https:\/\/www.europesays.com\/fr\/wp-content\/uploads\/2025\/07\/restaurant-fusion-thailandais-la-fanthaisie-img-4340-375x500.jpeg\" class=\"attachment-gallery size-gallery\" alt=\"restaurant fusion thailandais la fanthaisie IMG_4340\" data-full-url=\"https:\/\/pokaa.fr\/wp-content\/uploads\/2025\/07\/10\/restaurant-fusion-thailandais-la-fanthaisie-img-4340.jpeg\" decoding=\"async\" loading=\"lazy\"  \/>            <\/p>\n<p>                    \u00a9 Bastien Pietronave \/ Pokaa<\/p>\n<p>La Base (bar \u00e0 bi\u00e8res + resto street food)<\/p>\n<p>En avril dernier, le bar \u00ab Peau d\u2019Vache \u00bb <strong>laissait d\u00e9finitivement sa place \u00e0 La Base<\/strong>, un \u00e9tablissement plein de surprises. <strong>Des bi\u00e8res artisanales et locales<\/strong>, une proposition <strong>qui m\u00eale street food de qualit\u00e9 et petits plats mijot\u00e9s<\/strong>, la carte est vraiment bien construite pour un bar de quartier. Une <strong>terrasse ensoleill\u00e9e, un int\u00e9rieur lumineux<\/strong> et des \u00e9v\u00e9nements ponctuels viennent finir le tableau de cette <strong>jolie nouveaut\u00e9,<\/strong> qui devient d\u00e9j\u00e0 un repaire pour de nombreux\/ses Strasbourgeois(es).<\/p>\n<p><strong>Le bon plan<\/strong> : l\u2019happy hour de 17h \u00e0 19h (la bi\u00e8re blonde \u00e0 4,37\u20ac).<\/p>\n<p style=\"text-align: center;\"><strong>2 avenue Jean-Jaur\u00e8s, \u00e0 Strasbourg<\/strong><br \/><a href=\"https:\/\/www.google.com\/url?sa=t&amp;source=web&amp;rct=j&amp;opi=89978449&amp;url=https:\/\/www.instagram.com\/labase_strasbourg\/%3Fhl%3Dfr&amp;ved=2ahUKEwjH1uyo4eSPAxXzdqQEHWE-D6AQFnoECAkQAQ&amp;usg=AOvVaw2PNE3SWTDFje-_vfFWJOwP\" target=\"_blank\" rel=\"noopener\"><strong>La page Instagram<\/strong><\/a><\/p>\n<p>                <a href=\"https:\/\/pokaa.fr\/2025\/09\/14\/la-base-le-nouveau-repaire-strasbourgeois-qui-mele-street-food-et-bieres-artisanales\/\" target=\"_blank\" rel=\"noopener\"><br \/>\n                    <img width=\"450\" height=\"270\" src=\"https:\/\/www.europesays.com\/fr\/wp-content\/uploads\/2025\/09\/la-base-bar-restaurant-burger-tapas-img-8565-2-450x270.jpeg\" class=\"attachment-card-horizontal--same-subject size-card-horizontal--same-subject wp-post-image\" alt=\"\" decoding=\"async\" loading=\"lazy\"\/>                <\/a><\/p>\n<p>                <img width=\"330\" height=\"500\" src=\"https:\/\/www.europesays.com\/fr\/wp-content\/uploads\/2025\/09\/la-base-bar-restaurant-burger-tapas-img-8909-2-330x500.jpeg\" class=\"attachment-gallery size-gallery\" alt=\"La base bar restaurant burger tapas IMG_8909 2\" data-full-url=\"https:\/\/pokaa.fr\/wp-content\/uploads\/2025\/09\/11\/la-base-bar-restaurant-burger-tapas-img-8909-2.jpeg\" decoding=\"async\" loading=\"lazy\"  \/>            <\/p>\n<p>                <img width=\"375\" height=\"500\" src=\"https:\/\/www.europesays.com\/fr\/wp-content\/uploads\/2025\/09\/la-base-bar-restaurant-burger-tapas-img-8467-2-375x500.jpeg\" class=\"attachment-gallery size-gallery\" alt=\"La base bar restaurant burger tapas IMG_8467 2\" data-full-url=\"https:\/\/pokaa.fr\/wp-content\/uploads\/2025\/09\/11\/la-base-bar-restaurant-burger-tapas-img-8467-2.jpeg\" decoding=\"async\" loading=\"lazy\"  \/>            <\/p>\n<p>                <img width=\"375\" height=\"500\" src=\"https:\/\/www.europesays.com\/fr\/wp-content\/uploads\/2025\/09\/la-base-bar-restaurant-burger-tapas-img-8554-3-375x500.jpeg\" class=\"attachment-gallery size-gallery\" alt=\"La base bar restaurant burger tapas IMG_8554 3\" data-full-url=\"https:\/\/pokaa.fr\/wp-content\/uploads\/2025\/09\/11\/la-base-bar-restaurant-burger-tapas-img-8554-3.jpeg\" decoding=\"async\" loading=\"lazy\"  \/>            <\/p>\n<p>                <img width=\"375\" height=\"500\" src=\"https:\/\/www.europesays.com\/fr\/wp-content\/uploads\/2025\/09\/la-base-bar-restaurant-burger-tapas-img-8556-3-375x500.jpeg\" class=\"attachment-gallery size-gallery\" alt=\"La base bar restaurant burger tapas IMG_8556 3\" data-full-url=\"https:\/\/pokaa.fr\/wp-content\/uploads\/2025\/09\/11\/la-base-bar-restaurant-burger-tapas-img-8556-3.jpeg\" decoding=\"async\" loading=\"lazy\"  \/>            <\/p>\n<p>                <img width=\"375\" height=\"500\" src=\"https:\/\/www.europesays.com\/fr\/wp-content\/uploads\/2025\/09\/la-base-bar-restaurant-burger-tapas-img-8547-2-375x500.jpeg\" class=\"attachment-gallery size-gallery\" alt=\"La base bar restaurant burger tapas IMG_8547 2\" data-full-url=\"https:\/\/pokaa.fr\/wp-content\/uploads\/2025\/09\/11\/la-base-bar-restaurant-burger-tapas-img-8547-2.jpeg\" decoding=\"async\" loading=\"lazy\"  \/>            <\/p>\n<p>                    \u00a9 Bastien Pietronave \/ Pokaa<\/p>\n<p>Les Opportunistes (resto-bar avec inspirations du monde)<\/p>\n<p>Derri\u00e8re ce nom se cache <strong>un resto-bar \u00e9tonnant ouvert en ao\u00fbt dernier<\/strong> \u00e0 la place du resto russe le Transsib\u00e9rien. Au menu, on retrouve <strong>des petits plats \u00e0 partager, inspir\u00e9s des cuisines du monde<\/strong> (falafels, tacos ou encore poulet croustillant), mais aussi <strong>des assiettes plus travaill\u00e9es comme le curry de l\u00e9gumes ou le supr\u00eame de volaille<\/strong>. Mais ce qui ajoute du piment au chili con carne, c\u2019est <strong>ce syst\u00e8me de bourse qui fait varier le prix des boissons<\/strong> tout au long de la soir\u00e9e.<\/p>\n<p><strong>Le bon plan<\/strong> : gardez l\u2019oeil ouvert, le prix de certaines boissons peut baisser drastiquement en quelques minutes.<\/p>\n<p style=\"text-align: center;\"><strong>3 ruelle de la Bruche, \u00e0 Strasbourg<\/strong><br \/><strong><a href=\"https:\/\/www.google.com\/url?sa=t&amp;source=web&amp;rct=j&amp;opi=89978449&amp;url=https:\/\/www.instagram.com\/opportunistes.strasbourg\/&amp;ved=2ahUKEwiclPjS4uSPAxUGXaQEHf7qAkUQFnoECBYQAQ&amp;usg=AOvVaw1PV_BzxECXfli3wu19l1Ve\" target=\"_blank\" rel=\"noopener\">La page Instagram<\/a><\/strong><\/p>\n<p>                <a href=\"https:\/\/pokaa.fr\/2025\/08\/20\/bar-resto-et-krach-boursier-a-strasbourg-une-nouvelle-adresse-ouvre-pour-les-opportunistes\/\" target=\"_blank\" rel=\"noopener\"><br \/>\n                    <img width=\"450\" height=\"270\" src=\"https:\/\/www.europesays.com\/fr\/wp-content\/uploads\/2025\/09\/b4-450x270.png\" class=\"attachment-card-horizontal--same-subject size-card-horizontal--same-subject wp-post-image\" alt=\"\" decoding=\"async\" loading=\"lazy\"\/>                <\/a><\/p>\n<p>                <img width=\"375\" height=\"500\" src=\"https:\/\/www.europesays.com\/fr\/wp-content\/uploads\/2025\/08\/les-opportunistes-bar-restaurant-bourse-img-6637-375x500.jpeg\" class=\"attachment-gallery size-gallery\" alt=\"Les opportunistes bar restaurant bourse IMG_6637\" data-full-url=\"https:\/\/pokaa.fr\/wp-content\/uploads\/2025\/08\/20\/les-opportunistes-bar-restaurant-bourse-img-6637-1500x2000.jpeg\" decoding=\"async\" loading=\"lazy\"  \/>            <\/p>\n<p>                <img width=\"375\" height=\"500\" src=\"https:\/\/www.europesays.com\/fr\/wp-content\/uploads\/2025\/08\/les-opportunistes-bar-restaurant-bourse-img-6597-375x500.jpeg\" class=\"attachment-gallery size-gallery\" alt=\"Les opportunistes bar restaurant bourse IMG_6597\" data-full-url=\"https:\/\/pokaa.fr\/wp-content\/uploads\/2025\/08\/20\/les-opportunistes-bar-restaurant-bourse-img-6597-1500x2000.jpeg\" decoding=\"async\" loading=\"lazy\"  \/>            <\/p>\n<p>                <img width=\"375\" height=\"500\" src=\"https:\/\/www.europesays.com\/fr\/wp-content\/uploads\/2025\/09\/les-opportunistes-bar-restaurant-bourse-img-6535-375x500.jpeg\" class=\"attachment-gallery size-gallery\" alt=\"Les opportunistes bar restaurant bourse IMG_6535\" data-full-url=\"https:\/\/pokaa.fr\/wp-content\/uploads\/2025\/08\/20\/les-opportunistes-bar-restaurant-bourse-img-6535-1500x2000.jpeg\" decoding=\"async\" loading=\"lazy\"  \/>            <\/p>\n<p>                <img width=\"375\" height=\"500\" src=\"https:\/\/www.europesays.com\/fr\/wp-content\/uploads\/2025\/08\/les-opportunistes-bar-restaurant-bourse-img-6670-375x500.jpeg\" class=\"attachment-gallery size-gallery\" alt=\"Les opportunistes bar restaurant bourse IMG_6670\" data-full-url=\"https:\/\/pokaa.fr\/wp-content\/uploads\/2025\/08\/20\/les-opportunistes-bar-restaurant-bourse-img-6670-1500x2000.jpeg\" decoding=\"async\" loading=\"lazy\"  \/>            <\/p>\n<p>                <img width=\"375\" height=\"500\" src=\"https:\/\/www.europesays.com\/fr\/wp-content\/uploads\/2025\/08\/les-opportunistes-bar-restaurant-bourse-img-6698-375x500.jpeg\" class=\"attachment-gallery size-gallery\" alt=\"Les opportunistes bar restaurant bourse IMG_6698\" data-full-url=\"https:\/\/pokaa.fr\/wp-content\/uploads\/2025\/08\/20\/les-opportunistes-bar-restaurant-bourse-img-6698-1500x2000.jpeg\" decoding=\"async\" loading=\"lazy\"  \/>            <\/p>\n<p>                    \u00a9 Bastien Pietronave \/ Pokaa<\/p>\n<p>Le Gourmand &#8211; Bistrot de Plaisirs (resto fran\u00e7ais)<\/p>\n<p>C\u2019est l\u2019une de nos belles d\u00e9couvertes de ce printemps, <strong>une adresse qui nous veut du bien et que l\u2019on nomme Le Gourmand<\/strong>. Avec sa grande terrasse verdoyante et son int\u00e9rieur cosy, <strong>le chef Guillaume Scheer<\/strong> (qui officie dans son autre adresse Zuem Ysehuet) signe ici <strong>un nouveau restaurant flamboyant, plus accessible<\/strong>. D\u00e9sormais, c\u2019est<strong> Flavien Testart<\/strong>, son ancien second, <strong>qui tient la baraque et propose une cuisine de produits<\/strong>, \u00e0 la fran\u00e7aise, toujours <strong>sublim\u00e9e par des sauces<\/strong> dont la maison a le secret.<\/p>\n<p><strong>Le bon plan<\/strong> : le menu d\u00e9jeuner (du mardi au samedi compris) propos\u00e9 \u00e0 28\u20ac.<\/p>\n<p style=\"text-align: center;\"><strong>35 route du G\u00e9n\u00e9ral-de-Gaulle, \u00e0 Schiltigheim<\/strong><br \/><strong><a href=\"https:\/\/www.google.com\/url?sa=t&amp;source=web&amp;rct=j&amp;opi=89978449&amp;url=https:\/\/gourmand.alsace\/le-bistrot\/&amp;ved=2ahUKEwidlcGV4-SPAxU_NPsDHcWsGRYQFnoECBwQAQ&amp;usg=AOvVaw0vi8gcF0cT7sdrUQabSh8u\" target=\"_blank\" rel=\"noopener\">Le site web<\/a><\/strong><\/p>\n<p>                <a href=\"https:\/\/pokaa.fr\/2025\/06\/16\/le-gourmand-a-schiltigheim-un-chef-alsacien-etoile-inaugure-un-bistrot-moderne\/\" target=\"_blank\" rel=\"noopener\"><br \/>\n                    <img width=\"450\" height=\"270\" src=\"https:\/\/www.europesays.com\/fr\/wp-content\/uploads\/2025\/09\/c1-450x270.png\" class=\"attachment-card-horizontal--same-subject size-card-horizontal--same-subject wp-post-image\" alt=\"\" decoding=\"async\" loading=\"lazy\"\/>                <\/a><\/p>\n<p>                <img width=\"375\" height=\"500\" src=\"https:\/\/www.europesays.com\/fr\/wp-content\/uploads\/2025\/09\/le-gourmand-schiltigheim-terrasse-img-0605-375x500.jpeg\" class=\"attachment-gallery size-gallery\" alt=\"Le gourmand schiltigheim terrasse IMG_0605\" data-full-url=\"https:\/\/pokaa.fr\/wp-content\/uploads\/2025\/06\/13\/le-gourmand-schiltigheim-terrasse-img-0605.jpeg\" decoding=\"async\" loading=\"lazy\"  \/>            <\/p>\n<p>                <img width=\"375\" height=\"500\" src=\"https:\/\/www.europesays.com\/fr\/wp-content\/uploads\/2025\/06\/le-gourmand-schiltigheim-terrasse-img-0851-375x500.jpeg\" class=\"attachment-gallery size-gallery\" alt=\"Le gourmand schiltigheim terrasse IMG_0851\" data-full-url=\"https:\/\/pokaa.fr\/wp-content\/uploads\/2025\/06\/13\/le-gourmand-schiltigheim-terrasse-img-0851.jpeg\" decoding=\"async\" loading=\"lazy\"  \/>            <\/p>\n<p>                <img width=\"375\" height=\"500\" src=\"https:\/\/www.europesays.com\/fr\/wp-content\/uploads\/2025\/09\/le-gourmand-schiltigheim-terrasse-img-0583-375x500.jpeg\" class=\"attachment-gallery size-gallery\" alt=\"Le gourmand schiltigheim terrasse IMG_0583\" data-full-url=\"https:\/\/pokaa.fr\/wp-content\/uploads\/2025\/06\/13\/le-gourmand-schiltigheim-terrasse-img-0583.jpeg\" decoding=\"async\" loading=\"lazy\"  \/>            <\/p>\n<p>                <img width=\"375\" height=\"500\" src=\"https:\/\/www.europesays.com\/fr\/wp-content\/uploads\/2025\/06\/le-gourmand-schiltigheim-terrasse-img-0638-375x500.jpeg\" class=\"attachment-gallery size-gallery\" alt=\"Le gourmand schiltigheim terrasse IMG_0638\" data-full-url=\"https:\/\/pokaa.fr\/wp-content\/uploads\/2025\/06\/13\/le-gourmand-schiltigheim-terrasse-img-0638.jpeg\" decoding=\"async\" loading=\"lazy\"  \/>            <\/p>\n<p>                <img width=\"375\" height=\"500\" src=\"https:\/\/www.europesays.com\/fr\/wp-content\/uploads\/2025\/06\/le-gourmand-schiltigheim-terrasse-img-0781-375x500.jpeg\" class=\"attachment-gallery size-gallery\" alt=\"Le gourmand schiltigheim terrasse IMG_0781\" data-full-url=\"https:\/\/pokaa.fr\/wp-content\/uploads\/2025\/06\/13\/le-gourmand-schiltigheim-terrasse-img-0781.jpeg\" decoding=\"async\" loading=\"lazy\"  \/>            <\/p>\n<p>                    \u00a9 Bastien Pietronave \/ Pokaa<\/p>\n<p>Jaune Citron (p\u00e2tisserie)<\/p>\n<p>On ne pr\u00e9sente plus Jaune Citron, <strong>cette p\u00e2tisserie qui fait fondre les c\u0153urs et grimper la glyc\u00e9mie<\/strong>. En place au milieu de la tr\u00e8s discr\u00e8te rue de l\u2019Ail o\u00f9 elle deal des cookies, des marbr\u00e9s et autres p\u00e2tisseries d\u00e9licates, <strong>la marque ouvrira bient\u00f4t une nouvelle adresse dans la Grand\u2019Rue<\/strong>. Un salon de th\u00e9, une terrasse, <strong>des places assises en pagaille et un lieu lumineux refait \u00e0 neuf<\/strong>, la p\u00e2tissi\u00e8re Laura Schneider et son \u00e9quipe frappent l\u00e0 un tr\u00e8s grand coup. <strong>Ouverture prochaine.<\/strong><\/p>\n<p style=\"text-align: center;\"><strong>17 rue de l\u2019Ail + 39 Grand\u2019Rue, \u00e0 Strasbourg<br \/><a href=\"https:\/\/www.instagram.com\/jaunecitron__\/?hl=fr\" target=\"_blank\" rel=\"noopener\">La page Instagram<\/a><\/strong><\/p>\n<p>                <a href=\"https:\/\/pokaa.fr\/2023\/05\/10\/jaune-citron-patisseries-savoureuses-qui-font-craquer-strasbourg\/\" target=\"_blank\" rel=\"noopener\"><br \/>\n                    <img width=\"450\" height=\"270\" src=\"https:\/\/www.europesays.com\/fr\/wp-content\/uploads\/2025\/09\/image00040-1-450x270.jpeg\" class=\"attachment-card-horizontal--same-subject size-card-horizontal--same-subject wp-post-image\" alt=\"\" decoding=\"async\" loading=\"lazy\"\/>                <\/a><\/p>\n<p>                <img width=\"691\" height=\"500\" src=\"https:\/\/www.europesays.com\/fr\/wp-content\/uploads\/2025\/09\/image00036-1-691x500.jpeg\" class=\"attachment-gallery size-gallery\" alt=\"Jaune Citron p\u00e2tisserie salon de th\u00e9\" data-full-url=\"https:\/\/pokaa.fr\/wp-content\/uploads\/2023\/05\/image00036-1.jpeg\" decoding=\"async\" loading=\"lazy\"  \/>            <\/p>\n<p>                <img width=\"667\" height=\"500\" src=\"https:\/\/www.europesays.com\/fr\/wp-content\/uploads\/2025\/09\/image00040-1-667x500.jpeg\" class=\"attachment-gallery size-gallery\" alt=\"Jaune Citron p\u00e2tisserie salon de th\u00e9\" data-full-url=\"https:\/\/pokaa.fr\/wp-content\/uploads\/2023\/05\/image00040-1.jpeg\" decoding=\"async\" loading=\"lazy\"  \/>            <\/p>\n<p>                <img width=\"667\" height=\"500\" src=\"https:\/\/www.europesays.com\/fr\/wp-content\/uploads\/2025\/09\/image00016-3-667x500.jpeg\" class=\"attachment-gallery size-gallery\" alt=\"Jaune Citron p\u00e2tisserie salon de th\u00e9\" data-full-url=\"https:\/\/pokaa.fr\/wp-content\/uploads\/2023\/05\/image00016-3.jpeg\" decoding=\"async\" loading=\"lazy\"  \/>            <\/p>\n<p>                <img width=\"667\" height=\"500\" src=\"https:\/\/www.europesays.com\/fr\/wp-content\/uploads\/2025\/09\/image00026-2-667x500.jpeg\" class=\"attachment-gallery size-gallery\" alt=\"Jaune Citron p\u00e2tisserie salon de th\u00e9\" data-full-url=\"https:\/\/pokaa.fr\/wp-content\/uploads\/2023\/05\/image00026-2.jpeg\" decoding=\"async\" loading=\"lazy\"  \/>            <\/p>\n<p>                    \u00a9 Bastien Pietronave \/ Pokaa<\/p>\n<p>Chez Paulette (resto fran\u00e7ais et alsacien)<\/p>\n<p>Au milieu du quartier r\u00e9sidentiel du Neudorf,<strong> un nouveau restaurant a ouvert \u00e0 la place de Sel et Poivre<\/strong>, une institution qui s\u2019\u00e9tait laiss\u00e9e mourir \u00e0 petit feu, jusqu\u2019\u00e0 tr\u00e9passer. \u00c0 la place, on entre <strong>Chez Paulette, un bistro qui semble avoir toujours \u00e9t\u00e9 l\u00e0<\/strong>, tellement elle se fond dans le paysage. Des <strong>viandes tendres, des plats mijot\u00e9s<\/strong>, un accueil chaleureux et <strong>une ambiance d\u2019antan sans tomber dans le clich\u00e9<\/strong>, c\u2019est rassurant de voir que ce genre d\u2019adresse peut ressurgir d\u2019un pass\u00e9 pas si lointain.<\/p>\n<p><strong>Le bon plan<\/strong> : le midi, la formule entr\u00e9e + plat est \u00e0 13,90\u20ac !<\/p>\n<p style=\"text-align: center;\"><strong>18 rue du Neufeld, \u00e0 Strasbourg<\/strong><br \/><strong><a href=\"https:\/\/www.google.com\/url?sa=t&amp;source=web&amp;rct=j&amp;opi=89978449&amp;url=https:\/\/www.restaurantchezpaulette.fr\/&amp;ved=2ahUKEwjJorDN5OSPAxU7VKQEHR51GcYQFnoECBsQAQ&amp;usg=AOvVaw0VJT8z7PNjiDZGeX3mvYgP\" target=\"_blank\" rel=\"noopener\">Le site web<\/a><\/strong><\/p>\n<p>                <a href=\"https:\/\/pokaa.fr\/2025\/05\/26\/avec-chez-paulette-le-neudorf-retrouve-lun-de-ses-bistrots-de-quartier-historique\/\" target=\"_blank\" rel=\"noopener\"><br \/>\n                    <img width=\"450\" height=\"270\" src=\"https:\/\/www.europesays.com\/fr\/wp-content\/uploads\/2025\/09\/chez-paulette-paleron-boeuf-dessert-bistrot-chez-paulette-paleron-boeuf-dessert-bistrot-img-7434-450.jpeg\" class=\"attachment-card-horizontal--same-subject size-card-horizontal--same-subject wp-post-image\" alt=\"\" decoding=\"async\" loading=\"lazy\"\/>                <\/a><\/p>\n<p>                <img width=\"375\" height=\"500\" src=\"https:\/\/www.europesays.com\/fr\/wp-content\/uploads\/2025\/05\/chez-paulette-paleron-boeuf-dessert-bistrot-chez-paulette-paleron-boeuf-dessert-bistrot-img-7373-3-3.jpeg\" class=\"attachment-gallery size-gallery\" alt=\"Chez paulette paleron boeuf dessert bistrot Chez paulette paleron boeuf dessert bistrot IMG_7373 3\" data-full-url=\"https:\/\/pokaa.fr\/wp-content\/uploads\/2025\/05\/22\/chez-paulette-paleron-boeuf-dessert-bistrot-chez-paulette-paleron-boeuf-dessert-bistrot-img-7373-3.jpeg\" decoding=\"async\" loading=\"lazy\"  \/>            <\/p>\n<p>                <img width=\"375\" height=\"500\" src=\"https:\/\/www.europesays.com\/fr\/wp-content\/uploads\/2025\/05\/chez-paulette-paleron-boeuf-dessert-bistrot-chez-paulette-paleron-boeuf-dessert-bistrot-img-7352-375.jpeg\" class=\"attachment-gallery size-gallery\" alt=\"Chez paulette paleron boeuf dessert bistrot Chez paulette paleron boeuf dessert bistrot IMG_7352\" data-full-url=\"https:\/\/pokaa.fr\/wp-content\/uploads\/2025\/05\/22\/chez-paulette-paleron-boeuf-dessert-bistrot-chez-paulette-paleron-boeuf-dessert-bistrot-img-7352.jpeg\" decoding=\"async\" loading=\"lazy\"  \/>            <\/p>\n<p>                <img width=\"375\" height=\"500\" src=\"https:\/\/www.europesays.com\/fr\/wp-content\/uploads\/2025\/09\/chez-paulette-paleron-boeuf-dessert-bistrot-chez-paulette-paleron-boeuf-dessert-bistrot-img-7387-2-3.jpeg\" class=\"attachment-gallery size-gallery\" alt=\"Chez paulette paleron boeuf dessert bistrot Chez paulette paleron boeuf dessert bistrot IMG_7387 2\" data-full-url=\"https:\/\/pokaa.fr\/wp-content\/uploads\/2025\/05\/22\/chez-paulette-paleron-boeuf-dessert-bistrot-chez-paulette-paleron-boeuf-dessert-bistrot-img-7387-2.jpeg\" decoding=\"async\" loading=\"lazy\"  \/>            <\/p>\n<p>                <img width=\"375\" height=\"500\" src=\"https:\/\/www.europesays.com\/fr\/wp-content\/uploads\/2025\/05\/chez-paulette-paleron-boeuf-dessert-bistrot-chez-paulette-paleron-boeuf-dessert-bistrot-img-7426-2-3.jpeg\" class=\"attachment-gallery size-gallery\" alt=\"Chez paulette paleron boeuf dessert bistrot Chez paulette paleron boeuf dessert bistrot IMG_7426 2\" data-full-url=\"https:\/\/pokaa.fr\/wp-content\/uploads\/2025\/05\/22\/chez-paulette-paleron-boeuf-dessert-bistrot-chez-paulette-paleron-boeuf-dessert-bistrot-img-7426-2.jpeg\" decoding=\"async\" loading=\"lazy\"  \/>            <\/p>\n<p>                <img width=\"375\" height=\"500\" src=\"https:\/\/www.europesays.com\/fr\/wp-content\/uploads\/2025\/05\/chez-paulette-paleron-boeuf-dessert-bistrot-img-7397-375x500.jpeg\" class=\"attachment-gallery size-gallery\" alt=\"Chez paulette paleron boeuf dessert bistrot IMG_7397\" data-full-url=\"https:\/\/pokaa.fr\/wp-content\/uploads\/2025\/05\/22\/chez-paulette-paleron-boeuf-dessert-bistrot-img-7397.jpeg\" decoding=\"async\" loading=\"lazy\"  \/>            <\/p>\n<p>                    \u00a9 Bastien Pietronave \/ Pokaa<\/p>\n<p>Pho Asia (resto vietnamien)<\/p>\n<p>Apr\u00e8s son dernier voyage, <strong>le restaurant Pacific Princess est rentr\u00e9 \u00e0 quai<\/strong>. D\u00e9sormais, \u00e0 la place de cette adresse qui avait connu son heure de gloire il y a quelques ann\u00e9es au coeur de la Petite France, <strong>on d\u00e9couvre une adresse plus consensuelle, un restaurant vietnamien appel\u00e9 Pho Asia.<\/strong><\/p>\n<p><strong>Le bon plan<\/strong> : les tarifs ne sont pas d\u00e9connants, entre 14 et 18\u20ac (mais on n\u2019a pas encore test\u00e9).<\/p>\n<p style=\"text-align: center;\"><strong>1 rue des Dentelles, \u00e0 Strasbourg<\/strong><br \/><strong><a href=\"https:\/\/www.google.com\/url?sa=t&amp;source=web&amp;rct=j&amp;opi=89978449&amp;url=https:\/\/pho-asia.eatbu.com\/&amp;ved=2ahUKEwi-uIax5eSPAxVXVaQEHW_bAgEQFnoECBYQAQ&amp;usg=AOvVaw2Xh06Snl-owBBpaec2RoBx\" target=\"_blank\" rel=\"noopener\">Le site web<\/a><\/strong><\/p>\n<p>Hacienda Bernadette (bar de quartier)<\/p>\n<p>On dit <strong>bon vent \u00e0 Spuntino<\/strong>, le bar \u00e0 focaccia situ\u00e9 rue des Aveugles, et on souhaite la bienvenue \u00e0 <strong>l\u2019Hacienda Bernadette, un bar qui fait pas mal parler de lui<\/strong>. Une ambiance de bar de quartier au c\u0153ur de la ville, <strong>des bi\u00e8res artisanales et des vins de belle qualit\u00e9<\/strong>, le tout entrecoup\u00e9 d\u2019une bonne charcuterie : <strong>les produits de qualit\u00e9 et des \u00e9v\u00e9nements<\/strong> sont au rendez-vous dans ce lieu qui m\u00e9rite le d\u00e9tour.<\/p>\n<p><strong>Le bon plan<\/strong> : de 16h \u00e0 19h30, c\u2019est happy hour sur les bi\u00e8res et certains cocktails.<\/p>\n<p style=\"text-align: center;\"><strong>3 rue de Aveugles, \u00e0 Strasbourg<\/strong><br \/><strong><a href=\"https:\/\/www.google.com\/url?sa=t&amp;source=web&amp;rct=j&amp;opi=89978449&amp;url=https:\/\/www.instagram.com\/hacienda.bernadette\/%3Fhl%3Dfr&amp;ved=2ahUKEwjlypbW5eSPAxXnQ6QEHaBFGegQFnoECEIQAQ&amp;usg=AOvVaw19bybr6_dZk5XIGMxzFoJa\" target=\"_blank\" rel=\"noopener\">La page Facebook<\/a><\/strong><\/p>\n<p>                <img width=\"424\" height=\"500\" src=\"https:\/\/www.europesays.com\/fr\/wp-content\/uploads\/2025\/09\/hacienda-bernadette-bar-img-9487-424x500.jpg\" class=\"attachment-gallery size-gallery\" alt=\"Hacienda Bernadette bar IMG_9487\" data-full-url=\"https:\/\/pokaa.fr\/wp-content\/uploads\/2025\/09\/19\/hacienda-bernadette-bar-img-9487.jpg\" decoding=\"async\" loading=\"lazy\"  \/>            <\/p>\n<p>                <img width=\"433\" height=\"500\" src=\"https:\/\/www.europesays.com\/fr\/wp-content\/uploads\/2025\/09\/la-bonne-source-restaurant-francaisimg-9488-433x500.jpg\" class=\"attachment-gallery size-gallery\" alt=\"La bonne source restaurant fran\u00e7aisIMG_9488\" data-full-url=\"https:\/\/pokaa.fr\/wp-content\/uploads\/2025\/09\/19\/la-bonne-source-restaurant-francaisimg-9488.jpg\" decoding=\"async\" loading=\"lazy\"  \/>            <\/p>\n<p>                <img width=\"406\" height=\"500\" src=\"https:\/\/www.europesays.com\/fr\/wp-content\/uploads\/2025\/09\/hacienda-bernadette-bar-img-9486-406x500.jpg\" class=\"attachment-gallery size-gallery\" alt=\"Hacienda Bernadette bar IMG_9486\" data-full-url=\"https:\/\/pokaa.fr\/wp-content\/uploads\/2025\/09\/19\/hacienda-bernadette-bar-img-9486.jpg\" decoding=\"async\" loading=\"lazy\"  \/>            <\/p>\n<p>                <img width=\"412\" height=\"500\" src=\"https:\/\/www.europesays.com\/fr\/wp-content\/uploads\/2025\/09\/hacienda-bernadette-bar-img-9485-412x500.jpg\" class=\"attachment-gallery size-gallery\" alt=\"Hacienda Bernadette bar IMG_9485\" data-full-url=\"https:\/\/pokaa.fr\/wp-content\/uploads\/2025\/09\/19\/hacienda-bernadette-bar-img-9485.jpg\" decoding=\"async\" loading=\"lazy\"  \/>            <\/p>\n<p>                <img width=\"389\" height=\"500\" src=\"https:\/\/www.europesays.com\/fr\/wp-content\/uploads\/2025\/09\/hacienda-bernadette-bar-img-9483-389x500.jpg\" class=\"attachment-gallery size-gallery\" alt=\"Hacienda Bernadette bar IMG_9483\" data-full-url=\"https:\/\/pokaa.fr\/wp-content\/uploads\/2025\/09\/19\/hacienda-bernadette-bar-img-9483.jpg\" decoding=\"async\" loading=\"lazy\"  \/>            <\/p>\n<p>                    \u00a9 Page Instagram de Hacienda Bernadette \/ Captures d&rsquo;\u00e9cran<\/p>\n<p>La Bonne Source (resto fran\u00e7ais)<\/p>\n<p>Lanc\u00e9<strong> \u00e0 l\u2019aube du printemps dans le quartier du Neudorf,<\/strong> le restaurant <strong>La Bonne Source<\/strong> s\u2019est faufil\u00e9 tr\u00e8s discr\u00e8tement dans le monde de la restauration strasbourgeoise. Pourtant,<strong> il a des choses \u00e0 montrer<\/strong>. <strong>Gibiers, tartes fa\u00e7on grand-m\u00e8re, p\u00e2t\u00e9 en cro\u00fbte, viandes en sauce<\/strong>, plats du jour et tartes flamb\u00e9es, les sp\u00e9cialit\u00e9s fran\u00e7aises sont \u00e0 l\u2019honneur dans ce spot qui sent bon <strong>la cuisine mijot\u00e9e et g\u00e9n\u00e9reuse<\/strong> sans trop en faire.<\/p>\n<p><strong>Le bon plan<\/strong> : le midi, du mercredi au vendredi, la formule plat + boisson + caf\u00e9 est \u00e0 18\u20ac.<\/p>\n<p style=\"text-align: center;\"><strong>18 rue du Lazaret, \u00e0 Strasbourg<\/strong><br \/><strong><a href=\"https:\/\/www.google.com\/url?sa=t&amp;source=web&amp;rct=j&amp;opi=89978449&amp;url=https:\/\/labonnesource.eatbu.com\/%3Flang%3Dfr&amp;ved=2ahUKEwjHiM345eSPAxX3KvsDHdyMKiAQFnoECEUQAQ&amp;usg=AOvVaw3dPyNhr8Com_Z4adXX0Ncf\" target=\"_blank\" rel=\"noopener\">Le site web<\/a><\/strong><\/p>\n<p>                <img width=\"346\" height=\"500\" src=\"https:\/\/www.europesays.com\/fr\/wp-content\/uploads\/2025\/09\/la-bonne-source-restaurant-francaisimg-9491-346x500.jpg\" class=\"attachment-gallery size-gallery\" alt=\"La bonne source restaurant fran\u00e7aisIMG_9491\" data-full-url=\"https:\/\/pokaa.fr\/wp-content\/uploads\/2025\/09\/19\/la-bonne-source-restaurant-francaisimg-9491.jpg\" decoding=\"async\" loading=\"lazy\"  \/>            <\/p>\n<p>                <img width=\"355\" height=\"500\" src=\"https:\/\/www.europesays.com\/fr\/wp-content\/uploads\/2025\/09\/la-presse-brasserie-francaisela-bonne-source-restaurant-francaisimg-9492-355x500.jpg\" class=\"attachment-gallery size-gallery\" alt=\"La bonne source restaurant fran\u00e7aisIMG_9492\" data-full-url=\"https:\/\/pokaa.fr\/wp-content\/uploads\/2025\/09\/19\/la-presse-brasserie-francaisela-bonne-source-restaurant-francaisimg-9492.jpg\" decoding=\"async\" loading=\"lazy\"  \/>            <\/p>\n<p>                <img width=\"399\" height=\"500\" src=\"https:\/\/www.europesays.com\/fr\/wp-content\/uploads\/2025\/09\/la-bonne-source-restaurant-francaisimg-9490-399x500.jpg\" class=\"attachment-gallery size-gallery\" alt=\"La bonne source restaurant fran\u00e7aisIMG_9490\" data-full-url=\"https:\/\/pokaa.fr\/wp-content\/uploads\/2025\/09\/19\/la-bonne-source-restaurant-francaisimg-9490.jpg\" decoding=\"async\" loading=\"lazy\"  \/>            <\/p>\n<p>                <img width=\"436\" height=\"500\" src=\"https:\/\/www.europesays.com\/fr\/wp-content\/uploads\/2025\/09\/la-bonne-source-restaurant-francaisimg-9489-436x500.jpg\" class=\"attachment-gallery size-gallery\" alt=\"La bonne source restaurant fran\u00e7aisIMG_9489\" data-full-url=\"https:\/\/pokaa.fr\/wp-content\/uploads\/2025\/09\/19\/la-bonne-source-restaurant-francaisimg-9489.jpg\" decoding=\"async\" loading=\"lazy\"  \/>            <\/p>\n<p>                    \u00a9 Page Instagram de La Bonne Source \/ Captures d&rsquo;\u00e9cran<\/p>\n<p>La Presse (brasserie fran\u00e7aise)<\/p>\n<p>Ouvert dans le quartier de la Plaine des Bouchers dans <strong>une ancienne fabrique de presse hydraulique<\/strong> (malin), on d\u00e9couvre <strong>un grand restaurant lumineux \u00e0 la d\u00e9co industrielle brute<\/strong>. Pi\u00e8ce de b\u0153uf, poitrine de cochon, tartare, agneau confit et autres \u00ab plats canailles \u00bb, <strong>la carte donne sacr\u00e9ment envie, et une partie de celle-ci est v\u00e9g\u00e9-friendly.<\/strong><\/p>\n<p><strong>Le bon plan<\/strong> : le menu du jour (entr\u00e9e + plat + dessert) est \u00e0 21,90\u20ac du lundi au vendredi.<\/p>\n<p style=\"text-align: center;\"><strong>79a rue de la Plaine des Bouchers, \u00e0 Strasbourg<\/strong><br \/><strong><a href=\"https:\/\/www.google.com\/url?sa=t&amp;source=web&amp;rct=j&amp;opi=89978449&amp;url=https:\/\/www.lapresse.restaurant\/&amp;ved=2ahUKEwiBtrHU5uSPAxUEU6QEHe9BHMkQFnoECBkQAQ&amp;usg=AOvVaw3p8E4kmCq-B0VyhuUqmwj6\" target=\"_blank\" rel=\"noopener\">Le site web<\/a><\/strong><\/p>\n<p>                <img width=\"399\" height=\"500\" src=\"https:\/\/www.europesays.com\/fr\/wp-content\/uploads\/2025\/09\/la-presse-brasserie-francaiseimg-9496-399x500.jpg\" class=\"attachment-gallery size-gallery\" alt=\"La Presse Brasserie Fran\u00e7aiseIMG_9496\" data-full-url=\"https:\/\/pokaa.fr\/wp-content\/uploads\/2025\/09\/19\/la-presse-brasserie-francaiseimg-9496.jpg\" decoding=\"async\" loading=\"lazy\"  \/>            <\/p>\n<p>                <img width=\"395\" height=\"500\" src=\"https:\/\/www.europesays.com\/fr\/wp-content\/uploads\/2025\/09\/la-presse-brasserie-francaiseimg-9494-395x500.jpg\" class=\"attachment-gallery size-gallery\" alt=\"La Presse Brasserie Fran\u00e7aiseIMG_9494\" data-full-url=\"https:\/\/pokaa.fr\/wp-content\/uploads\/2025\/09\/19\/la-presse-brasserie-francaiseimg-9494.jpg\" decoding=\"async\" loading=\"lazy\"  \/>            <\/p>\n<p>                <img width=\"329\" height=\"500\" src=\"https:\/\/www.europesays.com\/fr\/wp-content\/uploads\/2025\/09\/la-presse-brasserie-francaiseimg-9495-329x500.jpg\" class=\"attachment-gallery size-gallery\" alt=\"La Presse Brasserie Fran\u00e7aiseIMG_9495\" data-full-url=\"https:\/\/pokaa.fr\/wp-content\/uploads\/2025\/09\/19\/la-presse-brasserie-francaiseimg-9495.jpg\" decoding=\"async\" loading=\"lazy\"  \/>            <\/p>\n<p>                    \u00a9 Page Instagram de La Presse \/ Captures d&rsquo;\u00e9cran<\/p>\n<p>Zomsa (resto tib\u00e9tain)<\/p>\n<p>Depuis de longs mois,<strong> \u00e0 la place de What The Cake<\/strong>, on nous annon\u00e7ait l\u2019ouverture de <strong>Zomsa, un restaurant consacr\u00e9 \u00e0 la cuisine tib\u00e9taine et himalayenne<\/strong>. Aujourd\u2019hui, c\u2019est chose faite, et <strong>le petit restaurant chaleureux<\/strong> ne d\u00e9semplit pas. <strong>Currys parfum\u00e9s, boissons et desserts faits maison<\/strong>, et bien s\u00fbr les fameux momo tib\u00e9tains : <strong>toute une cuisine traditionnelle<\/strong> et une ambiance bien particuli\u00e8re sont \u00e0 d\u00e9couvrir.<\/p>\n<p><strong>Le bon plan<\/strong> : on vous conseille le Thali Himalayen, un plateau qui m\u00e9lange momo, curry, riz parfum\u00e9 et plusieurs autres douceurs.<\/p>\n<p style=\"text-align: center;\"><strong>51 rue du Foss\u00e9-des-Tanneurs, \u00e0 Strasbourg<\/strong><br \/><strong><a href=\"https:\/\/www.google.com\/url?sa=t&amp;source=web&amp;rct=j&amp;opi=89978449&amp;url=https:\/\/www.instagram.com\/zomsa_strasbourg\/%3Fhl%3Dfr&amp;ved=2ahUKEwiBl9365uSPAxXYU6QEHciZAu8QFnoECEsQAQ&amp;usg=AOvVaw0w4BUFZxK8LEzhWIqQSKQG\" target=\"_blank\" rel=\"noopener\">La page Instagram<\/a><\/strong><\/p>\n<p>Izumi (resto japonais)<\/p>\n<p><strong>La rue de la Haute-Mont\u00e9e<\/strong> (et c\u2019est tr\u00e8s rare) accueille <strong>un nouveau restaurant dans ses rangs<\/strong>, il s\u2019appelle Izumi. Les ramens y sont \u00e0 l\u2019honneur, ce sont les king de la maison. <strong>Les yakisoba ou les mazesoba<\/strong> (nouilles grill\u00e9es ou froides) compl\u00e8tent la carte de ce restaurant <strong>qui a aussi mis\u00e9 quelques billes sur sa d\u00e9co.<\/strong><\/p>\n<p><strong>Le bon plan<\/strong> : les tarifs sont vraiment abordables, le midi comme le soir (entre 14,90\u20ac et 17,90\u20ac).<\/p>\n<p style=\"text-align: center;\"><strong>21 rue de la Haute-Mont\u00e9e, \u00e0 Strasbourg<\/strong><br \/><strong><a href=\"https:\/\/www.instagram.com\/izumi_ramen_strasbourg\/\" target=\"_blank\" rel=\"noopener\">La page Instagram<\/a><\/strong><\/p>\n<p>                <img width=\"395\" height=\"500\" src=\"https:\/\/www.europesays.com\/fr\/wp-content\/uploads\/2025\/09\/izumi-restaurant-japonaisimg-9503-395x500.jpg\" class=\"attachment-gallery size-gallery\" alt=\"Izumi restaurant japonaisIMG_9503\" data-full-url=\"https:\/\/pokaa.fr\/wp-content\/uploads\/2025\/09\/19\/izumi-restaurant-japonaisimg-9503.jpg\" decoding=\"async\" loading=\"lazy\"  \/>            <\/p>\n<p>                <img width=\"396\" height=\"500\" src=\"https:\/\/www.europesays.com\/fr\/wp-content\/uploads\/2025\/09\/izumi-restaurant-japonaisimg-9502-396x500.jpg\" class=\"attachment-gallery size-gallery\" alt=\"Izumi restaurant japonaisIMG_9502\" data-full-url=\"https:\/\/pokaa.fr\/wp-content\/uploads\/2025\/09\/19\/izumi-restaurant-japonaisimg-9502.jpg\" decoding=\"async\" loading=\"lazy\"  \/>            <\/p>\n<p>                <img width=\"403\" height=\"500\" src=\"https:\/\/www.europesays.com\/fr\/wp-content\/uploads\/2025\/09\/izumi-restaurant-japonaisimg-9501-403x500.jpg\" class=\"attachment-gallery size-gallery\" alt=\"Izumi restaurant japonaisIMG_9501\" data-full-url=\"https:\/\/pokaa.fr\/wp-content\/uploads\/2025\/09\/19\/izumi-restaurant-japonaisimg-9501.jpg\" decoding=\"async\" loading=\"lazy\"  \/>            <\/p>\n<p>                <img width=\"401\" height=\"500\" src=\"https:\/\/www.europesays.com\/fr\/wp-content\/uploads\/2025\/09\/izumi-restaurant-japonaisimg-9500-401x500.jpg\" class=\"attachment-gallery size-gallery\" alt=\"Izumi restaurant japonaisIMG_9500\" data-full-url=\"https:\/\/pokaa.fr\/wp-content\/uploads\/2025\/09\/19\/izumi-restaurant-japonaisimg-9500.jpg\" decoding=\"async\" loading=\"lazy\"  \/>            <\/p>\n<p>                <img width=\"353\" height=\"500\" src=\"https:\/\/www.europesays.com\/fr\/wp-content\/uploads\/2025\/09\/izumi-restaurant-japonaisimg-9499-353x500.jpg\" class=\"attachment-gallery size-gallery\" alt=\"Izumi restaurant japonaisIMG_9499\" data-full-url=\"https:\/\/pokaa.fr\/wp-content\/uploads\/2025\/09\/19\/izumi-restaurant-japonaisimg-9499.jpg\" decoding=\"async\" loading=\"lazy\"  \/>            <\/p>\n<p>                    \u00a9 Page Instagram de Izumi \/ Captures d&rsquo;\u00e9cran<\/p>\n<p>Milo Caf\u00e9 (caf\u00e9 et salon de th\u00e9 vietnamien)<\/p>\n<p>Ouvert <strong>du c\u00f4t\u00e9 du Neudorf d\u00e9but 2025,<\/strong> le Milo Caf\u00e9 s\u2019est doucement faufil\u00e9 dans nos vies. <strong>Une ambiance tout en douceur, des caf\u00e9s en pagaille, un chat et du matcha<\/strong>, il fait bon s\u2019installer dans la chaleur de <strong>ce caf\u00e9 de quartier d\u2019inspiration vietnamienne<\/strong> qui est d\u00e9j\u00e0 devenu un repaire pour les habitu\u00e9(e)s.<\/p>\n<p><strong>Le bon plan<\/strong> : les p\u00e2tisseries sont \u00e0 tester !<\/p>\n<p style=\"text-align: center;\"><strong>104 route du Polygone, \u00e0 Strasbourg<\/strong><br \/><strong><a href=\"https:\/\/www.instagram.com\/milo.xinchao\/\" target=\"_blank\" rel=\"noopener\">La page Instagram<\/a><\/strong><\/p>\n<p>                <img width=\"419\" height=\"500\" src=\"https:\/\/www.europesays.com\/fr\/wp-content\/uploads\/2025\/09\/milo-cafe-img-9508-419x500.jpg\" class=\"attachment-gallery size-gallery\" alt=\"Milo Caf\u00e9 IMG_9508\" data-full-url=\"https:\/\/pokaa.fr\/wp-content\/uploads\/2025\/09\/19\/milo-cafe-img-9508.jpg\" decoding=\"async\" loading=\"lazy\"  \/>            <\/p>\n<p>                <img width=\"444\" height=\"500\" src=\"https:\/\/www.europesays.com\/fr\/wp-content\/uploads\/2025\/09\/milo-cafe-img-9506-444x500.jpg\" class=\"attachment-gallery size-gallery\" alt=\"Milo Caf\u00e9 IMG_9506\" data-full-url=\"https:\/\/pokaa.fr\/wp-content\/uploads\/2025\/09\/19\/milo-cafe-img-9506.jpg\" decoding=\"async\" loading=\"lazy\"  \/>            <\/p>\n<p>                <img width=\"327\" height=\"500\" src=\"https:\/\/www.europesays.com\/fr\/wp-content\/uploads\/2025\/09\/milo-cafe-img-9507-327x500.jpg\" class=\"attachment-gallery size-gallery\" alt=\"Milo Caf\u00e9 IMG_9507\" data-full-url=\"https:\/\/pokaa.fr\/wp-content\/uploads\/2025\/09\/19\/milo-cafe-img-9507.jpg\" decoding=\"async\" loading=\"lazy\"  \/>            <\/p>\n<p>                <img width=\"444\" height=\"500\" src=\"https:\/\/www.europesays.com\/fr\/wp-content\/uploads\/2025\/09\/milo-cafe-img-9509-444x500.jpg\" class=\"attachment-gallery size-gallery\" alt=\"Milo Caf\u00e9 IMG_9509\" data-full-url=\"https:\/\/pokaa.fr\/wp-content\/uploads\/2025\/09\/19\/milo-cafe-img-9509.jpg\" decoding=\"async\" loading=\"lazy\"  \/>            <\/p>\n<p>                <img width=\"426\" height=\"500\" src=\"https:\/\/www.europesays.com\/fr\/wp-content\/uploads\/2025\/09\/milo-cafe-img-9505-426x500.jpg\" class=\"attachment-gallery size-gallery\" alt=\"Milo Caf\u00e9 IMG_9505\" data-full-url=\"https:\/\/pokaa.fr\/wp-content\/uploads\/2025\/09\/19\/milo-cafe-img-9505.jpg\" decoding=\"async\" loading=\"lazy\"  \/>            <\/p>\n<p>                    \u00a9 Page Instagram de Milo Caf\u00e9 \/ Captures d&rsquo;\u00e9cran<\/p>\n<p>Yak Kitchen (resto tib\u00e9tain)<\/p>\n<p>Derri\u00e8re ce blase myst\u00e9rieux,<strong> un nouveau restaurant tib\u00e9tain, traditionnel et familial<\/strong>\u00a0s\u2019est install\u00e9 <strong>dans l\u2019ancienne pizzeria Cinecitta<\/strong>. On ne l\u2019a pas encore test\u00e9, mais on devrait s\u2019y rendre tr\u00e8s bient\u00f4t, car le bouche \u00e0 oreille laisse penser <strong>que l\u2019on a de belles choses \u00e0 d\u00e9couvrir.\u00a0<\/strong><\/p>\n<p style=\"text-align: center;\"><strong>5 rue de l\u2019Abreuvoir, \u00e0 Strasbourg<\/strong><br \/><strong><a href=\"https:\/\/www.google.com\/url?sa=t&amp;source=web&amp;rct=j&amp;opi=89978449&amp;url=https:\/\/www.instagram.com\/yakk.itchen\/&amp;ved=2ahUKEwjtqtTi7OSPAxVEAPsDHWjwONsQFnoECE8QAQ&amp;usg=AOvVaw2wQKvY39RlKlGQzjstHHsq\" target=\"_blank\" rel=\"noopener\">La page Instagram<\/a><\/strong><\/p>\n<p>                <img width=\"493\" height=\"500\" src=\"https:\/\/www.europesays.com\/fr\/wp-content\/uploads\/2025\/09\/restaurant-yak-kitchenimg-9514-493x500.jpg\" class=\"attachment-gallery size-gallery\" alt=\"restaurant Yak KitchenIMG_9514\" data-full-url=\"https:\/\/pokaa.fr\/wp-content\/uploads\/2025\/09\/19\/restaurant-yak-kitchenimg-9514.jpg\" decoding=\"async\" loading=\"lazy\"  \/>            <\/p>\n<p>                <img width=\"546\" height=\"500\" src=\"https:\/\/www.europesays.com\/fr\/wp-content\/uploads\/2025\/09\/restaurant-yak-kitchenimg-9512-546x500.jpg\" class=\"attachment-gallery size-gallery\" alt=\"restaurant Yak KitchenIMG_9512\" data-full-url=\"https:\/\/pokaa.fr\/wp-content\/uploads\/2025\/09\/19\/restaurant-yak-kitchenimg-9512.jpg\" decoding=\"async\" loading=\"lazy\"  \/>            <\/p>\n<p>                <img width=\"500\" height=\"500\" src=\"https:\/\/www.europesays.com\/fr\/wp-content\/uploads\/2025\/09\/restaurant-yak-kitchenimg-9513-500x500.jpg\" class=\"attachment-gallery size-gallery\" alt=\"restaurant Yak KitchenIMG_9513\" data-full-url=\"https:\/\/pokaa.fr\/wp-content\/uploads\/2025\/09\/19\/restaurant-yak-kitchenimg-9513.jpg\" decoding=\"async\" loading=\"lazy\"  \/>            <\/p>\n<p>                <img width=\"499\" height=\"500\" src=\"https:\/\/www.europesays.com\/fr\/wp-content\/uploads\/2025\/09\/restaurant-yak-kitchenimg-9511-499x500.jpg\" class=\"attachment-gallery size-gallery\" alt=\"restaurant Yak KitchenIMG_9511\" data-full-url=\"https:\/\/pokaa.fr\/wp-content\/uploads\/2025\/09\/19\/restaurant-yak-kitchenimg-9511.jpg\" decoding=\"async\" loading=\"lazy\"  \/>            <\/p>\n<p>                <img width=\"536\" height=\"500\" src=\"https:\/\/www.europesays.com\/fr\/wp-content\/uploads\/2025\/09\/restaurant-yak-kitchenimg-9510-536x500.jpg\" class=\"attachment-gallery size-gallery\" alt=\"restaurant Yak KitchenIMG_9510\" data-full-url=\"https:\/\/pokaa.fr\/wp-content\/uploads\/2025\/09\/19\/restaurant-yak-kitchenimg-9510.jpg\" decoding=\"async\" loading=\"lazy\"  \/>            <\/p>\n<p>                    \u00a9 Page Instagram de Yak Kitchen \/ Captures d&rsquo;\u00e9cran<\/p>\n<p>Purattu (resto libanais et irakien)<\/p>\n<p>Au milieu de la tr\u00e8s fr\u00e9quent\u00e9e rue des Orphelins, un nouveau restaurant s\u2019est fait une jolie place au soleil, <strong>il s\u2019appelle Purattu et il nous embarque entre Liban et Irak<\/strong>. Derri\u00e8re <strong>une devanture qui ne paye pas de mine<\/strong>, on d\u00e9couvre un restaurant sobre, <strong>une cuisine g\u00e9n\u00e9reuse et des plats que l\u2019on n\u2019a vraiment pas l\u2019habitude de go\u00fbter.<\/strong> Que c\u2019est beau la diversit\u00e9. Entr\u00e9es chaudes ou froides, <strong>viandes en sauce ou grill\u00e9es,<\/strong> plats v\u00e9gans ou v\u00e9g\u00e9s, <strong>il y a de tout et pour tout le monde<\/strong>, et il est bon d\u2019\u00eatre curieux\/se et de changer ses habitudes <strong>pour se faire surprendre.<\/strong><\/p>\n<p><strong>Bon plan<\/strong> : la cuisine propose des menus mezz\u00e9s \u00e0 partager pour d\u00e9couvrir une belle vari\u00e9t\u00e9 de plats.<\/p>\n<p style=\"text-align: center;\"><strong>13 rue des Orphelins, \u00e0 Strasbourg<\/strong><br \/><strong><a href=\"https:\/\/www.google.com\/url?sa=t&amp;source=web&amp;rct=j&amp;opi=89978449&amp;url=https:\/\/restaurantpurattu.com\/&amp;ved=2ahUKEwjIvO-V7eSPAxVBUqQEHUgYKCUQFnoECEYQAQ&amp;usg=AOvVaw3mrPkCWWU-jTWuAn4V_ZOr\" target=\"_blank\" rel=\"noopener\">Le site web<\/a><\/strong><\/p>\n<p>                <img width=\"322\" height=\"500\" src=\"https:\/\/www.europesays.com\/fr\/wp-content\/uploads\/2025\/09\/restaurant-parattuimg-9517-322x500.jpg\" class=\"attachment-gallery size-gallery\" alt=\"restaurant parattuIMG_9517\" data-full-url=\"https:\/\/pokaa.fr\/wp-content\/uploads\/2025\/09\/19\/restaurant-parattuimg-9517.jpg\" decoding=\"async\" loading=\"lazy\"  \/>            <\/p>\n<p>                <img width=\"392\" height=\"500\" src=\"https:\/\/www.europesays.com\/fr\/wp-content\/uploads\/2025\/09\/restaurant-parattuimg-9515-392x500.jpg\" class=\"attachment-gallery size-gallery\" alt=\"restaurant parattuIMG_9515\" data-full-url=\"https:\/\/pokaa.fr\/wp-content\/uploads\/2025\/09\/19\/restaurant-parattuimg-9515.jpg\" decoding=\"async\" loading=\"lazy\"  \/>            <\/p>\n<p>                <img width=\"337\" height=\"500\" src=\"https:\/\/www.europesays.com\/fr\/wp-content\/uploads\/2025\/09\/restaurant-parattuimg-9516-337x500.jpg\" class=\"attachment-gallery size-gallery\" alt=\"restaurant parattuIMG_9516\" data-full-url=\"https:\/\/pokaa.fr\/wp-content\/uploads\/2025\/09\/19\/restaurant-parattuimg-9516.jpg\" decoding=\"async\" loading=\"lazy\"  \/>            <\/p>\n<p>                    \u00a9 Page Instagram de Purattu \/ Captures d&rsquo;\u00e9cran<\/p>\n<p>Patisserie GC (p\u00e2tisserie fran\u00e7aise)<\/p>\n<p>Apr\u00e8s l\u2019adresse de l\u2019avenue des Vosges ouverte en 2023, <strong>la famille de la p\u00e2tisserie GC s\u2019agrandit pour notre plus grand plaisir.<\/strong> D\u00e9sormais, on retrouve Ceyda et ses cr\u00e9ations<strong> au c\u0153ur de la ville, rue de la M\u00e9sange<\/strong> (s\u2019il vous pla\u00eet). Entremets Dulcey \u00e0 la noix de p\u00e9can et au biscuit pralin\u00e9 (une frappe), tartelette exotique \u00e0 la compote de mangue et au fruit de la passion et autres cr\u00e9ations. <strong>N\u2019h\u00e9sitez pas \u00e0 vous faire plaisir, on a qu\u2019une vie.<\/strong><\/p>\n<p><strong>Le bon plan<\/strong> : l\u2019entremets Dulcey est l\u2019une des p\u00e9pites \u00e0 tester absolument.<\/p>\n<p style=\"text-align: center;\"><strong>26 rue de la M\u00e9sange, \u00e0 Strasbourg<\/strong><br \/><a href=\"https:\/\/www.instagram.com\/patisserie.gc\/?hl=fr\" target=\"_blank\" rel=\"noopener\"><strong>La page Instagram<\/strong><\/a><\/p>\n<p>                <a href=\"https:\/\/pokaa.fr\/2023\/05\/30\/patisserie-gc-la-nouvelle-boutique-strasbourgeoise-ou-se-melent-cakes-tartelettes-et-entremets\/\" target=\"_blank\" rel=\"noopener\"><br \/>\n                    <img width=\"450\" height=\"270\" src=\"https:\/\/www.europesays.com\/fr\/wp-content\/uploads\/2025\/09\/image00012-10-450x270.jpeg\" class=\"attachment-card-horizontal--same-subject size-card-horizontal--same-subject wp-post-image\" alt=\"\" decoding=\"async\" loading=\"lazy\"\/>                <\/a><\/p>\n<p>                <img width=\"375\" height=\"500\" src=\"https:\/\/www.europesays.com\/fr\/wp-content\/uploads\/2025\/09\/image00017-12-375x500.jpeg\" class=\"attachment-gallery size-gallery\" alt=\"GC Patisserie\" data-full-url=\"https:\/\/pokaa.fr\/wp-content\/uploads\/2023\/05\/image00017-12.jpeg\" decoding=\"async\" loading=\"lazy\"  \/>            <\/p>\n<p>                <img width=\"375\" height=\"500\" src=\"https:\/\/www.europesays.com\/fr\/wp-content\/uploads\/2025\/09\/image00032-9-375x500.jpeg\" class=\"attachment-gallery size-gallery\" alt=\"GC Patisserie\" data-full-url=\"https:\/\/pokaa.fr\/wp-content\/uploads\/2023\/05\/image00032-9.jpeg\" decoding=\"async\" loading=\"lazy\"  \/>            <\/p>\n<p>                <img width=\"375\" height=\"500\" src=\"https:\/\/www.europesays.com\/fr\/wp-content\/uploads\/2025\/09\/image00035-9-375x500.jpeg\" class=\"attachment-gallery size-gallery\" alt=\"GC Patisserie\" data-full-url=\"https:\/\/pokaa.fr\/wp-content\/uploads\/2023\/05\/image00035-9.jpeg\" decoding=\"async\" loading=\"lazy\"  \/>            <\/p>\n<p>                <img width=\"375\" height=\"500\" src=\"https:\/\/www.europesays.com\/fr\/wp-content\/uploads\/2025\/09\/image00025-10-375x500.jpeg\" class=\"attachment-gallery size-gallery\" alt=\"GC Patisserie\" data-full-url=\"https:\/\/pokaa.fr\/wp-content\/uploads\/2023\/05\/image00025-10.jpeg\" decoding=\"async\" loading=\"lazy\"  \/>            <\/p>\n<p>                <img width=\"375\" height=\"500\" src=\"https:\/\/www.europesays.com\/fr\/wp-content\/uploads\/2025\/09\/image00022-10-375x500.jpeg\" class=\"attachment-gallery size-gallery\" alt=\"GC Patisserie\" data-full-url=\"https:\/\/pokaa.fr\/wp-content\/uploads\/2023\/05\/image00022-10.jpeg\" decoding=\"async\" loading=\"lazy\"  \/>            <\/p>\n<p>                    \u00a9 Bastien Pietronave \/ Pokaa<\/p>\n<p>Tikka\u2019n\u2019way (resto indien)<\/p>\n<p>Depuis quelques mois d\u00e9j\u00e0, <strong>le restaurant indien Tikka\u2019n\u2019way chatouille les papilles des Strasbourgeois(es)<\/strong> en manque de saveurs exotiques, et <strong>l\u2019adresse semble convaincre<\/strong> ! Poulet, b\u0153uf ou agneau marin\u00e9, sp\u00e9cialit\u00e9s au curry, l\u00e9gumes ou poisson mijot\u00e9s, plat fa\u00e7on kebab et <strong>sp\u00e9cialit\u00e9s m\u00e9connues<\/strong>, la carte donne envie \u00e0 <strong>n\u2019importe quel(le) amoureux\/se de cuisine du monde.<\/strong><\/p>\n<p><strong>Bon plan<\/strong> : un m\u00e9ga menu avec trois entr\u00e9es, trois plats, une boisson et un dessert est propos\u00e9 \u00e0 40\u20ac.<\/p>\n<p style=\"text-align: center;\"><strong>9b rue des Fr\u00e8res, \u00e0 Strasbourg<\/strong><br \/><strong><a href=\"https:\/\/www.google.com\/url?sa=t&amp;source=web&amp;rct=j&amp;opi=89978449&amp;url=https:\/\/tikkanway.fr\/&amp;ved=2ahUKEwjwlbD-7eSPAxVHVqQEHTIOH5wQFnoECBkQAQ&amp;usg=AOvVaw2uRbSPk02lSf-79q1bsK7e\" target=\"_blank\" rel=\"noopener\">Le site web<\/a><\/strong><\/p>\n<p>                <img width=\"561\" height=\"500\" src=\"https:\/\/www.europesays.com\/fr\/wp-content\/uploads\/2025\/09\/restaurant-tikkanwayimg-9522-561x500.jpg\" class=\"attachment-gallery size-gallery\" alt=\"restaurant Tikka\u2019n\u2019wayIMG_9522\" data-full-url=\"https:\/\/pokaa.fr\/wp-content\/uploads\/2025\/09\/19\/restaurant-tikkanwayimg-9522.jpg\" decoding=\"async\" loading=\"lazy\"  \/>            <\/p>\n<p>                <img width=\"457\" height=\"500\" src=\"https:\/\/www.europesays.com\/fr\/wp-content\/uploads\/2025\/09\/restaurant-tikkanwayimg-9521-457x500.jpg\" class=\"attachment-gallery size-gallery\" alt=\"restaurant Tikka\u2019n\u2019wayIMG_9521\" data-full-url=\"https:\/\/pokaa.fr\/wp-content\/uploads\/2025\/09\/19\/restaurant-tikkanwayimg-9521.jpg\" decoding=\"async\" loading=\"lazy\"  \/>            <\/p>\n<p>                <img width=\"445\" height=\"500\" src=\"https:\/\/www.europesays.com\/fr\/wp-content\/uploads\/2025\/09\/restaurant-tikkanwayimg-9520-445x500.jpg\" class=\"attachment-gallery size-gallery\" alt=\"restaurant Tikka\u2019n\u2019wayIMG_9520\" data-full-url=\"https:\/\/pokaa.fr\/wp-content\/uploads\/2025\/09\/19\/restaurant-tikkanwayimg-9520.jpg\" decoding=\"async\" loading=\"lazy\"  \/>            <\/p>\n<p>                <img width=\"421\" height=\"500\" src=\"https:\/\/www.europesays.com\/fr\/wp-content\/uploads\/2025\/09\/restaurant-tikkanwayrestaurant-parattuimg-9519-421x500.jpg\" class=\"attachment-gallery size-gallery\" alt=\"restaurant Tikka\u2019n\u2019wayrestaurant parattuIMG_9519\" data-full-url=\"https:\/\/pokaa.fr\/wp-content\/uploads\/2025\/09\/19\/restaurant-tikkanwayrestaurant-parattuimg-9519.jpg\" decoding=\"async\" loading=\"lazy\"  \/>            <\/p>\n<p>                <img width=\"659\" height=\"500\" src=\"https:\/\/www.europesays.com\/fr\/wp-content\/uploads\/2025\/09\/restaurant-tikkanwayrestaurant-parattuimg-9518-659x500.jpg\" class=\"attachment-gallery size-gallery\" alt=\"restaurant Tikka\u2019n\u2019wayrestaurant parattuIMG_9518\" data-full-url=\"https:\/\/pokaa.fr\/wp-content\/uploads\/2025\/09\/19\/restaurant-tikkanwayrestaurant-parattuimg-9518.jpg\" decoding=\"async\" loading=\"lazy\"  \/>            <\/p>\n<p>                    \u00a9 Page Instagram de Tikka\u2019n\u2019way \/ Captures d&rsquo;\u00e9cran<\/p>\n<p>Wiccat (caf\u00e9 et salon de th\u00e9)<\/p>\n<p><strong>Un nouveau caf\u00e9\/salon de th\u00e9<\/strong> s\u2019est install\u00e9 dans la ville au printemps dernier, son petit nom, <strong>c\u2019est Wiccat<\/strong>. Un univers <strong>entre la sorcellerie et les mondes fantastiques<\/strong>, une d\u00e9coration chin\u00e9e <strong>faite d\u2019objets h\u00e9t\u00e9roclites :<\/strong>\u00a0on entre dans un lieu <strong>avec une vraie personnalit\u00e9<\/strong> o\u00f9 l\u2019on sert <strong>boissons chaudes et petits plats sucr\u00e9s et sal\u00e9s<\/strong>. On n\u2019a pas encore test\u00e9 ce lieu, o\u00f9 des petits chats font depuis peu leur apparition, on arrive !<\/p>\n<p><strong>Le bon plan<\/strong> : des ateliers, des soir\u00e9es tarots et des soir\u00e9es \u00e0 th\u00e8me sont propos\u00e9s.<\/p>\n<p style=\"text-align: center;\"><strong>23 rue Adolph-Seyboth, \u00e0 Strasbourg<\/strong><br \/><strong><a href=\"https:\/\/www.google.com\/url?sa=t&amp;source=web&amp;rct=j&amp;opi=89978449&amp;url=https:\/\/www.instagram.com\/wiccat.coffeeshop\/%3Fhl%3Dfr&amp;ved=2ahUKEwi08OOo7uSPAxWmfqQEHdwRDgUQFnoECEkQAQ&amp;usg=AOvVaw02eIxNlwukZ_1dxlt4nidZ\" target=\"_blank\" rel=\"noopener\">La page Instagram<\/a><\/strong><\/p>\n<p>                <img width=\"318\" height=\"500\" src=\"https:\/\/www.europesays.com\/fr\/wp-content\/uploads\/2025\/09\/img-9526-318x500.jpg\" class=\"attachment-gallery size-gallery\" alt=\"Wiccat Caf\u00e9\" data-full-url=\"https:\/\/pokaa.fr\/wp-content\/uploads\/2025\/09\/19\/img-9526.jpg\" decoding=\"async\" loading=\"lazy\"  \/>            <\/p>\n<p>                <img width=\"496\" height=\"500\" src=\"https:\/\/www.europesays.com\/fr\/wp-content\/uploads\/2025\/09\/img-9525-496x500.jpg\" class=\"attachment-gallery size-gallery\" alt=\"Wiccat Caf\u00e9\" data-full-url=\"https:\/\/pokaa.fr\/wp-content\/uploads\/2025\/09\/19\/img-9525.jpg\" decoding=\"async\" loading=\"lazy\"  \/>            <\/p>\n<p>                <img width=\"262\" height=\"500\" src=\"https:\/\/www.europesays.com\/fr\/wp-content\/uploads\/2025\/09\/img-9523-262x500.jpg\" class=\"attachment-gallery size-gallery\" alt=\"Wiccat caf\u00e9\" data-full-url=\"https:\/\/pokaa.fr\/wp-content\/uploads\/2025\/09\/19\/img-9523-scaled.jpg\" decoding=\"async\" loading=\"lazy\"  \/>            <\/p>\n<p>                    \u00a9 Page Instagram du Wiccat Caf\u00e9 \/ Captures d&rsquo;\u00e9cran<\/p>\n<p style=\"text-align: center;\"><strong>Et vous, quelles sont les nouvelles adresses qui ont d\u00e9barqu\u00e9 en bas de chez vous ?\u00a0<\/strong><\/p>\n<p><script async src=\"\/\/www.instagram.com\/embed.js\"><\/script><\/p>\n","protected":false},"excerpt":{"rendered":"Il s\u2019en est pass\u00e9 des choses ces derniers mois dans le vaste monde de la restauration strasbourgeoise. Caf\u00e9s,&hellip;\n","protected":false},"author":2,"featured_media":408021,"comment_status":"","ping_status":"","sticky":false,"template":"","format":"standard","meta":{"footnotes":""},"categories":[2820],"tags":[1111,11,1777,674,1011,27,775,12,2845,25,2923,640],"class_list":{"0":"post-408020","1":"post","2":"type-post","3":"status-publish","4":"format-standard","5":"has-post-thumbnail","7":"category-strasbourg","8":"tag-actu","9":"tag-actualites","10":"tag-eu","11":"tag-europe","12":"tag-fr","13":"tag-france","14":"tag-grand-est","15":"tag-news","16":"tag-nouveaux","17":"tag-republique-francaise","18":"tag-restaurants","19":"tag-strasbourg"},"share_on_mastodon":{"url":"https:\/\/pubeurope.com\/@fr\/115244409152766251","error":""},"_links":{"self":[{"href":"https:\/\/www.europesays.com\/fr\/wp-json\/wp\/v2\/posts\/408020","targetHints":{"allow":["GET"]}}],"collection":[{"href":"https:\/\/www.europesays.com\/fr\/wp-json\/wp\/v2\/posts"}],"about":[{"href":"https:\/\/www.europesays.com\/fr\/wp-json\/wp\/v2\/types\/post"}],"author":[{"embeddable":true,"href":"https:\/\/www.europesays.com\/fr\/wp-json\/wp\/v2\/users\/2"}],"replies":[{"embeddable":true,"href":"https:\/\/www.europesays.com\/fr\/wp-json\/wp\/v2\/comments?post=408020"}],"version-history":[{"count":0,"href":"https:\/\/www.europesays.com\/fr\/wp-json\/wp\/v2\/posts\/408020\/revisions"}],"wp:featuredmedia":[{"embeddable":true,"href":"https:\/\/www.europesays.com\/fr\/wp-json\/wp\/v2\/media\/408021"}],"wp:attachment":[{"href":"https:\/\/www.europesays.com\/fr\/wp-json\/wp\/v2\/media?parent=408020"}],"wp:term":[{"taxonomy":"category","embeddable":true,"href":"https:\/\/www.europesays.com\/fr\/wp-json\/wp\/v2\/categories?post=408020"},{"taxonomy":"post_tag","embeddable":true,"href":"https:\/\/www.europesays.com\/fr\/wp-json\/wp\/v2\/tags?post=408020"}],"curies":[{"name":"wp","href":"https:\/\/api.w.org\/{rel}","templated":true}]}}