{"id":408031,"date":"2025-09-21T21:34:16","date_gmt":"2025-09-21T21:34:16","guid":{"rendered":"https:\/\/www.europesays.com\/fr\/408031\/"},"modified":"2025-09-21T21:34:16","modified_gmt":"2025-09-21T21:34:16","slug":"d1f-bordeaux-6e-apres-sa-defaite-resultats-3e-journee-et-classement","status":"publish","type":"post","link":"https:\/\/www.europesays.com\/fr\/408031\/","title":{"rendered":"D1F : Bordeaux 6e apr\u00e8s sa d\u00e9faite, r\u00e9sultats 3e journ\u00e9e et classement"},"content":{"rendered":"<p><img decoding=\"async\" src=\"https:\/\/www.europesays.com\/fr\/wp-content\/uploads\/2025\/09\/671_471786ba02c27c738e4da8389a2c3851.jpg\" alt=\"D1F : Bordeaux 6e apr\u00e8s sa d\u00e9faite, r\u00e9sultats 3e journ\u00e9e et classement\" class=\"img-responsive mt-3\"\/><\/p>\n<p class=\"text-center mb-3\" style=\"font-size: 14px\">\u00a9 Iconsport<\/p>\n<p>      <strong data-start=\"665\" data-end=\"727\">D3F : Bordeaux battu, classement chamboul\u00e9 dans la poule B<\/strong><\/p>\n<p style=\"text-align: justify;\">\u00a0<\/p>\n<p style=\"text-align: justify;\">Les <a href=\"https:\/\/www.webgirondins.com\/actualite-girondins-d3f-premiere-defaite-de-la-saison-pour-les-girondines-de-bordeaux-a-montauban-130518\" target=\"_blank\" rel=\"noopener\">Girondins de Bordeaux se sont inclin\u00e9s \u00e0 Montauban (1-0)<\/a> et conc\u00e8dent leur premi\u00e8re d\u00e9faite de la saison.<\/p>\n<p style=\"text-align: justify;\">Voici les r\u00e9sultats de cette troisi\u00e8me journ\u00e9e<\/p>\n<p style=\"text-align: justify;\">Montpellier HSC 2 <strong>1-2<\/strong> ALC Longvic<br \/>Albi Marssac TF<strong> 6-2<\/strong> AS Chatenoy le Royal<br \/>Rousset Sainte-Victoire<strong> 0-1<\/strong> Clermont Foot 63<br \/>AS Monaco<strong> 0-1<\/strong> AS Cannes<br \/>Olympique Lyonnais 2 <strong>2-0<\/strong> Le Puy Foot<br \/>Montauban FC <strong>1-0<\/strong> Girondins de Bordeaux<\/p>\n<p style=\"text-align: justify;\">Samedi prochain, les Girondins re\u00e7oivent le Puy Foot qui est en position de rel\u00e9gable au Stade Bel Air \u00e0 Bordeaux \u00e0 15h. C&rsquo;est un rendez-vous d\u00e9j\u00e0 important dans l&rsquo;objectif maintien. Pour rappel, les 3 derniers du classement descendent en R\u00e9gional.<\/p>\n<p>&gt;<strong><a href=\"https:\/\/www.webgirondins.com\/resultats-calendrier-feminines-girondins\" target=\"_blank\" rel=\"noopener\">\u00a0Voir les r\u00e9sultats et le calendrier des f\u00e9minines<\/a><\/strong><\/p>\n<p>&gt;\u00a0<strong><a href=\"https:\/\/www.webgirondins.com\/classement-girondins-feminines-division3\" target=\"_blank\" rel=\"noopener\">Voir le classement de D3F<\/a><\/strong><\/p>\n<p>\u00a0<\/p>\n","protected":false},"excerpt":{"rendered":"\u00a9 Iconsport D3F : Bordeaux battu, classement chamboul\u00e9 dans la poule B \u00a0 Les Girondins de Bordeaux se&hellip;\n","protected":false},"author":2,"featured_media":408032,"comment_status":"","ping_status":"","sticky":false,"template":"","format":"standard","meta":{"footnotes":""},"categories":[2817],"tags":[1111,11,150,50837,1997,1981,19697,8484,1777,674,1011,27,8366,3465,3289,19054,12,2219,3051,25,1980,3242],"class_list":{"0":"post-408031","1":"post","2":"type-post","3":"status-publish","4":"format-standard","5":"has-post-thumbnail","7":"category-bordeaux","8":"tag-actu","9":"tag-actualites","10":"tag-apres","11":"tag-battues","12":"tag-bordeaux","13":"tag-classement","14":"tag-connu","15":"tag-defaite","16":"tag-eu","17":"tag-europe","18":"tag-fr","19":"tag-france","20":"tag-girondines","21":"tag-journee","22":"tag-leur","23":"tag-montauban","24":"tag-news","25":"tag-nouvelle-aquitaine","26":"tag-premiere","27":"tag-republique-francaise","28":"tag-resultats","29":"tag-saison"},"share_on_mastodon":{"url":"https:\/\/pubeurope.com\/@fr\/115244439203010418","error":""},"_links":{"self":[{"href":"https:\/\/www.europesays.com\/fr\/wp-json\/wp\/v2\/posts\/408031","targetHints":{"allow":["GET"]}}],"collection":[{"href":"https:\/\/www.europesays.com\/fr\/wp-json\/wp\/v2\/posts"}],"about":[{"href":"https:\/\/www.europesays.com\/fr\/wp-json\/wp\/v2\/types\/post"}],"author":[{"embeddable":true,"href":"https:\/\/www.europesays.com\/fr\/wp-json\/wp\/v2\/users\/2"}],"replies":[{"embeddable":true,"href":"https:\/\/www.europesays.com\/fr\/wp-json\/wp\/v2\/comments?post=408031"}],"version-history":[{"count":0,"href":"https:\/\/www.europesays.com\/fr\/wp-json\/wp\/v2\/posts\/408031\/revisions"}],"wp:featuredmedia":[{"embeddable":true,"href":"https:\/\/www.europesays.com\/fr\/wp-json\/wp\/v2\/media\/408032"}],"wp:attachment":[{"href":"https:\/\/www.europesays.com\/fr\/wp-json\/wp\/v2\/media?parent=408031"}],"wp:term":[{"taxonomy":"category","embeddable":true,"href":"https:\/\/www.europesays.com\/fr\/wp-json\/wp\/v2\/categories?post=408031"},{"taxonomy":"post_tag","embeddable":true,"href":"https:\/\/www.europesays.com\/fr\/wp-json\/wp\/v2\/tags?post=408031"}],"curies":[{"name":"wp","href":"https:\/\/api.w.org\/{rel}","templated":true}]}}