{"id":408039,"date":"2025-09-21T21:41:18","date_gmt":"2025-09-21T21:41:18","guid":{"rendered":"https:\/\/www.europesays.com\/fr\/408039\/"},"modified":"2025-09-21T21:41:18","modified_gmt":"2025-09-21T21:41:18","slug":"des-elus-rn-au-crif-marseille-a-jamais-la-premiere","status":"publish","type":"post","link":"https:\/\/www.europesays.com\/fr\/408039\/","title":{"rendered":"Des \u00e9lus RN au Crif, Marseille \u00e0 jamais la premi\u00e8re"},"content":{"rendered":"<p>Ils ont pass\u00e9 une excellente soir\u00e9e. \u00ab\u00a0Beaucoup de gens sont venus \u00e0 nous.\u00a0\u00bb Le conseiller municipal <a href=\"https:\/\/www.laprovence.com\/article\/region\/3900315220426614\/municipales-2026-a-marseille-le-brouillon-de-liste-qui-met-la-droite-en-emoi\" target=\"_blank\" rel=\"noopener\">Jean-Baptiste Rivoallan<\/a> (UDR), <a href=\"https:\/\/www.laprovence.com\/article\/region\/89403651621493\/municipales-2026-a-marseille-franck-allisio-veut-donner-le-la-a-lextreme-droite\" target=\"_blank\" rel=\"noopener\">Franck Allisio<\/a>, candidat (RN) \u00e0 la mairie de Marseille et son directeur de campagne Olivier Rioult, le r\u00e9p\u00e8tent volontiers \u00e0 qui veut l&rsquo;entendre, pas peu fiers de leur coup de mardi soir. Ils sont les premiers \u00e9lus du Rassemblement national \u00e0 avoir eu un couvert au d\u00eener du Conseil repr\u00e9sentatif des institutions juives (Crif) de Marseille Provence.<\/p>\n<p>Une soir\u00e9e courue par les membres influents de la communaut\u00e9, o\u00f9 se pressent g\u00e9n\u00e9ralement les \u00e9lus marseillais et o\u00f9 figure toujours un ministre \u00e0 la table d&rsquo;honneur. Cette ann\u00e9e, <a href=\"https:\/\/www.laprovence.com\/article\/politique\/67747077599360\/bruno-retailleau-a-annule-sa-venue-au-diner-ce-mardi-soir-du-crif-marseille-provence\" target=\"_blank\" rel=\"noopener\">Bruno Retailleau a d\u00e9clin\u00e9 \u00e0 la derni\u00e8re minute<\/a> ; le ministre de l&rsquo;Int\u00e9rieur arguant de son statut de d\u00e9missionnaire. \u00ab\u00a0Alors que les discours allaient forc\u00e9ment attaquer le pr\u00e9sident de la R\u00e9publique sur la reconnaissance de l&rsquo;\u00c9tat de Palestine, Retailleau ne pouvait pas \u00eatre dans la salle\u00a0\u00bb, croit savoir un convive. Beno\u00eet Payan, le maire (DVG), s&rsquo;est volontairement fait repr\u00e9senter par la maire (PM) des 6-8, Olivia Fortin.\u00a0<\/p>\n<p>Du c\u00f4t\u00e9 du RN, on jubile. \u00ab\u00a0La communaut\u00e9 a encore en travers de la gorge le fait qu&rsquo;Emmanuel Macron n&rsquo;ait pas p&#8230;<\/p>\n","protected":false},"excerpt":{"rendered":"Ils ont pass\u00e9 une excellente soir\u00e9e. \u00ab\u00a0Beaucoup de gens sont venus \u00e0 nous.\u00a0\u00bb Le conseiller municipal Jean-Baptiste Rivoallan&hellip;\n","protected":false},"author":2,"featured_media":408040,"comment_status":"","ping_status":"","sticky":false,"template":"","format":"standard","meta":{"footnotes":""},"categories":[2814],"tags":[17,1111,11,22853,26121,154,20070,10153,1777,674,1011,27,884,12,2537,316,882,25],"class_list":{"0":"post-408039","1":"post","2":"type-post","3":"status-publish","4":"format-standard","5":"has-post-thumbnail","7":"category-marseille","8":"tag-17","9":"tag-actu","10":"tag-actualites","11":"tag-assiste","12":"tag-crif","13":"tag-des","14":"tag-diner","15":"tag-elus","16":"tag-eu","17":"tag-europe","18":"tag-fr","19":"tag-france","20":"tag-marseille","21":"tag-news","22":"tag-ont","23":"tag-politique","24":"tag-provence-alpes-cote-dazur","25":"tag-republique-francaise"},"share_on_mastodon":{"url":"https:\/\/pubeurope.com\/@fr\/115244465207056939","error":""},"_links":{"self":[{"href":"https:\/\/www.europesays.com\/fr\/wp-json\/wp\/v2\/posts\/408039","targetHints":{"allow":["GET"]}}],"collection":[{"href":"https:\/\/www.europesays.com\/fr\/wp-json\/wp\/v2\/posts"}],"about":[{"href":"https:\/\/www.europesays.com\/fr\/wp-json\/wp\/v2\/types\/post"}],"author":[{"embeddable":true,"href":"https:\/\/www.europesays.com\/fr\/wp-json\/wp\/v2\/users\/2"}],"replies":[{"embeddable":true,"href":"https:\/\/www.europesays.com\/fr\/wp-json\/wp\/v2\/comments?post=408039"}],"version-history":[{"count":0,"href":"https:\/\/www.europesays.com\/fr\/wp-json\/wp\/v2\/posts\/408039\/revisions"}],"wp:featuredmedia":[{"embeddable":true,"href":"https:\/\/www.europesays.com\/fr\/wp-json\/wp\/v2\/media\/408040"}],"wp:attachment":[{"href":"https:\/\/www.europesays.com\/fr\/wp-json\/wp\/v2\/media?parent=408039"}],"wp:term":[{"taxonomy":"category","embeddable":true,"href":"https:\/\/www.europesays.com\/fr\/wp-json\/wp\/v2\/categories?post=408039"},{"taxonomy":"post_tag","embeddable":true,"href":"https:\/\/www.europesays.com\/fr\/wp-json\/wp\/v2\/tags?post=408039"}],"curies":[{"name":"wp","href":"https:\/\/api.w.org\/{rel}","templated":true}]}}