{"id":408041,"date":"2025-09-21T21:42:14","date_gmt":"2025-09-21T21:42:14","guid":{"rendered":"https:\/\/www.europesays.com\/fr\/408041\/"},"modified":"2025-09-21T21:42:14","modified_gmt":"2025-09-21T21:42:14","slug":"de-marseille-a-cassis-les-images-des-rues-devenues-torrents-dans-les-bouches-du-rhone","status":"publish","type":"post","link":"https:\/\/www.europesays.com\/fr\/408041\/","title":{"rendered":"De Marseille \u00e0 Cassis, les images des rues devenues torrents dans les Bouches-du-Rh\u00f4ne"},"content":{"rendered":"<p>        <img decoding=\"async\" loading=\"lazy\" src=\"https:\/\/www.europesays.com\/fr\/wp-content\/uploads\/2025\/09\/a61737b_upload-1-skrrku7q0xcm-afp-20250921-76av4nq-v1-midres-fblfraligue1psgmarseilleweather.jpg\"  width=\"728\" height=\"410\" alt=\"Des pi\u00e9tons passent devant le stade V\u00e9lodrome par un jour pluvieux \u00e0 Marseille, dans le sud de la France, le 21\u00a0septembre 2025. (Photo d\u2019illustration)\"\/>  <\/p>\n<p>MIGUEL MEDINA \/ AFP<\/p>\n<p>Des pi\u00e9tons passent devant le stade V\u00e9lodrome par un jour pluvieux \u00e0 Marseille, dans le sud de la France, le 21\u00a0septembre 2025. (Photo d\u2019illustration)<\/p>\n<p class=\"asset asset-text\">FRANCE &#8211; L\u2019eau envahit les rues de certaines villes des<a href=\"https:\/\/www.huffingtonpost.fr\/actualites\/article\/apres-l-incendie-les-habitants-des-bouches-du-rhone-decouvrent-l-ampleur-des-degats_82658.html\" target=\"_blank\" rel=\"noopener\"> Bouches-du-Rh\u00f4ne<\/a>. Ce d\u00e9partement du sud de la France, plac\u00e9 par<a href=\"https:\/\/www.huffingtonpost.fr\/france\/article\/meteo-une-vague-de-chaleur-envisagee-cette-semaine-avec-des-temperatures-tres-elevees-attendues-clx1_251131.html\" target=\"_blank\" rel=\"noopener\"> M\u00e9t\u00e9o France<\/a> en vigilance orange en raison des \u00ab\u00a0orages\u00a0\u00bb et des \u00ab\u00a0pluies-inondations\u00a0\u00bb, a \u00e9t\u00e9 travers\u00e9 ce dimanche 21\u00a0septembre au soir par une \u00ab\u00a0ligne pluvio-orageuse\u00a0\u00bb intense, explique le pr\u00e9visionniste national.<\/p>\n<p class=\"asset asset-text\">Il est notamment tomb\u00e9 108\u00a0mm de pluie \u00e0 Eyragues, soit l\u2019\u00e9quivalent d\u2019un mois de pluie en environ une heure, rel\u00e8ve <a href=\"https:\/\/www.bfmtv.com\/meteo\/intemperies\/les-premieres-images-des-fortes-pluies-tombees-ce-dimanche-dans-le-sud-est-de-la-france_AV-202509210290.html\" target=\"_blank\" rel=\"noopener\" title=\"Nouvelle fen\u00eatre\">BFMTV<\/a>. \u00ab\u00a0Entre 18\u00a0h\u00a030 et 19\u00a0h\u00a030, on a relev\u00e9 pr\u00e8s de 60 litres par m\u00e8tre carr\u00e9 \u00e0 Aix-en-Provence et Peyrolles-en-Provence\u00a0\u00bb, ajoutent nos confr\u00e8res.<\/p>\n<p class=\"asset asset-text\">R\u00e9sultat\u00a0: de nombreuses communes connaissent des inondations et des ph\u00e9nom\u00e8nes de ruissellement, comme \u00e0 Marseille, Cassis, Salon-de-Provence, Mouri\u00e8s ou encore Saint-Remy-de-Provence, note <a href=\"https:\/\/france3-regions.franceinfo.fr\/provence-alpes-cote-d-azur\/bouches-du-rhone\/marseille\/en-images-99-millimetres-de-precipitations-par-endroits-trombes-marines-les-bouches-du-rhone-font-face-aux-inondations-et-aux-orages-3220499.html\" target=\"_blank\" rel=\"noopener\" title=\"Nouvelle fen\u00eatre\">France 3.<\/a><\/p>\n<p>    Cin\u00e9ma \u00e9vacu\u00e9, rues inond\u00e9es    <\/p>\n<p class=\"asset asset-text\">\u00c0 Cassis, plusieurs rues adjacentes au port ont \u00e9t\u00e9 transform\u00e9es en torrent.<\/p>\n<p> La lecture de ce contenu est susceptible d\u2019entra\u00eener un d\u00e9p\u00f4t de cookies de la part de l\u2019op\u00e9rateur tiers qui l\u2019h\u00e9berge. Compte-tenu des choix que vous avez exprim\u00e9s en mati\u00e8re de d\u00e9p\u00f4t de cookies, nous avons bloqu\u00e9 l\u2019affichage de ce contenu. Si vous souhaitez y acc\u00e9der, vous devez accepter la cat\u00e9gorie de cookies \u201cContenus tiers\u201d en cliquant sur le bouton ci-dessous. <\/p>\n<p> Lire la Vid\u00e9o           <\/p>\n<p> La lecture de ce contenu est susceptible d\u2019entra\u00eener un d\u00e9p\u00f4t de cookies de la part de l\u2019op\u00e9rateur tiers qui l\u2019h\u00e9berge. Compte-tenu des choix que vous avez exprim\u00e9s en mati\u00e8re de d\u00e9p\u00f4t de cookies, nous avons bloqu\u00e9 l\u2019affichage de ce contenu. Si vous souhaitez y acc\u00e9der, vous devez accepter la cat\u00e9gorie de cookies \u201cContenus tiers\u201d en cliquant sur le bouton ci-dessous. <\/p>\n<p> Lire la Vid\u00e9o            <\/p>\n<p class=\"asset asset-text\">Pareil \u00e0 Marseille, o\u00f9 des rues sont inond\u00e9es. \u00ab\u00a0Dans le quartier des Vaudrans \u00e0 l\u2019est de la ville, un pluviom\u00e8tre a recueilli 80,3\u00a0mm d\u2019eau en moins d\u2019une heure, t\u00e9moignant de l\u2019intensit\u00e9 de cet orage\u00a0\u00bb, explique le compte X de <a href=\"https:\/\/x.com\/lachainemeteo\" target=\"_blank\" rel=\"noopener\" title=\"Nouvelle fen\u00eatre\">La Cha\u00eene M\u00e9t\u00e9o<\/a>.<\/p>\n<p> La lecture de ce contenu est susceptible d\u2019entra\u00eener un d\u00e9p\u00f4t de cookies de la part de l\u2019op\u00e9rateur tiers qui l\u2019h\u00e9berge. Compte-tenu des choix que vous avez exprim\u00e9s en mati\u00e8re de d\u00e9p\u00f4t de cookies, nous avons bloqu\u00e9 l\u2019affichage de ce contenu. Si vous souhaitez y acc\u00e9der, vous devez accepter la cat\u00e9gorie de cookies \u201cContenus tiers\u201d en cliquant sur le bouton ci-dessous. <\/p>\n<p> Lire la Vid\u00e9o        <\/p>\n<p class=\"asset asset-text\">\u00c0 Salon-de-Provence, un cin\u00e9ma a m\u00eame d\u00fb \u00eatre \u00e9vacu\u00e9 en raison de fuites d\u2019eau.<\/p>\n<p> La lecture de ce contenu est susceptible d\u2019entra\u00eener un d\u00e9p\u00f4t de cookies de la part de l\u2019op\u00e9rateur tiers qui l\u2019h\u00e9berge. Compte-tenu des choix que vous avez exprim\u00e9s en mati\u00e8re de d\u00e9p\u00f4t de cookies, nous avons bloqu\u00e9 l\u2019affichage de ce contenu. Si vous souhaitez y acc\u00e9der, vous devez accepter la cat\u00e9gorie de cookies \u201cContenus tiers\u201d en cliquant sur le bouton ci-dessous. <\/p>\n<p> Lire la Vid\u00e9o           <\/p>\n<p> La lecture de ce contenu est susceptible d\u2019entra\u00eener un d\u00e9p\u00f4t de cookies de la part de l\u2019op\u00e9rateur tiers qui l\u2019h\u00e9berge. Compte-tenu des choix que vous avez exprim\u00e9s en mati\u00e8re de d\u00e9p\u00f4t de cookies, nous avons bloqu\u00e9 l\u2019affichage de ce contenu. Si vous souhaitez y acc\u00e9der, vous devez accepter la cat\u00e9gorie de cookies \u201cContenus tiers\u201d en cliquant sur le bouton ci-dessous. <\/p>\n<p> Lire la Vid\u00e9o            <\/p>\n<p class=\"asset asset-text\">Un peu plus t\u00f4t dans l\u2019apr\u00e8s-midi et afin d\u2019\u00e9viter tout incident, la pr\u00e9fecture des Bouches-du-Rh\u00f4ne avait annonc\u00e9 le report de la rencontre tant attendue entre l\u2019Olympique de Marseille et le PSG pr\u00e9vue dimanche soir en cl\u00f4ture de la 5e journ\u00e9e de Ligue 1. Le match sera jou\u00e9 finalement lundi \u00e0 20\u00a0h. Vers 20\u00a0h aux abords du V\u00e9lodrome, o\u00f9 plus de 65\u00a0000 supporters \u00e9taient attendus, des trombes d\u2019eau s\u2019abattaient avec de nombreux \u00e9clairs.<\/p>\n<p> La lecture de ce contenu est susceptible d\u2019entra\u00eener un d\u00e9p\u00f4t de cookies de la part de l\u2019op\u00e9rateur tiers qui l\u2019h\u00e9berge. Compte-tenu des choix que vous avez exprim\u00e9s en mati\u00e8re de d\u00e9p\u00f4t de cookies, nous avons bloqu\u00e9 l\u2019affichage de ce contenu. Si vous souhaitez y acc\u00e9der, vous devez accepter la cat\u00e9gorie de cookies \u201cContenus tiers\u201d en cliquant sur le bouton ci-dessous. <\/p>\n<p> Lire la Vid\u00e9o            <\/p>\n<p class=\"asset asset-text\">\u00c0 Toulon (Var), o\u00f9 il est tomb\u00e9 94 mm en une heure, une autre rencontre sportive a \u00e9t\u00e9 report\u00e9e en raison des intemp\u00e9ries\u00a0: le match de cl\u00f4ture de la troisi\u00e8me journ\u00e9e du Top 14 entre Toulon et La\u00a0Rochelle pr\u00e9vu ce dimanche soir. Ce report a eu lieu cette fois-ci \u00e0 la derni\u00e8re minute et face \u00e0 des spectateurs totalement tremp\u00e9s. Le terrain \u00e9tait totalement inond\u00e9, la pelouse impraticable.<\/p>\n<p> La lecture de ce contenu est susceptible d\u2019entra\u00eener un d\u00e9p\u00f4t de cookies de la part de l\u2019op\u00e9rateur tiers qui l\u2019h\u00e9berge. Compte-tenu des choix que vous avez exprim\u00e9s en mati\u00e8re de d\u00e9p\u00f4t de cookies, nous avons bloqu\u00e9 l\u2019affichage de ce contenu. Si vous souhaitez y acc\u00e9der, vous devez accepter la cat\u00e9gorie de cookies \u201cContenus tiers\u201d en cliquant sur le bouton ci-dessous. <\/p>\n<p> Lire la Vid\u00e9o            Transports perturb\u00e9s, \u00e9coles ferm\u00e9es&#8230;    <\/p>\n<p class=\"asset asset-text\">\u00c0 l\u2019a\u00e9roport Marseille-Provence, situ\u00e9 \u00e0 Marignane, une dizaine de vols\u00a0ont \u00e9t\u00e9 perturb\u00e9s entre 17\u00a0h\u00a030 et 19\u00a0h\u00a030, a expliqu\u00e9 \u00e0 l\u2019AFP une porte-parole du 4e a\u00e9roport fran\u00e7ais, obligeant \u00e0 des d\u00e9routages vers Montpellier, Nice voire Lyon.<\/p>\n<p class=\"asset asset-text\">Rognac, commune voisine de l\u2019a\u00e9roport, a annonc\u00e9 \u00e0 ses administr\u00e9s sur Facebook que l\u2019ensemble des \u00e9coles ainsi qu\u2019une cr\u00e8che situ\u00e9s sur son territoire resteront ferm\u00e9s lundi \u00e0 la suite d\u2019inondations.<\/p>\n<p class=\"asset asset-text\">Au total dans les Bouches-du-Rh\u00f4ne, les pompiers sont intervenus \u00e0 250 reprises \u00ab\u00a0pour des missions de reconnaissance, d\u2019assistance et de pompage\u00a0\u00bb, en particulier \u00e0 Arles, Saint-R\u00e9my-de-Provence, Ch\u00e2teaurenard, Salon-de-Provence, Istres, Miramas, Vitrolles, Rognac, Martigues, et Aix-en-Provence. \u00ab\u00a0\u00c0 ce stade, aucune victime n\u2019est \u00e0 d\u00e9plorer en lien avec ces intemp\u00e9ries\u00a0\u00bb, ont-ils pr\u00e9cis\u00e9.<\/p>\n<p class=\"asset asset-text\">Outre les Bouches-du-Rh\u00f4ne, cinq autres d\u00e9partements (Dr\u00f4me, Is\u00e8re, Var, Vaucluse et C\u00f4tes-d\u2019Armor), ont \u00e9t\u00e9 plac\u00e9s par M\u00e9t\u00e9o-France en vigilance orange pluies-inondations jusqu\u2019\u00e0 lundi matin. Les trois d\u00e9partements les plus au sud sont aussi en vigilance orage.<\/p>\n<p class=\"asset asset-text\">Dans le Vaucluse, la circulation des trains a \u00e9t\u00e9 interrompue de Miramas vers Avignon, Avignon-Tarascon et dans les deux sens entre Avignon et Avignon TGV. La circulation reste \u00ab\u00a0tr\u00e8s perturb\u00e9e sur les axes restant en service\u00a0\u00bb, a pr\u00e9cis\u00e9 la SNCF.<\/p>\n<p class=\"asset asset-text\">Sur les communes d\u2019Avignon, Mori\u00e8res et de Ved\u00e8ne, 115 millim\u00e8tres de cumuls de pluie ont \u00e9t\u00e9 relev\u00e9s avec des chutes d\u2019arbres recens\u00e9es. Plusieurs foyers sont actuellement priv\u00e9s d\u2019\u00e9lectricit\u00e9 \u00e0 Avignon, Carpentras, Sarrians, a pr\u00e9cis\u00e9 la pr\u00e9fecture de Vaucluse.<\/p>\n","protected":false},"excerpt":{"rendered":"MIGUEL MEDINA \/ AFP Des pi\u00e9tons passent devant le stade V\u00e9lodrome par un jour pluvieux \u00e0 Marseille, dans&hellip;\n","protected":false},"author":2,"featured_media":408042,"comment_status":"","ping_status":"","sticky":false,"template":"","format":"standard","meta":{"footnotes":""},"categories":[2814],"tags":[1111,11,885,1777,674,1011,27,40824,884,12,4594,882,25],"class_list":{"0":"post-408041","1":"post","2":"type-post","3":"status-publish","4":"format-standard","5":"has-post-thumbnail","7":"category-marseille","8":"tag-actu","9":"tag-actualites","10":"tag-bouches-du-rhone","11":"tag-eu","12":"tag-europe","13":"tag-fr","14":"tag-france","15":"tag-innondation","16":"tag-marseille","17":"tag-news","18":"tag-orages","19":"tag-provence-alpes-cote-dazur","20":"tag-republique-francaise"},"share_on_mastodon":{"url":"https:\/\/pubeurope.com\/@fr\/115244469487989478","error":""},"_links":{"self":[{"href":"https:\/\/www.europesays.com\/fr\/wp-json\/wp\/v2\/posts\/408041","targetHints":{"allow":["GET"]}}],"collection":[{"href":"https:\/\/www.europesays.com\/fr\/wp-json\/wp\/v2\/posts"}],"about":[{"href":"https:\/\/www.europesays.com\/fr\/wp-json\/wp\/v2\/types\/post"}],"author":[{"embeddable":true,"href":"https:\/\/www.europesays.com\/fr\/wp-json\/wp\/v2\/users\/2"}],"replies":[{"embeddable":true,"href":"https:\/\/www.europesays.com\/fr\/wp-json\/wp\/v2\/comments?post=408041"}],"version-history":[{"count":0,"href":"https:\/\/www.europesays.com\/fr\/wp-json\/wp\/v2\/posts\/408041\/revisions"}],"wp:featuredmedia":[{"embeddable":true,"href":"https:\/\/www.europesays.com\/fr\/wp-json\/wp\/v2\/media\/408042"}],"wp:attachment":[{"href":"https:\/\/www.europesays.com\/fr\/wp-json\/wp\/v2\/media?parent=408041"}],"wp:term":[{"taxonomy":"category","embeddable":true,"href":"https:\/\/www.europesays.com\/fr\/wp-json\/wp\/v2\/categories?post=408041"},{"taxonomy":"post_tag","embeddable":true,"href":"https:\/\/www.europesays.com\/fr\/wp-json\/wp\/v2\/tags?post=408041"}],"curies":[{"name":"wp","href":"https:\/\/api.w.org\/{rel}","templated":true}]}}