{"id":408054,"date":"2025-09-21T21:50:16","date_gmt":"2025-09-21T21:50:16","guid":{"rendered":"https:\/\/www.europesays.com\/fr\/408054\/"},"modified":"2025-09-21T21:50:16","modified_gmt":"2025-09-21T21:50:16","slug":"michel-barnier-largement-en-tete-du-1er-tour-voici-qui-il-affrontera-au-second-tour-2","status":"publish","type":"post","link":"https:\/\/www.europesays.com\/fr\/408054\/","title":{"rendered":"Michel Barnier largement en t\u00eate du 1er tour, voici qui il affrontera au second tour"},"content":{"rendered":"<p>        <img decoding=\"async\" loading=\"lazy\" src=\"https:\/\/www.europesays.com\/fr\/wp-content\/uploads\/2025\/09\/1b95e60_upload-1-ffbranib1n4z-afp-20250903-73a76nq-v1-highres-francepoliticselectionscampaign.jpg\"  width=\"728\" height=\"409\" alt=\"L\u2019ex-Premier ministre Michel Barnier (Les R\u00e9publicains) a annonc\u00e9 dimanche 21\u00a0septembre \u00eatre arriv\u00e9 \u00ab\u00a0tr\u00e8s largement\u00a0\u00bb en t\u00eate au premier tour de la l\u00e9gislative partielle dans la deuxi\u00e8me circonscription de Paris.\"\/>  <\/p>\n<p>STEPHANE DE SAKUTIN \/ AFP<\/p>\n<p>L\u2019ex-Premier ministre Michel Barnier (Les R\u00e9publicains) a annonc\u00e9 dimanche 21\u00a0septembre \u00eatre arriv\u00e9 \u00ab\u00a0tr\u00e8s largement\u00a0\u00bb en t\u00eate au premier tour de la l\u00e9gislative partielle dans la deuxi\u00e8me circonscription de Paris.<\/p>\n<p class=\"asset asset-text\">POLITIQUE &#8211; Bient\u00f4t le seul d\u00e9put\u00e9 LR de la capitale\u00a0?<strong> <\/strong>L\u2019ex-Premier ministre<a href=\"https:\/\/www.huffingtonpost.fr\/politique\/article\/rachida-dati-et-michel-barnier-l-apres-midi-de-reconciliation-lors-d-un-forum-a-paris_254789.html\" target=\"_blank\" rel=\"noopener\"> Michel Barnier<\/a> (Les R\u00e9publicains) a annonc\u00e9 ce dimanche 21\u00a0septembre au soir \u00eatre arriv\u00e9 largement en t\u00eate, avec \u00ab\u00a0plus de 45\u00a0%\u00a0\u00bb des voix, du premier tour de la l\u00e9gislative partielle dans la deuxi\u00e8me circonscription de Paris (<a href=\"https:\/\/www.huffingtonpost.fr\/politique\/article\/rachida-dati-et-michel-barnier-l-apres-midi-de-reconciliation-lors-d-un-forum-a-paris_254789.html\" target=\"_blank\" rel=\"noopener\">Ve, VIe et VIIe arrondissements de la capitale<\/a>). Le candidat LR affrontera au second tour dimanche prochain la socialiste Fr\u00e9d\u00e9rique Bredin. Le vote a \u00e9t\u00e9 marqu\u00e9 par \u00ab\u00a0une tr\u00e8s forte abstention\u00a0\u00bb de pr\u00e8s de 75\u00a0%.<\/p>\n<p class=\"asset asset-text\">Le patron des LR et ministre d\u00e9missionnaire de l\u2019Int\u00e9rieur, Bruno Retailleau, a \u00e9t\u00e9 le premier \u00e0 annoncer la nouvelle sur X (ex-Twitter)\u00a0: \u00ab\u00a0Les \u00e9lecteurs de la deuxi\u00e8me circonscription de Paris ont plac\u00e9 Michel Barnier tr\u00e8s largement en t\u00eate du premier tour de l\u2019\u00e9lection l\u00e9gislative partielle\u00a0\u00bb. Dans la foul\u00e9e, Val\u00e9rie P\u00e9cresse, pr\u00e9sidente de la r\u00e9gion \u00cele-de-France, a \u00e9galement f\u00e9licit\u00e9 Michel Barnier.<\/p>\n<p class=\"asset asset-text\">Le pr\u00e9sident du groupe LR \u00e0 l\u2019Assembl\u00e9e nationale, Laurent Wauquiez, a aussi adress\u00e9 ses \u00ab\u00a0f\u00e9licitations\u00a0\u00bb \u00e0 Michel Barnier dans un message publi\u00e9 sur X.<\/p>\n<p>    Message de Rachida Dati apr\u00e8s des mois compliqu\u00e9s    <\/p>\n<p class=\"asset asset-text\">Le Premier ministre le plus \u00e9ph\u00e9m\u00e8re de la Ve\u00a0R\u00e9publique appara\u00eet d\u00e9sormais bien plac\u00e9 pour devenir le seul d\u00e9put\u00e9 LR de la capitale, dont les 18 circonscriptions sont partag\u00e9es depuis 2022 entre la gauche et les macronistes.<\/p>\n<p class=\"asset asset-text\">Si Renaissance a consenti \u00e0 soutenir Michel Barnier dans cette circonscription\u00a0qu\u2019elle tenait pourtant depuis huit ans, la d\u00e9cision de l\u2019ancien n\u00e9gociateur du Brexit de prendre comme suppl\u00e9ante Florence Berthout, membre du parti Horizons, a passablement irrit\u00e9.<\/p>\n<p class=\"asset asset-text\">Michel Barnier, 74\u00a0ans, avait en outre d\u00fb affronter le courroux de la maire LR du 7e arrondissement, Rachida Dati, qui avait menac\u00e9 de se pr\u00e9senter face \u00e0 lui, le soup\u00e7onnant d\u2019avoir des ambitions municipales et lui reprochant son manque d\u2019ancrage parisien. Elle s\u2019\u00e9tait finalement d\u00e9sist\u00e9e, en \u00e9change de la garantie d\u2019\u00eatre la candidate officielle de LR pour les municipales de 2026 \u00e0 Paris.<\/p>\n<p class=\"asset asset-text\">Visiblement pas rancuni\u00e8re, Rachida Dati lui a adress\u00e9 ses \u00ab\u00a0f\u00e9licitations\u00a0\u00bb ce dimanche soir, notant \u00ab\u00a0un score remarquable de 58,5\u00a0% dans le 7e arrondissement\u00a0\u00bb, dont elle est maire.<\/p>\n<p> La lecture de ce contenu est susceptible d\u2019entra\u00eener un d\u00e9p\u00f4t de cookies de la part de l\u2019op\u00e9rateur tiers qui l\u2019h\u00e9berge. Compte-tenu des choix que vous avez exprim\u00e9s en mati\u00e8re de d\u00e9p\u00f4t de cookies, nous avons bloqu\u00e9 l\u2019affichage de ce contenu. Si vous souhaitez y acc\u00e9der, vous devez accepter la cat\u00e9gorie de cookies \u201cContenus tiers\u201d en cliquant sur le bouton ci-dessous. <\/p>\n<p> Lire la Vid\u00e9o            <\/p>\n<p class=\"asset asset-text\">Celui qui avait fait de la Savoie son fief \u00e9lectoral pendant des ann\u00e9es &#8211; d\u00e9put\u00e9, s\u00e9nateur, pr\u00e9sident de l\u2019assembl\u00e9e d\u00e9partementale &#8211; avait assur\u00e9 vivre \u00ab\u00a0depuis douze ans\u00a0\u00bb dans cette circonscription des beaux quartiers de la rive gauche de la capitale, qui longe la Seine du jardin du Luxembourg \u00e0 la Tour Eiffel, pour justifier sa candidature. Mais c\u2019est \u00e0 la faveur d\u2019une procuration donn\u00e9e par \u00ab\u00a0un ami\u00a0\u00bb qu\u2019il s\u2019est rendu aux urnes dimanche, faute d\u2019inscription sur les listes \u00e9lectorales parisiennes.<\/p>\n<p class=\"asset asset-text\">Face \u00e0 lui au second tour, la socialiste Fr\u00e9d\u00e9rique Bredin, 68\u00a0ans, a \u00e9galement d\u00e9j\u00e0 connu le Palais Bourbon en tant que d\u00e9put\u00e9e de Seine-Maritime. L\u2019ancienne ministre de la Jeunesse et des Sports (1991-1993) fut \u00e9galement maire de F\u00e9camp, d\u00e9put\u00e9e europ\u00e9enne, avant de prendre la t\u00eate du Centre national du cin\u00e9ma entre 2013 et 2019. Lors de cette campagne, elle a re\u00e7u le soutien de l\u2019ancien d\u00e9put\u00e9 macroniste de la circonscription entre 2017 et 2024, Gilles Le\u00a0Gendre.<\/p>\n","protected":false},"excerpt":{"rendered":"STEPHANE DE SAKUTIN \/ AFP L\u2019ex-Premier ministre Michel Barnier (Les R\u00e9publicains) a annonc\u00e9 dimanche 21\u00a0septembre \u00eatre arriv\u00e9 \u00ab\u00a0tr\u00e8s&hellip;\n","protected":false},"author":2,"featured_media":406819,"comment_status":"","ping_status":"","sticky":false,"template":"","format":"standard","meta":{"footnotes":""},"categories":[1888],"tags":[11,1777,674,1011,27,39207,27636,12,626,316,417,25],"class_list":{"0":"post-408054","1":"post","2":"type-post","3":"status-publish","4":"format-standard","5":"has-post-thumbnail","7":"category-paris","8":"tag-actualites","9":"tag-eu","10":"tag-europe","11":"tag-fr","12":"tag-france","13":"tag-legislative-partielle","14":"tag-michel-barnier","15":"tag-news","16":"tag-paris","17":"tag-politique","18":"tag-rachida-dati","19":"tag-republique-francaise"},"share_on_mastodon":{"url":"https:\/\/pubeurope.com\/@fr\/115244501352558787","error":""},"_links":{"self":[{"href":"https:\/\/www.europesays.com\/fr\/wp-json\/wp\/v2\/posts\/408054","targetHints":{"allow":["GET"]}}],"collection":[{"href":"https:\/\/www.europesays.com\/fr\/wp-json\/wp\/v2\/posts"}],"about":[{"href":"https:\/\/www.europesays.com\/fr\/wp-json\/wp\/v2\/types\/post"}],"author":[{"embeddable":true,"href":"https:\/\/www.europesays.com\/fr\/wp-json\/wp\/v2\/users\/2"}],"replies":[{"embeddable":true,"href":"https:\/\/www.europesays.com\/fr\/wp-json\/wp\/v2\/comments?post=408054"}],"version-history":[{"count":0,"href":"https:\/\/www.europesays.com\/fr\/wp-json\/wp\/v2\/posts\/408054\/revisions"}],"wp:featuredmedia":[{"embeddable":true,"href":"https:\/\/www.europesays.com\/fr\/wp-json\/wp\/v2\/media\/406819"}],"wp:attachment":[{"href":"https:\/\/www.europesays.com\/fr\/wp-json\/wp\/v2\/media?parent=408054"}],"wp:term":[{"taxonomy":"category","embeddable":true,"href":"https:\/\/www.europesays.com\/fr\/wp-json\/wp\/v2\/categories?post=408054"},{"taxonomy":"post_tag","embeddable":true,"href":"https:\/\/www.europesays.com\/fr\/wp-json\/wp\/v2\/tags?post=408054"}],"curies":[{"name":"wp","href":"https:\/\/api.w.org\/{rel}","templated":true}]}}