{"id":408055,"date":"2025-09-21T21:51:10","date_gmt":"2025-09-21T21:51:10","guid":{"rendered":"https:\/\/www.europesays.com\/fr\/408055\/"},"modified":"2025-09-21T21:51:10","modified_gmt":"2025-09-21T21:51:10","slug":"le-conseil-de-securite-de-lonu-tiendra-une-reunion-durgence-lundi-liberation","status":"publish","type":"post","link":"https:\/\/www.europesays.com\/fr\/408055\/","title":{"rendered":"le Conseil de s\u00e9curit\u00e9 de l\u2019ONU tiendra une r\u00e9union d\u2019urgence lundi \u2013 Lib\u00e9ration"},"content":{"rendered":"<p class=\"sc-cPiKLX AiZTS text-element\">Le minist\u00e8re estonien des Affaires \u00e9trang\u00e8res a annonc\u00e9 ce dimanche 21\u00a0septembre qu\u2019une r\u00e9union extraordinaire du Conseil de s\u00e9curit\u00e9 de l\u2019ONU se tiendrait \u00e0 sa demande lundi, \u00e0 la suite de <a href=\"https:\/\/www.liberation.fr\/international\/europe\/une-audace-sans-precedent-lestonie-denonce-une-violation-sans-precedent-de-son-espace-aerien-par-trois-avions-de-combat-russes-20250919_HLAICE2JQZH3JAGK6QYU2AMO4U\/\" target=\"_blank\" rel=\"noreferrer noopener\" title=\"https:\/\/www.liberation.fr\/international\/europe\/une-audace-sans-precedent-lestonie-denonce-une-violation-sans-precedent-de-son-espace-aerien-par-trois-avions-de-combat-russes-20250919_HLAICE2JQZH3JAGK6QYU2AMO4U\/\">l\u2019incursion de trois avions russes<\/a> dans son espace a\u00e9rien. Trois avions de chasse MiG-31 de la F\u00e9d\u00e9ration de Russie sont entr\u00e9s dans l\u2019espace a\u00e9rien estonien au-dessus du golfe de Finlande et y sont rest\u00e9s pendant environ 12 minutes, ont alert\u00e9 vendredi l\u2019Estonie et l\u2019Otan. <\/p>\n<p class=\"sc-cPiKLX AiZTS text-element\">L\u2019Italie, qui assume au sein de l\u2019Otan une mission de police du ciel balte, mais aussi la Su\u00e8de et la Finlande ont fait d\u00e9coller des appareils <a href=\"https:\/\/www.liberation.fr\/international\/europe\/incursion-davions-russes-en-estonie-dans-le-contexte-actuel-ca-ne-fait-que-rajouter-de-linsecurite-20250919_UCOIBALIXNGI5E3PMX57H3VXNY\/\" target=\"_blank\" rel=\"noreferrer noopener\" title=\"https:\/\/www.liberation.fr\/international\/europe\/incursion-davions-russes-en-estonie-dans-le-contexte-actuel-ca-ne-fait-que-rajouter-de-linsecurite-20250919_UCOIBALIXNGI5E3PMX57H3VXNY\/\">pour intercepter les trois intrus<\/a>. <\/p>\n<p class=\"sc-cPiKLX AiZTS text-element\">\u00abUne violation flagrante de l\u2019espace a\u00e9rien estonien par la Russie\u00bb, d\u00e9nonce la diplomatie estonienne dans un communiqu\u00e9 publi\u00e9 ce dimanche. Il s\u2019agit de la premi\u00e8re fois en 34\u00a0ans d\u2019adh\u00e9sion de l\u2019Estonie \u00e0 l\u2019ONU que ce pays membre de l\u2019UE et de <a href=\"https:\/\/www.liberation.fr\/international\/europe\/avec-ses-drones-en-pologne-moscou-teste-lotan-20250910_KC675TLPPBBMXHW6YG55VMUQ2M\/\" target=\"_blank\" rel=\"noreferrer noopener\" title=\"https:\/\/www.liberation.fr\/international\/europe\/avec-ses-drones-en-pologne-moscou-teste-lotan-20250910_KC675TLPPBBMXHW6YG55VMUQ2M\/\">l\u2019Organisation du trait\u00e9 de l\u2019Atlantique nord (Otan)<\/a>, et ferme soutien de l\u2019Ukraine, demande officiellement une r\u00e9union d\u2019urgence du Conseil de s\u00e9curit\u00e9. <\/p>\n<p class=\"sc-cPiKLX AiZTS text-element\">Le Premier ministre estonien a annonc\u00e9 vendredi que son pays allait demander \u00e0 l\u2019Otan d\u2019activer <a href=\"https:\/\/www.liberation.fr\/international\/explosion-en-pologne-comment-fonctionnent-les-articles-4-et-5-de-lotan-20221116_AXMKT6JI5RHPVJFXXSAAPAJMLU\/\" target=\"_blank\" rel=\"noreferrer noopener\" title=\"https:\/\/www.liberation.fr\/international\/explosion-en-pologne-comment-fonctionnent-les-articles-4-et-5-de-lotan-20221116_AXMKT6JI5RHPVJFXXSAAPAJMLU\/\">l\u2019Article\u00a04 du trait\u00e9 Atlantique<\/a> qui pr\u00e9voit des consultations entre alli\u00e9s en cas de menace sur l\u2019un de ses membres. Selon le chef de la diplomatie estonienne, Margus Tsahkna, cette violation \u00abfait partie d\u2019un sch\u00e9ma comportemental plus large de la Russie, visant \u00e0 tester la d\u00e9termination de l\u2019Europe et de l\u2019Otan\u00bb. <\/p>\n<p class=\"sc-cPiKLX AiZTS text-element\">Il y a dix jours, une vingtaine de drones russes ont p\u00e9n\u00e9tr\u00e9 <a href=\"https:\/\/www.liberation.fr\/international\/europe\/incursion-de-drones-en-pologne-la-defense-antiaerienne-est-une-question-fondamentale-pour-leurope-20250917_RNYYLNO2BZCSFGMNQI2VJJ5XWU\/\" target=\"_blank\" rel=\"noreferrer noopener\" title=\"https:\/\/www.liberation.fr\/international\/europe\/incursion-de-drones-en-pologne-la-defense-antiaerienne-est-une-question-fondamentale-pour-leurope-20250917_RNYYLNO2BZCSFGMNQI2VJJ5XWU\/\">dans l\u2019espace a\u00e9rien polonais<\/a>, et peu apr\u00e8s un drone de combat russe est rest\u00e9 <a href=\"https:\/\/www.liberation.fr\/international\/europe\/frappes-russes-en-ukraine-nouvelle-incursion-dun-drone-dans-le-ciel-dun-pays-de-lotan-en-roumanie-20250914_KSHMWNAPPJAUVLKR23JMHW2HOE\/\" target=\"_blank\" rel=\"noreferrer noopener\" title=\"https:\/\/www.liberation.fr\/international\/europe\/frappes-russes-en-ukraine-nouvelle-incursion-dun-drone-dans-le-ciel-dun-pays-de-lotan-en-roumanie-20250914_KSHMWNAPPJAUVLKR23JMHW2HOE\/\">dans l\u2019espace a\u00e9rien roumain<\/a> pendant une heure. <\/p>\n<p class=\"sc-cPiKLX AiZTS text-element\">Ce dimanche, l\u2019Allemagne a fait d\u00e9coller ses appareils apr\u00e8s avoir observ\u00e9 un avion non identifi\u00e9 dans l\u2019espace a\u00e9rien international, au-dessus de la Baltique. \u00abUne fois de plus, notre escadron d\u2019alerte, compos\u00e9 de deux Eurofighters, a \u00e9t\u00e9 charg\u00e9 par l\u2019Otan de v\u00e9rifier un avion non identifi\u00e9, sans plan de vol ni contact radio. Il s\u2019agissait d\u2019un avion de reconnaissance russe IL-20M\u00bb, selon un communiqu\u00e9 de l\u2019arm\u00e9e de l\u2019air allemande. <\/p>\n<p class=\"sc-cPiKLX AiZTS text-element\">Vendredi soir, les garde-c\u00f4tes polonais avaient signal\u00e9 le \u00absurvol \u00e0 basse altitude\u00bb par deux avions de chasse russes d\u2019une plateforme p\u00e9troli\u00e8re polonaise en mer Baltique. <\/p>\n<p class=\"sc-cPiKLX AiZTS text-element\">\u00abCe comportement n\u00e9cessite une r\u00e9ponse internationale\u00bb, a estim\u00e9 le chef de la diplomatie estonienne cit\u00e9 dans le communiqu\u00e9. Et Margus Tsahkna d\u2019ajouter que \u00abla conduite de la Russie est incompatible avec les responsabilit\u00e9s d\u2019un membre permanent du Conseil de s\u00e9curit\u00e9 de l\u2019ONU\u00bb. <\/p>\n<p class=\"sc-cPiKLX AiZTS text-element\"><b>Mise \u00e0 jour : <\/b>\u00e0 17 h 27, avec l\u2019ajout de la d\u00e9claration de l\u2019arm\u00e9e de l\u2019air allemande. <\/p>\n","protected":false},"excerpt":{"rendered":"Le minist\u00e8re estonien des Affaires \u00e9trang\u00e8res a annonc\u00e9 ce dimanche 21\u00a0septembre qu\u2019une r\u00e9union extraordinaire du Conseil de s\u00e9curit\u00e9&hellip;\n","protected":false},"author":2,"featured_media":408056,"comment_status":"","ping_status":"","sticky":false,"template":"","format":"standard","meta":{"footnotes":""},"categories":[1591],"tags":[11,1909,1887,12,3521,1885,1886,132,297],"class_list":{"0":"post-408055","1":"post","2":"type-post","3":"status-publish","4":"format-standard","5":"has-post-thumbnail","7":"category-russie","8":"tag-actualites","9":"tag-estonie","10":"tag-federation-de-russie","11":"tag-news","12":"tag-onu","13":"tag-russia","14":"tag-russian-federation","15":"tag-russie","16":"tag-ukraine-la-crise"},"share_on_mastodon":{"url":"https:\/\/pubeurope.com\/@fr\/115244504490998777","error":""},"_links":{"self":[{"href":"https:\/\/www.europesays.com\/fr\/wp-json\/wp\/v2\/posts\/408055","targetHints":{"allow":["GET"]}}],"collection":[{"href":"https:\/\/www.europesays.com\/fr\/wp-json\/wp\/v2\/posts"}],"about":[{"href":"https:\/\/www.europesays.com\/fr\/wp-json\/wp\/v2\/types\/post"}],"author":[{"embeddable":true,"href":"https:\/\/www.europesays.com\/fr\/wp-json\/wp\/v2\/users\/2"}],"replies":[{"embeddable":true,"href":"https:\/\/www.europesays.com\/fr\/wp-json\/wp\/v2\/comments?post=408055"}],"version-history":[{"count":0,"href":"https:\/\/www.europesays.com\/fr\/wp-json\/wp\/v2\/posts\/408055\/revisions"}],"wp:featuredmedia":[{"embeddable":true,"href":"https:\/\/www.europesays.com\/fr\/wp-json\/wp\/v2\/media\/408056"}],"wp:attachment":[{"href":"https:\/\/www.europesays.com\/fr\/wp-json\/wp\/v2\/media?parent=408055"}],"wp:term":[{"taxonomy":"category","embeddable":true,"href":"https:\/\/www.europesays.com\/fr\/wp-json\/wp\/v2\/categories?post=408055"},{"taxonomy":"post_tag","embeddable":true,"href":"https:\/\/www.europesays.com\/fr\/wp-json\/wp\/v2\/tags?post=408055"}],"curies":[{"name":"wp","href":"https:\/\/api.w.org\/{rel}","templated":true}]}}