{"id":408057,"date":"2025-09-21T21:52:16","date_gmt":"2025-09-21T21:52:16","guid":{"rendered":"https:\/\/www.europesays.com\/fr\/408057\/"},"modified":"2025-09-21T21:52:16","modified_gmt":"2025-09-21T21:52:16","slug":"reunion-extraordinaire-au-conseil-de-securite-droits-humains-en-russie-et-promesse-de-trump-2","status":"publish","type":"post","link":"https:\/\/www.europesays.com\/fr\/408057\/","title":{"rendered":"R\u00e9union extraordinaire au conseil de s\u00e9curit\u00e9, droits humains en Russie et promesse de Trump"},"content":{"rendered":"<p>Vous avez rat\u00e9 les derniers \u00e9v\u00e9nements sur la <a href=\"https:\/\/www.20minutes.fr\/monde\/ukraine\/\" class=\"c-link c-link--is-underlined\" target=\"_blank\" rel=\"noopener\">guerre en Ukraine<\/a>\u00a0? 20 Minutes fait le point pour vous tous les soirs. Voici l\u2019essentiel de ce dimanche 21\u00a0septembre, 1.306e jour du conflit.<\/p>\n<p>Le fait du jour<\/p>\n<p>Le minist\u00e8re estonien des Affaires \u00e9trang\u00e8res a annonc\u00e9 ce dimanche qu\u2019une r\u00e9union extraordinaire du Conseil de s\u00e9curit\u00e9 de l\u2019ONU se tiendrait \u00e0 sa demande lundi. Au c\u0153ur des discussions\u00a0: l\u2019incursion de <a href=\"https:\/\/www.20minutes.fr\/monde\/etats-unis\/4174363-20250921-tous-tous-trump-assure-defendra-pologne-pays-baltes-cas-escalade-russe\" target=\"_blank\" class=\"c-link c-link--is-underlined\" rel=\"noopener\">trois avions russes dans son espace a\u00e9rien<\/a>. Ils y sont rest\u00e9s pendant environ 12 minutes. L\u2019Italie, qui assume au sein de l\u2019Otan une mission de police du ciel balte, mais aussi la Su\u00e8de et la Finlande ont fait d\u00e9coller des appareils pour intercepter les trois intrus.<\/p>\n<p>Il s\u2019agit de la premi\u00e8re fois en trente-quatre ans d\u2019adh\u00e9sion de l\u2019Estonie \u00e0 l\u2019ONU que ce pays membre de l\u2019UE et de l\u2019Otan, et <a href=\"https:\/\/www.20minutes.fr\/monde\/russie\/4174342-20250921-incursion-russes-estonie-reunion-urgence-lundi-conseil-securite-onu\" target=\"_blank\" class=\"c-link c-link--is-underlined\" rel=\"noopener\">ferme soutien de l\u2019Ukraine<\/a>, demande officiellement une r\u00e9union d\u2019urgence du Conseil de s\u00e9curit\u00e9.<\/p>\n<p>La d\u00e9claration du jour<\/p>\n<blockquote class=\"mx-m@xs mx-xxl@md color-ultramarine c-citation\">\n<p class=\"font-weight-regular@xs text-italic font-source-serif-pro text-l@xs c-citation__content\">\u00ab\u00a0\u00ab\u00a0La situation des droits de l&rsquo;homme s\u2019est r\u00e9guli\u00e8rement d\u00e9t\u00e9rior\u00e9e, constituant un d\u00e9clin sismique\u00a0\u00bb &#8211; Mariana Katzarova\u00a0\u00bb<\/p>\n<\/blockquote>\n<p>La situation des droits humains en Russie s\u2019est aggrav\u00e9e depuis le d\u00e9but de la guerre en Ukraine, a indiqu\u00e9 la rapporteuse sp\u00e9ciale de l\u2019ONU, \u00e9voquant notamment le recours \u00e0 la torture et la participation de professionnels de sant\u00e9 aux abus.<\/p>\n<p>Mariana Katzarova a soulign\u00e9 que les autorit\u00e9s russes ont proc\u00e9d\u00e9 \u00e0 une r\u00e9pression syst\u00e9matique des critiques depuis le d\u00e9but de l\u2019invasion de l\u2019Ukraine en f\u00e9vrier\u00a02022. Au cours de cette p\u00e9riode, \u00ab\u00a0les autorit\u00e9s russes ont intensifi\u00e9 leur utilisation des poursuites p\u00e9nales, des longues peines de prison, de l\u2019intimidation, de la torture et des mauvais traitements pour r\u00e9duire au silence l\u2019opposition \u00e0 la guerre\u00a0\u00bb, selon le rapport.<\/p>\n<p>Mariana Katzarova, qui a \u00e9t\u00e9 nomm\u00e9 par le Conseil en\u00a02023, a relev\u00e9 que le narratif officiel russe pr\u00e9sentait \u00ab\u00a0l\u2019exercice l\u00e9gitime des droits de l&rsquo;homme comme des \u00ab\u00a0menaces existentielles \u00e0 la s\u00e9curit\u00e9\u00a0\u00bb et d\u00e9crivait ces personnes comme \u00ab\u00a0des ennemis de l\u2019Etat\u00a0\u00bb.\u00a0\u00bb<\/p>\n<\/p>\n<p>Le chiffre du jour<\/p>\n<p>23 (- 1). Vingt-deux pays ont particip\u00e9 samedi soir \u00e0 l\u2019Intervision, un concours musical relanc\u00e9 par la Russie pour faire la promotion des \u00ab\u00a0valeurs traditionnelles\u00a0\u00bb et rivaliser avec l\u2019<a href=\"https:\/\/www.20minutes.fr\/arts-stars\/culture\/eurovision\/\" class=\"c-link c-link--is-underlined\" target=\"_blank\" rel=\"noopener\">Eurovision<\/a> aux valeurs jug\u00e9es \u00ab\u00a0d\u00e9cadentes\u00a0\u00bb. Vingt-trois pays \u00e9taient cens\u00e9s participer mais Vassy (Vasiliki Karagiorgos), chanteuse australienne de musique \u00e9lectronique et pop qui devait repr\u00e9senter les Etats-Unis, a d\u00fb se retirer au dernier moment. Les organisateurs ont \u00e9voqu\u00e9 \u00ab\u00a0des pressions politiques sans pr\u00e9c\u00e9dent du gouvernement australien\u00a0\u00bb exerc\u00e9es sur la chanteuse.<\/p>\n<p>N\u00e9 \u00e0 l\u2019\u00e9poque sovi\u00e9tique et r\u00e9instaur\u00e9 cette ann\u00e9e sur ordre de Vladimir Poutine, le concours a \u00e9t\u00e9 remport\u00e9 par le Vietnam. Le Russe Shaman, figure embl\u00e9matique des concerts patriotiques, a pr\u00e9sent\u00e9, lui, une chanson lyrique, avant d\u2019annoncer qu\u2019il demandait au jury de ne pas prendre en compte sa participation. \u00ab\u00a0L\u2019hospitalit\u00e9 est une partie inali\u00e9nable de l\u2019\u00e2me russe, et je comprends que, selon la loi d\u2019hospitalit\u00e9, je n\u2019ai pas le droit d\u2019\u00eatre parmi les pr\u00e9tendants \u00e0 la victoire\u00a0\u00bb, a-t-il lanc\u00e9.<\/p>\n<p>La tendance<\/p>\n<p><a href=\"https:\/\/www.20minutes.fr\/dossier\/donald_trump\" class=\"c-link c-link--is-underlined\" target=\"_blank\" rel=\"noopener\">Donald Trump<\/a> a assur\u00e9 que les Etats-Unis participeraient \u00e0 la d\u00e9fense de la Pologne et des pays baltes si la Russie intensifiait son activit\u00e9 militaire dans la r\u00e9gion, deux jours apr\u00e8s l\u2019incursion d\u2019avions russes en Estonie.<\/p>\n<p>A la question d\u2019un journaliste lui demandant s\u2019il aiderait \u00e0 d\u00e9fendre ces quatre pays membres de l\u2019Otan si la Russie acc\u00e9l\u00e9rait encore ses actions dans la r\u00e9gion, le pr\u00e9sident am\u00e9ricain a r\u00e9pondu \u00ab\u00a0oui, je le ferais, je le ferais\u00a0\u00bb.<\/p>\n","protected":false},"excerpt":{"rendered":"Vous avez rat\u00e9 les derniers \u00e9v\u00e9nements sur la guerre en Ukraine\u00a0? 20 Minutes fait le point pour vous&hellip;\n","protected":false},"author":2,"featured_media":408058,"comment_status":"","ping_status":"","sticky":false,"template":"","format":"standard","meta":{"footnotes":""},"categories":[1590],"tags":[47,11,75,1777,674,131,3019,74,12,132,220,135,134],"class_list":{"0":"post-408057","1":"post","2":"type-post","3":"status-publish","4":"format-standard","5":"has-post-thumbnail","7":"category-ukraine","8":"tag-actualite","9":"tag-actualites","10":"tag-donald-trump","11":"tag-eu","12":"tag-europe","13":"tag-guerre-en-ukraine","14":"tag-iran","15":"tag-monde","16":"tag-news","17":"tag-russie","18":"tag-ukraine","19":"tag-vladimir-poutine","20":"tag-volodymyr-zelensky"},"share_on_mastodon":{"url":"https:\/\/pubeurope.com\/@fr\/115244508971319732","error":""},"_links":{"self":[{"href":"https:\/\/www.europesays.com\/fr\/wp-json\/wp\/v2\/posts\/408057","targetHints":{"allow":["GET"]}}],"collection":[{"href":"https:\/\/www.europesays.com\/fr\/wp-json\/wp\/v2\/posts"}],"about":[{"href":"https:\/\/www.europesays.com\/fr\/wp-json\/wp\/v2\/types\/post"}],"author":[{"embeddable":true,"href":"https:\/\/www.europesays.com\/fr\/wp-json\/wp\/v2\/users\/2"}],"replies":[{"embeddable":true,"href":"https:\/\/www.europesays.com\/fr\/wp-json\/wp\/v2\/comments?post=408057"}],"version-history":[{"count":0,"href":"https:\/\/www.europesays.com\/fr\/wp-json\/wp\/v2\/posts\/408057\/revisions"}],"wp:featuredmedia":[{"embeddable":true,"href":"https:\/\/www.europesays.com\/fr\/wp-json\/wp\/v2\/media\/408058"}],"wp:attachment":[{"href":"https:\/\/www.europesays.com\/fr\/wp-json\/wp\/v2\/media?parent=408057"}],"wp:term":[{"taxonomy":"category","embeddable":true,"href":"https:\/\/www.europesays.com\/fr\/wp-json\/wp\/v2\/categories?post=408057"},{"taxonomy":"post_tag","embeddable":true,"href":"https:\/\/www.europesays.com\/fr\/wp-json\/wp\/v2\/tags?post=408057"}],"curies":[{"name":"wp","href":"https:\/\/api.w.org\/{rel}","templated":true}]}}