{"id":408059,"date":"2025-09-21T21:53:16","date_gmt":"2025-09-21T21:53:16","guid":{"rendered":"https:\/\/www.europesays.com\/fr\/408059\/"},"modified":"2025-09-21T21:53:16","modified_gmt":"2025-09-21T21:53:16","slug":"les-frais-astronomiques-de-donald-trump-sur-un-visa-emblematique-du-secteur-chamboulent-la-tech-lexpress","status":"publish","type":"post","link":"https:\/\/www.europesays.com\/fr\/408059\/","title":{"rendered":"Les frais astronomiques de Donald Trump sur un visa embl\u00e9matique du secteur chamboulent la tech \u2013 L&rsquo;Express"},"content":{"rendered":"<p class=\"paragraph article-body-paragraph article__item   article-body-paragraph--first \">En l\u2019espace de 24 heures, les entreprises de la tech am\u00e9ricaine, au premier rang desquelles <a href=\"https:\/\/www.lexpress.fr\/economie\/high-tech\/microsoft-windows_1492040.html\" target=\"_self\" rel=\"noopener\" title=\"https:\/\/www.lexpress.fr\/economie\/high-tech\/microsoft-windows_1492040.html\">Microsoft<\/a>, Google et <a href=\"https:\/\/www.lexpress.fr\/economie\/entreprises\/vente-en-ligne-par-amazon_1492037.html\" target=\"_self\" rel=\"noopener\" title=\"https:\/\/www.lexpress.fr\/economie\/entreprises\/vente-en-ligne-par-amazon_1492037.html\">Amazon<\/a>, ont \u00e9t\u00e9 secou\u00e9es par une grande confusion, tout droit venue de la Maison-Blanche. <a href=\"https:\/\/www.nytimes.com\/2025\/09\/20\/business\/trump-h1b-visas-fee-employees.html\" target=\"_self\" rel=\"noopener\" title=\"https:\/\/www.nytimes.com\/2025\/09\/20\/business\/trump-h1b-visas-fee-employees.html\">The New York Times<\/a> \u00e9voque m\u00eame \u00ab\u00a0un chaos\u00a0\u00bb.<\/p>\n<p class=\"paragraph article-body-paragraph article__item   \">Vendredi, en fin de journ\u00e9e, le pr\u00e9sident am\u00e9ricain <a href=\"https:\/\/www.lexpress.fr\/monde\/amerique\/donald-trump_1702460.html\" target=\"_self\" rel=\"noopener\" title=\"https:\/\/www.lexpress.fr\/monde\/amerique\/donald-trump_1702460.html\">Donald Trump<\/a> a annonc\u00e9 la mise en place de frais annuels s\u2019\u00e9levant \u00e0 100 000 dollars pour des visas de travail tr\u00e8s utilis\u00e9s dans leur secteur. Il s\u2019agit des <a href=\"https:\/\/www.lexpress.fr\/monde\/amerique\/donald-trump-elon-musk-quand-les-trumpistes-se-dechirent-sur-limmigration-Q3IDDS334BHGVIP7X7NZ36FUG4\/\" target=\"_self\" rel=\"noopener\" title=\"https:\/\/www.lexpress.fr\/monde\/amerique\/donald-trump-elon-musk-quand-les-trumpistes-se-dechirent-sur-limmigration-Q3IDDS334BHGVIP7X7NZ36FUG4\/\">visas H-1B<\/a>, qui permettent \u00e0 des travailleurs \u00e9trangers aux qualifications pr\u00e9cises (scientifiques, ing\u00e9nieurs et programmateurs informatiques entre autres) de venir travailler aux Etats-Unis pour une dur\u00e9e d\u00e9termin\u00e9e, d\u2019une p\u00e9riode initiale de trois ans, prolongeable \u00e0 six ans. L\u2019entr\u00e9e en vigueur de la mesure \u00e9tait annonc\u00e9e pour ce dimanche 21 septembre, soit tout juste 48 heures apr\u00e8s l\u2019annonce.<\/p>\n<p>Retours en urgence<\/p>\n<p class=\"paragraph article-body-paragraph article__item   \">Faute de pr\u00e9cisions sur la mesure, peu de temps apr\u00e8s la signature du d\u00e9cret par Donald Trump, les employ\u00e9s de Microsoft, d\u2019Amazon et de JPMorgan ont re\u00e7u des avis conseillant aux titulaires de visas H-1B qui se trouvaient \u00e0 l\u2019ext\u00e9rieur des \u00c9tats-Unis de revenir avant que les nouvelles r\u00e8gles n\u2019entrent en vigueur \u00e0 00h01 heure de l\u2019Est dimanche, rapporte The New York Times. La banque JP Morgan a par ailleurs confirm\u00e9 aupr\u00e8s de l\u2019Agence France Presse avoir envoy\u00e9 un message \u00e0 ses employ\u00e9s invitant \u00ab\u00a0les titulaires d\u2019un visa H-1B actuellement aux \u00c9tats-Unis\u00a0\u00bb \u00e0 \u00ab\u00a0rester dans le pays et \u00e9viter tout voyage international jusqu\u2019\u00e0 ce que le gouvernement publie des directives claires en mati\u00e8re de d\u00e9placement\u00a0\u00bb. Les ressources humaines des entreprises du secteur se sont reparties des listes de travailleurs \u00e0 appeler, et ont essay\u00e9 de d\u00e9terminer la localisation des employ\u00e9s afin de pouvoir les aider \u00e0 r\u00e9server des vols en urgence, si n\u00e9cessaire, raconte <a href=\"https:\/\/www.wsj.com\/politics\/policy\/trumps-100-000-h-1b-visa-fee-sets-off-scramble-across-corporate-america-adb14a3c?mod=hp_lead_pos1\" target=\"_self\" rel=\"noopener\" title=\"https:\/\/www.wsj.com\/politics\/policy\/trumps-100-000-h-1b-visa-fee-sets-off-scramble-across-corporate-america-adb14a3c?mod=hp_lead_pos1\">The Wall Street Journal<\/a>.<\/p>\n<p><strong class=\"article-body-link-list__item text-gray-800 article-body-link-list__item--one-item\">LIRE AUSSI : <a class=\"article-body-link-list__item-link\" href=\"https:\/\/www.lexpress.fr\/economie\/high-tech\/avec-donald-trump-la-tech-americaine-a-t-elle-mise-sur-le-mauvais-cheval-NS5PEHANS5ETFDTK7GE5PK27CM\/\" target=\"_blank\" rel=\"noopener\">Avec Donald Trump, la tech am\u00e9ricaine a-t-elle mis\u00e9 sur le mauvais cheval ?<\/a><\/strong><\/p>\n<p class=\"paragraph article-body-paragraph article__item   \">Face \u00e0 la confusion g\u00e9n\u00e9rale, la Maison-Blanche a clarifi\u00e9 samedi les conditions d\u2019imposition de ces frais de 100 000 dollars. \u00ab\u00a0Cela concerne uniquement les nouveaux visas et non pas les renouvellements ni les actuels d\u00e9tenteurs de ces visas\u00a0\u00bb, a pr\u00e9cis\u00e9 sur X la porte-parole de la Maison-Blanche, Karoline Leavitt. \u00ab\u00a0Il s\u2019agit de frais \u00e0 payer une seule fois qui ne s\u2019appliquent qu\u2019\u00e0 la demande de visa. Ceux qui sont d\u00e9j\u00e0 titulaires de visas H-1B et se trouvent actuellement hors du pays ne devront pas payer 100 000 dollars pour rentrer\u00a0\u00bb, a-t-elle ajout\u00e9.<\/p>\n<p>\u00ab\u00a0Priorit\u00e9 aux travailleurs am\u00e9ricains\u00a0\u00bb<\/p>\n<p class=\"paragraph article-body-paragraph article__item   \">Le ministre du Commerce Howard Lutnick a insist\u00e9 vendredi sur le caract\u00e8re volontairement dissuasif de la mesure visant \u00e0 \u00ab\u00a0arr\u00eater de faire venir des gens pour prendre nos emplois\u00a0\u00bb. Si les grandes entreprises de la technologie continuent \u00e0 recruter des travailleurs \u00e9trangers, elles devront \u00ab\u00a0payer 100 000 dollars au gouvernement et, ensuite, payer leur employ\u00e9, ce n\u2019est pas rentable\u00a0\u00bb, a-t-il expliqu\u00e9. Donald Trump affiche depuis son premier mandat sa volont\u00e9 de limiter les visas H-1B afin de donner la priorit\u00e9 aux travailleurs am\u00e9ricains.<\/p>\n<p><strong class=\"article-body-link-list__item text-gray-800 article-body-link-list__item--one-item\">LIRE AUSSI : <a class=\"article-body-link-list__item-link\" href=\"https:\/\/www.lexpress.fr\/economie\/politique-economique\/droits-de-douane-la-suisse-victime-de-donald-trump-le-jour-de-lappel-il-etait-de-mauvaise-humeur-DBQR6SC3CZELHEAWOE74BQSFXU\/\" target=\"_blank\" rel=\"noopener\">Droits de douane, la Suisse victime de Donald Trump : \u00ab\u00a0Le jour de l&rsquo;appel, il \u00e9tait de mauvaise humeur&#8230;\u00a0\u00bb<\/a><\/strong><\/p>\n<p class=\"paragraph article-body-paragraph article__item   \">Le nombre de demandes de visas H-1B aux Etats-Unis a nettement progress\u00e9 ces derni\u00e8res ann\u00e9es, avec un pic d\u2019acceptations en 2022 sous la pr\u00e9sidence du d\u00e9mocrate <a href=\"https:\/\/www.lexpress.fr\/monde\/amerique\/la-sante-de-joe-biden-un-secret-detat-vertigineux-il-aurait-ete-incapable-de-discuter-avec-poutine-E27UORR52FGUNIAOA727IUZWWM\/\" target=\"_self\" rel=\"noopener\" title=\"https:\/\/www.lexpress.fr\/monde\/amerique\/la-sante-de-joe-biden-un-secret-detat-vertigineux-il-aurait-ete-incapable-de-discuter-avec-poutine-E27UORR52FGUNIAOA727IUZWWM\/\">Joe Biden<\/a>. A l\u2019oppos\u00e9, le pic de refus a \u00e9t\u00e9 enregistr\u00e9 en 2018, pendant le premier passage de Donald Trump \u00e0 la Maison-Blanche. Ce changement de politique pourrait porter un coup dur au secteur de la technologie qui d\u00e9pend fortement des travailleurs qualifi\u00e9s d\u2019Inde et de Chine, alors que plus de 70 % des b\u00e9n\u00e9ficiaires des visas H-1B entrent aux \u00c9tats-Unis depuis l\u2019Inde, pr\u00e9cise <a href=\"https:\/\/www.reuters.com\/business\/media-telecom\/trump-mulls-adding-new-100000-fee-h-1b-visas-bloomberg-news-reports-2025-09-19\/\" target=\"_self\" rel=\"noopener\" title=\"https:\/\/www.reuters.com\/business\/media-telecom\/trump-mulls-adding-new-100000-fee-h-1b-visas-bloomberg-news-reports-2025-09-19\/\">Reuters<\/a>. Le gouvernement indien a d\u2019ailleurs r\u00e9agi samedi disant qu\u2019il \u00e9tait encore en train de d\u00e9terminer \u00ab\u00a0toutes les implications\u00a0\u00bb des nouvelles r\u00e8gles de visa. \u00ab\u00a0Cette mesure est susceptible d\u2019avoir des cons\u00e9quences humanitaires en raison des perturbations caus\u00e9es pour les familles\u00a0\u00bb, a ajout\u00e9 le minist\u00e8re des Affaire \u00e9trang\u00e8res.<\/p>\n<p>Inqui\u00e9tudes sur la comp\u00e9titivit\u00e9 du secteur<\/p>\n<p class=\"paragraph article-body-paragraph article__item   \">Pour les partisans d\u2019un durcissement des conditions financi\u00e8res, le visa H-1B met \u00e0 l\u2019\u00e9cart les Am\u00e9ricains qui pourraient faire le travail et favorise le dumping social, les travailleurs \u00e9trangers \u00e9tant moins bien pay\u00e9s que les Am\u00e9ricains. De l\u2019autre c\u00f4t\u00e9, les entreprises de la tech, dont le patron de Tesla <a href=\"https:\/\/www.lexpress.fr\/monde\/amerique\/elon-musk-le-pari-trumpiste-de-lhomme-le-plus-riche-du-monde-ITB7WMQZXVGBHIEHACA56WEECI\/\" target=\"_self\" rel=\"noopener\" title=\"https:\/\/www.lexpress.fr\/monde\/amerique\/elon-musk-le-pari-trumpiste-de-lhomme-le-plus-riche-du-monde-ITB7WMQZXVGBHIEHACA56WEECI\/\">Elon Musk<\/a>, lui-m\u00eame titulaire d\u2019un visa H-1B, disent faire appel \u00e0 des travailleurs hautement qualifi\u00e9s essentiels pour combler les lacunes en mati\u00e8re de talents et maintenir la comp\u00e9titivit\u00e9 des entreprises.<\/p>\n<p><strong class=\"article-body-link-list__item text-gray-800 article-body-link-list__item--one-item\">LIRE AUSSI : <a class=\"article-body-link-list__item-link\" href=\"https:\/\/www.lexpress.fr\/monde\/amerique\/apres-la-mort-de-charlie-kirk-linquietante-chasse-aux-sorcieres-menee-par-ladministration-trump-72I75DJCZFEOFOAPKOSTJAKQME\/\" target=\"_blank\" rel=\"noopener\">Apr\u00e8s la mort de Charlie Kirk, l\u2019inqui\u00e9tante chasse aux sorci\u00e8res men\u00e9e par l\u2019administration Trump<\/a><\/strong><\/p>\n<p class=\"paragraph article-body-paragraph article__item   \">Dans le week-end, de nombreux dirigeants de l\u2019industrie se sont dits pr\u00e9occup\u00e9s par la fa\u00e7on dont ces frais \u00e9lev\u00e9s pourraient affecter la capacit\u00e9 des entreprises \u00e0 pourvoir des postes critiques. \u00ab\u00a0Nous sommes pr\u00e9occup\u00e9s par l\u2019impact sur les employ\u00e9s, leurs familles et les employeurs am\u00e9ricains\u00a0\u00bb, a d\u00e9clar\u00e9 dans un communiqu\u00e9 Matt Letourneau, porte-parole de la chambre de commerce. Aupr\u00e8s du New York Times, Adam Kovacevich, le fondateur et directeur g\u00e9n\u00e9ral de la Chamber of Progress, une coalition de gauche pour la politique de l\u2019industrie technologique, a d\u00e9clar\u00e9 qu\u2019il s\u2019attendait \u00e0 ce que les entreprises r\u00e9\u00e9valuent toute leur approche du programme de visa, et qu\u2019il s\u2019inqui\u00e9tait de la fa\u00e7on dont le changement pourrait affecter la comp\u00e9titivit\u00e9 de la nation dans des domaines comme <a href=\"https:\/\/www.lexpress.fr\/economie\/high-tech\/intelligence-artificielle-notre-dossier-complet-TSCLM2NRMZA7LBGBWDV3ILGMSI\/\" target=\"_self\" rel=\"noopener\" title=\"https:\/\/www.lexpress.fr\/economie\/high-tech\/intelligence-artificielle-notre-dossier-complet-TSCLM2NRMZA7LBGBWDV3ILGMSI\/\">l\u2019intelligence artificielle<\/a>. \u00ab\u00a0Je pense que cela va signifier que nous menons la guerre de l\u2019IA contre la Chine avec une main attach\u00e9e dans le dos, a-t-il dit. Il y a un nombre limit\u00e9 de talents pour l\u2019IA\u2026 Et certains d\u2019entre eux sont n\u00e9s \u00e0 l\u2019\u00e9tranger.\u00a0\u00bb<\/p>\n<p class=\"paragraph article-body-paragraph article__item    article__text__endpicto\">Cette mesure sur la taxation des visas H-B1 s\u2019inscrit dans <a href=\"https:\/\/www.lexpress.fr\/monde\/amerique\/loffensive-anti-immigration-de-donald-trump-monte-encore-dun-cran-4X35D7GJXRDG5CIWWO26Z53FKI\/\" target=\"_self\" rel=\"noopener\" title=\"https:\/\/www.lexpress.fr\/monde\/amerique\/loffensive-anti-immigration-de-donald-trump-monte-encore-dun-cran-4X35D7GJXRDG5CIWWO26Z53FKI\/\">la politique anti-immigration<\/a>, l\u00e9gale et ill\u00e9gale, port\u00e9e par Donald Trump depuis son retour \u00e0 la Maison-Blanche. Selon le journal \u00e9conomique <a href=\"https:\/\/www.bloomberg.com\/news\/articles\/2025-09-19\/trump-to-add-new-100-000-fee-for-h-1b-visas-in-latest-crackdown\" target=\"_self\" rel=\"noopener\" title=\"https:\/\/www.bloomberg.com\/news\/articles\/2025-09-19\/trump-to-add-new-100-000-fee-for-h-1b-visas-in-latest-crackdown\">Bloomberg<\/a>, la r\u00e9pression de l\u2019immigration a d\u00e9j\u00e0 commenc\u00e9 \u00e0 avoir un impact sur les projections d\u00e9mographiques et \u00e9conomiques du pays. Citant une note du Congr\u00e8s, le journal souligne que les pr\u00e9visions pour les prochains mois avancent une hausse de l\u2019inflation et du ch\u00f4mage ainsi qu\u2019un ralentissement de l\u2019\u00e9conomie, en partie \u00e0 cause d\u2019une immigration nette plus faible due \u00e0 ses politiques.<\/p>\n","protected":false},"excerpt":{"rendered":"En l\u2019espace de 24 heures, les entreprises de la tech am\u00e9ricaine, au premier rang desquelles Microsoft, Google et&hellip;\n","protected":false},"author":2,"featured_media":408060,"comment_status":"","ping_status":"","sticky":false,"template":"","format":"standard","meta":{"footnotes":""},"categories":[1589],"tags":[11,782,73,1866,74,12,1864,1865,1863,308],"class_list":{"0":"post-408059","1":"post","2":"type-post","3":"status-publish","4":"format-standard","5":"has-post-thumbnail","7":"category-etats-unis","8":"tag-actualites","9":"tag-ameriques","10":"tag-etats-unis","11":"tag-etats-unis-damerique","12":"tag-monde","13":"tag-news","14":"tag-united-states","15":"tag-united-states-of-america","16":"tag-us","17":"tag-usa"},"share_on_mastodon":{"url":"https:\/\/pubeurope.com\/@fr\/115244512200561995","error":""},"_links":{"self":[{"href":"https:\/\/www.europesays.com\/fr\/wp-json\/wp\/v2\/posts\/408059","targetHints":{"allow":["GET"]}}],"collection":[{"href":"https:\/\/www.europesays.com\/fr\/wp-json\/wp\/v2\/posts"}],"about":[{"href":"https:\/\/www.europesays.com\/fr\/wp-json\/wp\/v2\/types\/post"}],"author":[{"embeddable":true,"href":"https:\/\/www.europesays.com\/fr\/wp-json\/wp\/v2\/users\/2"}],"replies":[{"embeddable":true,"href":"https:\/\/www.europesays.com\/fr\/wp-json\/wp\/v2\/comments?post=408059"}],"version-history":[{"count":0,"href":"https:\/\/www.europesays.com\/fr\/wp-json\/wp\/v2\/posts\/408059\/revisions"}],"wp:featuredmedia":[{"embeddable":true,"href":"https:\/\/www.europesays.com\/fr\/wp-json\/wp\/v2\/media\/408060"}],"wp:attachment":[{"href":"https:\/\/www.europesays.com\/fr\/wp-json\/wp\/v2\/media?parent=408059"}],"wp:term":[{"taxonomy":"category","embeddable":true,"href":"https:\/\/www.europesays.com\/fr\/wp-json\/wp\/v2\/categories?post=408059"},{"taxonomy":"post_tag","embeddable":true,"href":"https:\/\/www.europesays.com\/fr\/wp-json\/wp\/v2\/tags?post=408059"}],"curies":[{"name":"wp","href":"https:\/\/api.w.org\/{rel}","templated":true}]}}