{"id":40806,"date":"2025-04-21T06:19:11","date_gmt":"2025-04-21T06:19:11","guid":{"rendered":"https:\/\/www.europesays.com\/fr\/40806\/"},"modified":"2025-04-21T06:19:11","modified_gmt":"2025-04-21T06:19:11","slug":"dispositif-de-securite-inedit-pour-la-conference-de-lonu-sur-locean-a-nice","status":"publish","type":"post","link":"https:\/\/www.europesays.com\/fr\/40806\/","title":{"rendered":"Dispositif de s\u00e9curit\u00e9 \u00ab\u00a0in\u00e9dit\u00a0\u00bb pour la Conf\u00e9rence de l&rsquo;ONU sur l&rsquo;Oc\u00e9an \u00e0 Nice"},"content":{"rendered":"<p>Pendant une quinzaine de jours, entre fin mai et mi-juin 2025, la ville de Nice accueillera de nombreux \u00e9v\u00e9nements li\u00e9s \u00e0 la protection des oc\u00e9ans, avec en point d&rsquo;orgue, la conf\u00e9rence des Nations unies sur l&rsquo;Oc\u00e9an, du 9 au 13 juin 2025. Un \u00e9v\u00e9nement plac\u00e9 sous haute s\u00e9curit\u00e9, pour lequel de nombreuses forces de s\u00e9curit\u00e9 seront mobilis\u00e9es.<\/p>\n<p>Environ 4.000 membres des forces de s\u00e9curit\u00e9 seront mobilis\u00e9s \u00e0 l\u2019occasion de la <strong>3e conf\u00e9rence des Nations-Unies sur l\u2019Oc\u00e9an (Unoc)<\/strong>, du 9 au 13 juin 2025 \u00e0 Nice. Un dispositif \u00ab\u00a0in\u00e9dit\u00a0\u00bb, a indiqu\u00e9 jeudi 17 avril 2025 le pr\u00e9fet des Alpes-Maritimes.<\/p>\n<p>Double menace pour la conf\u00e9rence sur l\u2019Oc\u00e9an<\/p>\n<p>Face \u00e0 une <strong>menace \u00e0 la fois \u00ab\u00a0terroriste\u00a0\u00bb et de nature \u00ab\u00a0subversive et contestataire\u00a0\u00bb<\/strong>, quelque <strong>\u00ab\u00a040 unit\u00e9s de forces mobiles\u00a0\u00bb<\/strong>, soit pr\u00e8s de 3.000 policiers ou gendarmes, seront d\u00e9ploy\u00e9s en renfort. Elles auront la charge notamment de s\u00e9curiser les abords du centre de conf\u00e9rences, actuellement en cours d\u2019installation sur le port de la cit\u00e9 de la c\u00f4te d\u2019Azur, a d\u00e9taill\u00e9 le pr\u00e9fet <strong>Hughes Moutouh<\/strong>.<\/p>\n<p>En ajoutant les forces de police et gendarmerie locales, ainsi que les militaires de la force Sentinelle, ce sont environ <strong>4.000 personnels de s\u00e9curit\u00e9<\/strong> qui seront mobilis\u00e9s pour ces cinq jours de conf\u00e9rence, avec la pr\u00e9sence attendue de plusieurs chefs d\u2019Etat ou de gouvernement.<\/p>\n<p>\u00ab\u00a0Dans le pays, en dehors des JO, on n\u2019a pas eu l\u2019occasion ces derni\u00e8res ann\u00e9es d\u2019avoir un \u00e9v\u00e9nement aussi important\u00a0\u00bb, a estim\u00e9 M. Moutouh. C\u2019est sans doute oublier un peu vite les comm\u00e9morations du 80e anniversaire du D\u00e9barquement en Normandie qui ont accueillies en juin 2024 plus d\u2019une centaine d\u2019\u00e9v\u00e9nements, de nombreux chefs d\u2019Etats et de gouvernements, et pr\u00e8s d\u2019un million de visiteurs. D\u2019autres \u00e9v\u00e9nements comme la Coupe du monde de rugby (en 2023), la pr\u00e9sidence fran\u00e7aise de l\u2019Union europ\u00e9enne (au premier semestre 2022), ou encore le sommet du G7 (en 2019 \u00e0 Biarritz) ont \u00e9galement entrain\u00e9 d\u2019importantes mobilisations des services de Police et de Gendarmerie.<\/p>\n<p>Zones de s\u00e9curit\u00e9<\/p>\n<p>Pour cette <a href=\"https:\/\/unocnice2025.org\/\" target=\"_blank\" rel=\"noopener\">troisi\u00e8me conf\u00e9rence de l\u2019ONU sur l\u2019Oc\u00e9an<\/a>, plusieurs zones de s\u00e9curit\u00e9 ont \u00e9t\u00e9 d\u00e9finies. Une \u00ab\u00a0zone bleue\u00a0\u00bb, tout d\u2019abord, autour du centre de conf\u00e9rences. Il s\u2019agit de la plus sensible, car elle accueillera les chefs d\u2019Etat. Elle sera plac\u00e9e, du 7 au 13 juin, sous le contr\u00f4le des Nations-Unies. Une \u00ab\u00a0zone verte\u00a0\u00bb, quant \u00e0 elle sous la responsabilit\u00e9 de l\u2019Etat, concernera deux autres lieux de conf\u00e9rences dans la ville.<\/p>\n<p>Autour de la zone bleue elle-m\u00eame et de ces deux autres lieux d\u2019accueil, des \u00ab\u00a0zones rouges\u00a0\u00bb seront interdites au public pendant la manifestation. Les habitants y vivant sont n\u00e9anmoins appel\u00e9s \u00e0 se faire recenser pour obtenir un laissez-passer.<\/p>\n<p>Par ailleurs, les r\u00e9sidents de certains immeubles surplombant notamment le port de Nice feront l\u2019objet d\u2019une enqu\u00eate administrative de s\u00e9curit\u00e9, tandis que la colline du Ch\u00e2teau, qui domine le port, sera interdite d\u2019acc\u00e8s. Des tireurs d\u2019\u00e9lite y prendront position. Les restaurants du port seront r\u00e9serv\u00e9s aux congressistes, tandis que les p\u00eacheurs d\u00e9localiseront leur cri\u00e9e dans le port voisin de Saint-Jean-Cap-Ferrat.<\/p>\n<p>Olivier Bettati, d\u00e9l\u00e9gu\u00e9 g\u00e9n\u00e9ral de la mission Unoc \u00e0 la ville de Nice, a indiqu\u00e9 de son c\u00f4t\u00e9 que la municipalit\u00e9 s\u2019attend \u00e0 accueillir 5.000 visiteurs pour la conf\u00e9rence.<\/p>\n<p><strong>(Avec l\u2019AFP)<\/strong><\/p>\n<p><strong>Lire aussi :\u00a0<\/strong><a href=\"https:\/\/lessor.org\/societe\/premiers-apercus-de-levolution-de-la-delinquance-et-de-linsecurite-en-2024\/\" target=\"_blank\" rel=\"noopener\"><strong>Premiers aper\u00e7us de l\u2019\u00e9volution de la d\u00e9linquance et de l\u2019ins\u00e9curit\u00e9 en 2024<\/strong><\/a><\/p>\n","protected":false},"excerpt":{"rendered":"Pendant une quinzaine de jours, entre fin mai et mi-juin 2025, la ville de Nice accueillera de nombreux&hellip;\n","protected":false},"author":2,"featured_media":40807,"comment_status":"","ping_status":"","sticky":false,"template":"","format":"standard","meta":{"footnotes":""},"categories":[2819],"tags":[1111,11,2898,6211,7013,12513,436,1777,674,2087,12514,1011,27,12515,12516,2088,1147,6127,11415,12,2401,12517,3521,12518,882,25,12519,656,12520,12521,12522],"class_list":{"0":"post-40806","1":"post","2":"type-post","3":"status-publish","4":"format-standard","5":"has-post-thumbnail","7":"category-nice","8":"tag-actu","9":"tag-actualites","10":"tag-alpes-maritimes","11":"tag-conference","12":"tag-cote-dazur","13":"tag-crs","14":"tag-environnement","15":"tag-eu","16":"tag-europe","17":"tag-evenement","18":"tag-forces-mobiles","19":"tag-fr","20":"tag-france","21":"tag-gendarmes-mobiles","22":"tag-grands-evenements","23":"tag-manifestation","24":"tag-menace","25":"tag-mer","26":"tag-nations-unies","27":"tag-news","28":"tag-nice","29":"tag-ocean","30":"tag-onu","31":"tag-port-de-nice","32":"tag-provence-alpes-cote-dazur","33":"tag-republique-francaise","34":"tag-securisation","35":"tag-securite","36":"tag-ufm","37":"tag-unites-de-forces-mobiles","38":"tag-unoc"},"share_on_mastodon":{"url":"https:\/\/pubeurope.com\/@fr\/114374506139202912","error":""},"_links":{"self":[{"href":"https:\/\/www.europesays.com\/fr\/wp-json\/wp\/v2\/posts\/40806","targetHints":{"allow":["GET"]}}],"collection":[{"href":"https:\/\/www.europesays.com\/fr\/wp-json\/wp\/v2\/posts"}],"about":[{"href":"https:\/\/www.europesays.com\/fr\/wp-json\/wp\/v2\/types\/post"}],"author":[{"embeddable":true,"href":"https:\/\/www.europesays.com\/fr\/wp-json\/wp\/v2\/users\/2"}],"replies":[{"embeddable":true,"href":"https:\/\/www.europesays.com\/fr\/wp-json\/wp\/v2\/comments?post=40806"}],"version-history":[{"count":0,"href":"https:\/\/www.europesays.com\/fr\/wp-json\/wp\/v2\/posts\/40806\/revisions"}],"wp:featuredmedia":[{"embeddable":true,"href":"https:\/\/www.europesays.com\/fr\/wp-json\/wp\/v2\/media\/40807"}],"wp:attachment":[{"href":"https:\/\/www.europesays.com\/fr\/wp-json\/wp\/v2\/media?parent=40806"}],"wp:term":[{"taxonomy":"category","embeddable":true,"href":"https:\/\/www.europesays.com\/fr\/wp-json\/wp\/v2\/categories?post=40806"},{"taxonomy":"post_tag","embeddable":true,"href":"https:\/\/www.europesays.com\/fr\/wp-json\/wp\/v2\/tags?post=40806"}],"curies":[{"name":"wp","href":"https:\/\/api.w.org\/{rel}","templated":true}]}}