{"id":408067,"date":"2025-09-21T21:57:10","date_gmt":"2025-09-21T21:57:10","guid":{"rendered":"https:\/\/www.europesays.com\/fr\/408067\/"},"modified":"2025-09-21T21:57:10","modified_gmt":"2025-09-21T21:57:10","slug":"de-roubaix-jusqua-bruxelles-une-marche-pour-dire-non-a-la-deregulation-et-a-lomnibus-de-la-commission-europeenne","status":"publish","type":"post","link":"https:\/\/www.europesays.com\/fr\/408067\/","title":{"rendered":"De Roubaix jusqu\u2019\u00e0 Bruxelles, une marche pour dire non \u00e0 la d\u00e9r\u00e9gulation et \u00e0 l\u2019Omnibus de la Commission europ\u00e9enne"},"content":{"rendered":"<p>Recyclage de v\u00e9los et de mat\u00e9riaux de construction, ceintures fabriqu\u00e9es \u00e0 partir de pneus usag\u00e9s, \u00e9cole de la r\u00e9paration d\u00e9di\u00e9e \u00e0 la cordonnerie et \u00e0 la mode\u2026 Rachet\u00e9e <a href=\"https:\/\/www.humanite.fr\/culture-et-savoir\/classe-ouvriere\/vivre-ou-survivre-la-lutte-ouvriere-mise-a-lhonneur-a-roubaix\" rel=\"nofollow noopener\" target=\"_blank\">par la ville de Roubaix<\/a> (Nord), l\u2019ancienne usine textile Ternynck Fr\u00e8res abrite d\u00e9sormais la soci\u00e9t\u00e9 coop\u00e9rative Tissel, compos\u00e9e d\u2019une dizaine de structures de l\u2019\u00e9conomie sociale et solidaire.<\/p>\n<p>Ce n\u2019est donc pas un hasard si, ce dimanche matin, autour d\u2019une tasse de caf\u00e9 et d\u2019un croissant, elle est le lieu de d\u00e9part de la marche pour les droits humains organis\u00e9e par Dominique Potier, d\u00e9put\u00e9 socialiste de Meurthe-et-Moselle, Pascal Durand, ex-cofondateur d\u2019EELV et ex-d\u00e9put\u00e9 europ\u00e9en Renew, et Julia Faure, vice-pr\u00e9sidente&#8230;<\/p>\n","protected":false},"excerpt":{"rendered":"Recyclage de v\u00e9los et de mat\u00e9riaux de construction, ceintures fabriqu\u00e9es \u00e0 partir de pneus usag\u00e9s, \u00e9cole de la&hellip;\n","protected":false},"author":2,"featured_media":408068,"comment_status":"","ping_status":"","sticky":false,"template":"","format":"standard","meta":{"footnotes":""},"categories":[1586],"tags":[11,45520,1777,674,1779,1011,27,53952,12,32836,25,7940,1778,364],"class_list":{"0":"post-408067","1":"post","2":"type-post","3":"status-publish","4":"format-standard","5":"has-post-thumbnail","7":"category-europe","8":"tag-actualites","9":"tag-choc-de-simplification","10":"tag-eu","11":"tag-europe","12":"tag-european-union","13":"tag-fr","14":"tag-france","15":"tag-loi-de-simplification","16":"tag-news","17":"tag-parlement-europu00e9en","18":"tag-republique-francaise","19":"tag-roubaix","20":"tag-ue","21":"tag-union-europeenne"},"share_on_mastodon":{"url":"https:\/\/pubeurope.com\/@fr\/115244528035828205","error":""},"_links":{"self":[{"href":"https:\/\/www.europesays.com\/fr\/wp-json\/wp\/v2\/posts\/408067","targetHints":{"allow":["GET"]}}],"collection":[{"href":"https:\/\/www.europesays.com\/fr\/wp-json\/wp\/v2\/posts"}],"about":[{"href":"https:\/\/www.europesays.com\/fr\/wp-json\/wp\/v2\/types\/post"}],"author":[{"embeddable":true,"href":"https:\/\/www.europesays.com\/fr\/wp-json\/wp\/v2\/users\/2"}],"replies":[{"embeddable":true,"href":"https:\/\/www.europesays.com\/fr\/wp-json\/wp\/v2\/comments?post=408067"}],"version-history":[{"count":0,"href":"https:\/\/www.europesays.com\/fr\/wp-json\/wp\/v2\/posts\/408067\/revisions"}],"wp:featuredmedia":[{"embeddable":true,"href":"https:\/\/www.europesays.com\/fr\/wp-json\/wp\/v2\/media\/408068"}],"wp:attachment":[{"href":"https:\/\/www.europesays.com\/fr\/wp-json\/wp\/v2\/media?parent=408067"}],"wp:term":[{"taxonomy":"category","embeddable":true,"href":"https:\/\/www.europesays.com\/fr\/wp-json\/wp\/v2\/categories?post=408067"},{"taxonomy":"post_tag","embeddable":true,"href":"https:\/\/www.europesays.com\/fr\/wp-json\/wp\/v2\/tags?post=408067"}],"curies":[{"name":"wp","href":"https:\/\/api.w.org\/{rel}","templated":true}]}}