{"id":408081,"date":"2025-09-21T22:09:22","date_gmt":"2025-09-21T22:09:22","guid":{"rendered":"https:\/\/www.europesays.com\/fr\/408081\/"},"modified":"2025-09-21T22:09:22","modified_gmt":"2025-09-21T22:09:22","slug":"alexander-albon-penalise-apres-le-grand-prix-dazerbaidjan","status":"publish","type":"post","link":"https:\/\/www.europesays.com\/fr\/408081\/","title":{"rendered":"Alexander Albon p\u00e9nalis\u00e9 apr\u00e8s le Grand Prix d&rsquo;Azerba\u00efdjan"},"content":{"rendered":"<p><a href=\"https:\/\/www.autohebdo.fr\/actualites\/ecurie\/williams-f1\" data-internallinksmanager029f6b8e52c=\"83\" title=\"Ecurie Williams F1 Team\" target=\"_blank\" rel=\"noopener\">Williams<\/a> en clair-obscur \u00e0 Bakou. Alors que son co\u00e9quipier <a href=\"https:\/\/www.autohebdo.fr\/pilote\/f1\/carlos-sainz\" data-internallinksmanager029f6b8e52c=\"43\" title=\"Carlos Sainz\" target=\"_blank\" rel=\"noopener\">Carlos Sainz<\/a> est mont\u00e9 sur le premier podium de l\u2019\u00e9curie de Grove \u00e0 Bakou depuis <a href=\"https:\/\/www.autohebdo.fr\/pilote\/f1\/lance-stroll\" data-internallinksmanager029f6b8e52c=\"48\" title=\"Lance Stroll\" target=\"_blank\" rel=\"noopener\">Lance Stroll<\/a> en 2017, <a href=\"https:\/\/www.autohebdo.fr\/pilote\/f1\/alexander-albon\" data-internallinksmanager029f6b8e52c=\"47\" title=\"Alexander Albon\" target=\"_blank\" rel=\"noopener\">Alexander Albon<\/a> a connu un week-end cauchemardesque dans les rues de la capitale.<\/p>\n<p>Provoquant un drapeau rouge en Q1, le Tha\u00eflandais profitait de la disqualification du Fran\u00e7ais <a href=\"https:\/\/www.autohebdo.fr\/pilote\/f1\/esteban-ocon-2\" data-internallinksmanager029f6b8e52c=\"37\" title=\"Esteban Ocon\" target=\"_blank\" rel=\"noopener\">Esteban Ocon<\/a> pour ne partir \u00ab\u00a0que\u00a0\u00bb de la 19\u00e8me position. Au 21\u00e8me tour du Grand Prix, le verdict tombe : Alexander Albon re\u00e7oit dix secondes de p\u00e9nalit\u00e9s pour avoir envoy\u00e9 l\u2019<a href=\"https:\/\/www.autohebdo.fr\/actualites\/monoplace\/fr-alpine\" data-internallinksmanager029f6b8e52c=\"18\" title=\"Alpine\" target=\"_blank\" rel=\"noopener\">Alpine<\/a> de Franco Colapinto en t\u00eate-\u00e0-queue au cinqui\u00e8me virage, le m\u00eame o\u00f9 s\u2019est encastr\u00e9 le leader du championnat du monde <a href=\"https:\/\/www.autohebdo.fr\/pilote\/f1\/oscar-piastri\" data-internallinksmanager029f6b8e52c=\"96\" title=\"Oscar Piastri\" target=\"_blank\" rel=\"noopener\">Oscar Piastri<\/a>, d\u00e8s le premier tour, apr\u00e8s avoir cal\u00e9 suite \u00e0 un faux d\u00e9part\u2026<\/p>\n<p>Alexander Albon, pneus froids apr\u00e8s \u00eatre pass\u00e9 par les stands un tour plus t\u00f4t, n\u2019a pas pu frein\u00e9 \u00e0 temps pour \u00e9viter la collision avec l\u2019arri\u00e8re de l\u2019A525 de Franco Colapinto, qu\u2019il aurait voulu tenter de d\u00e9passer par l\u2019ext\u00e9rieur. Le Tha\u00eflandais a re\u00e7u, en plus de ses dix secondes de p\u00e9nalit\u00e9s, deux points sur son permis qui le portent \u00e0 un total de quatre, loin du maximum autoris\u00e9 de douze avant une suspension.<\/p>\n<p>\u00ab En arrivant dans le cinqui\u00e8me virage, la voiture n\u00b023 [Alexander Albon, Ndlr.] a tent\u00e9 de d\u00e9passer la voiture n\u00b043 [Franco Colapinto, Ndlr.] mais n\u2019avait pas ses roues avant \u00e0 hauteur du r\u00e9troviseur de son adversaire, justifie le communiqu\u00e9 de la FIA, qui empruntait de son droit la ligne de course habituelle, et est donc enti\u00e8rement responsable de la collision. \u00bb<\/p>\n<p>Toutefois, apr\u00e8s avoir annul\u00e9 la p\u00e9nalit\u00e9 que Carlos Sainz a re\u00e7u apr\u00e8s son accrochage avec Liam Lawson \u00e0 Zandvoort, Williams a peut-\u00eatre cr\u00e9\u00e9e une jurisprudence qui permettrait \u00e0 l\u2019\u00e9curie de Grove d\u2019\u00e0 nouveau faire appel de la d\u00e9cision prise par la FIA. Dans le cas contraire, Alexander Albon arrivera reviendra moins serein au volant de sa <a href=\"https:\/\/www.autohebdo.fr\/actualites\/monoplace\" data-internallinksmanager029f6b8e52c=\"61\" title=\"Monoplace\" target=\"_blank\" rel=\"noopener\">monoplace<\/a>, dans deux semaines, au Grand Prix de Singapour.<\/p>\n<p><strong>\u00c0 LIRE AUSSI &gt;\u00a0<a href=\"https:\/\/www.autohebdo.fr\/actualites\/f1\/carlos-sainz-troisieme-a-bakou-cest-encore-meilleur-que-mon-tout-premier-podium-en-f1.html\" target=\"_blank\" rel=\"noopener\">Carlos Sainz, troisi\u00e8me \u00e0 Bakou : \u00ab Encore meilleur que mon tout premier podium en F1 \u00bb<\/a><\/strong><\/p>\n","protected":false},"excerpt":{"rendered":"Williams en clair-obscur \u00e0 Bakou. Alors que son co\u00e9quipier Carlos Sainz est mont\u00e9 sur le premier podium de&hellip;\n","protected":false},"author":2,"featured_media":408082,"comment_status":"","ping_status":"","sticky":false,"template":"","format":"standard","meta":{"footnotes":""},"categories":[1412],"tags":[1451,1452,1453,1454,1455,1011,27,60],"class_list":{"0":"post-408081","1":"post","2":"type-post","3":"status-publish","4":"format-standard","5":"has-post-thumbnail","7":"category-f1","8":"tag-f1","9":"tag-formula-1","10":"tag-formula1","11":"tag-formule-1","12":"tag-formule1","13":"tag-fr","14":"tag-france","15":"tag-sports"},"share_on_mastodon":{"url":"https:\/\/pubeurope.com\/@fr\/115244575188879722","error":""},"_links":{"self":[{"href":"https:\/\/www.europesays.com\/fr\/wp-json\/wp\/v2\/posts\/408081","targetHints":{"allow":["GET"]}}],"collection":[{"href":"https:\/\/www.europesays.com\/fr\/wp-json\/wp\/v2\/posts"}],"about":[{"href":"https:\/\/www.europesays.com\/fr\/wp-json\/wp\/v2\/types\/post"}],"author":[{"embeddable":true,"href":"https:\/\/www.europesays.com\/fr\/wp-json\/wp\/v2\/users\/2"}],"replies":[{"embeddable":true,"href":"https:\/\/www.europesays.com\/fr\/wp-json\/wp\/v2\/comments?post=408081"}],"version-history":[{"count":0,"href":"https:\/\/www.europesays.com\/fr\/wp-json\/wp\/v2\/posts\/408081\/revisions"}],"wp:featuredmedia":[{"embeddable":true,"href":"https:\/\/www.europesays.com\/fr\/wp-json\/wp\/v2\/media\/408082"}],"wp:attachment":[{"href":"https:\/\/www.europesays.com\/fr\/wp-json\/wp\/v2\/media?parent=408081"}],"wp:term":[{"taxonomy":"category","embeddable":true,"href":"https:\/\/www.europesays.com\/fr\/wp-json\/wp\/v2\/categories?post=408081"},{"taxonomy":"post_tag","embeddable":true,"href":"https:\/\/www.europesays.com\/fr\/wp-json\/wp\/v2\/tags?post=408081"}],"curies":[{"name":"wp","href":"https:\/\/api.w.org\/{rel}","templated":true}]}}