{"id":408089,"date":"2025-09-21T22:13:12","date_gmt":"2025-09-21T22:13:12","guid":{"rendered":"https:\/\/www.europesays.com\/fr\/408089\/"},"modified":"2025-09-21T22:13:12","modified_gmt":"2025-09-21T22:13:12","slug":"saint-just-saint-rambert-je-propose-des-cours-de-dessin-et-de-peinture-comme-jaurais-aime-en-avoir-petite","status":"publish","type":"post","link":"https:\/\/www.europesays.com\/fr\/408089\/","title":{"rendered":"Saint-Just-Saint-Rambert. \u00ab\u00a0Je propose des cours de dessin et de peinture comme j\u2019aurais aim\u00e9 en avoir petite\u00a0\u00bb"},"content":{"rendered":"<p>\u00ab\u00a0J\u2019ai toujours dessin\u00e9 pour le loisir et depuis longtemps, je voulais donner des cours de dessin\u00a0\u00bb, pr\u00e9sente Lucie Baumann. La jeune femme, <a href=\"https:\/\/www.leprogres.fr\/social\/2022\/06\/10\/lucie-baumann-realise-des-cv-sur-mesure\" target=\"_blank\" rel=\"noopener\">originaire de Sury-le-Comtal<\/a>, a franchi le pas en ouvrant cet \u00e9t\u00e9 L\u2019Atelier BMN dans le b\u00e2timent \u00e0 la fa\u00e7ade blanche, situ\u00e9 au 7 place Mellet-Mandard \u00e0 Saint-Just-Saint-Rambert.<\/p>\n<p>Un lieu qui a abrit\u00e9, par le pass\u00e9, l\u2019espace de coworking appel\u00e9, comme une pr\u00e9monition, Atelier&#8230;<\/p>\n","protected":false},"excerpt":{"rendered":"\u00ab\u00a0J\u2019ai toujours dessin\u00e9 pour le loisir et depuis longtemps, je voulais donner des cours de dessin\u00a0\u00bb, pr\u00e9sente Lucie&hellip;\n","protected":false},"author":2,"featured_media":408090,"comment_status":"","ping_status":"","sticky":false,"template":"","format":"standard","meta":{"footnotes":""},"categories":[1358],"tags":[1348,1384,1385,1687,1386,58,7359,59,2271,1011,27,20524,20525],"class_list":{"0":"post-408089","1":"post","2":"type-post","3":"status-publish","4":"format-standard","5":"has-post-thumbnail","7":"category-arts-et-design","8":"tag-arts","9":"tag-arts-and-design","10":"tag-arts-et-design","11":"tag-culture-loisirs","12":"tag-design","13":"tag-divertissement","14":"tag-edition-loire-centre","15":"tag-entertainment","16":"tag-exposition-arts-plastiques","17":"tag-fr","18":"tag-france","19":"tag-saint-just-saint-rambert","20":"tag-saint-just-saint-rambert-ville"},"share_on_mastodon":{"url":"https:\/\/pubeurope.com\/@fr\/115244590962400691","error":""},"_links":{"self":[{"href":"https:\/\/www.europesays.com\/fr\/wp-json\/wp\/v2\/posts\/408089","targetHints":{"allow":["GET"]}}],"collection":[{"href":"https:\/\/www.europesays.com\/fr\/wp-json\/wp\/v2\/posts"}],"about":[{"href":"https:\/\/www.europesays.com\/fr\/wp-json\/wp\/v2\/types\/post"}],"author":[{"embeddable":true,"href":"https:\/\/www.europesays.com\/fr\/wp-json\/wp\/v2\/users\/2"}],"replies":[{"embeddable":true,"href":"https:\/\/www.europesays.com\/fr\/wp-json\/wp\/v2\/comments?post=408089"}],"version-history":[{"count":0,"href":"https:\/\/www.europesays.com\/fr\/wp-json\/wp\/v2\/posts\/408089\/revisions"}],"wp:featuredmedia":[{"embeddable":true,"href":"https:\/\/www.europesays.com\/fr\/wp-json\/wp\/v2\/media\/408090"}],"wp:attachment":[{"href":"https:\/\/www.europesays.com\/fr\/wp-json\/wp\/v2\/media?parent=408089"}],"wp:term":[{"taxonomy":"category","embeddable":true,"href":"https:\/\/www.europesays.com\/fr\/wp-json\/wp\/v2\/categories?post=408089"},{"taxonomy":"post_tag","embeddable":true,"href":"https:\/\/www.europesays.com\/fr\/wp-json\/wp\/v2\/tags?post=408089"}],"curies":[{"name":"wp","href":"https:\/\/api.w.org\/{rel}","templated":true}]}}