{"id":40810,"date":"2025-04-21T06:21:15","date_gmt":"2025-04-21T06:21:15","guid":{"rendered":"https:\/\/www.europesays.com\/fr\/40810\/"},"modified":"2025-04-21T06:21:15","modified_gmt":"2025-04-21T06:21:15","slug":"fc-nantes-pour-le-suedois-patrik-carlgren-la-journee-commence-par-un-bain-froid-sport","status":"publish","type":"post","link":"https:\/\/www.europesays.com\/fr\/40810\/","title":{"rendered":"FC Nantes. Pour le Su\u00e9dois Patrik Carlgren, la journ\u00e9e commence par un bain froid . Sport"},"content":{"rendered":"<tr wp_automatic_readability=\"6.8541666666667\">\n<td valign=\"middle\" align=\"center\" class=\"col-logo\" wp_automatic_readability=\"5\">\n    <img decoding=\"async\" src=\"https:\/\/www.europesays.com\/fr\/wp-content\/uploads\/2025\/04\/logo-of-monetise.svg\" alt=\"logo Ouest-France\" height=\"66\"\/><\/p>\n<p>Contenu r\u00e9serv\u00e9 aux abonn\u00e9s<\/p>\n<\/td>\n<td class=\"col-titre\">\n\t\t\tLundi 21 avril 2025 07:00<br \/>\n\t\t\t<a class=\"icon-bulle sizeL count\" href=\"#ancreAvis\"><br \/>\n\t&#8230;<br \/>\n<\/a><\/td>\n<\/tr>\n<p>\t\t<a class=\"mavillebox2 elmt-photo\" href=\"https:\/\/maville.com\/photosmvi\/2025\/04\/21\/P35182404D6774042G.jpg\" title=\" Arriv\u00e9 dans la discr\u00e9tion l\u2019\u00e9t\u00e9 dernier, Patrik Carlgren a eu voix au chapitre avant de retourner sur le banc des rempla\u00e7ants.  \u00a9  Baptiste Mura  &lt;!--TAG-BLC credit--&gt;\" rel=\"galerie_actu noopener\" target=\"_blank\"><br \/>\n\t<img decoding=\"async\" src=\"https:\/\/www.europesays.com\/fr\/wp-content\/uploads\/2025\/04\/P35182404D6774042G_crop_640-330_.jpg\" alt=\"photo  arriv\u00e9 dans la discr\u00e9tion l\u2019\u00e9t\u00e9 dernier, patrik carlgren a eu voix au chapitre avant de retourner sur le banc des rempla\u00e7ants.  \u00a9  baptiste mura \"\/><br \/>\n\t1<br \/>\n<\/a><\/p>\n<p class=\"elmt-legende\"> Arriv\u00e9 dans la discr\u00e9tion l\u2019\u00e9t\u00e9 dernier, Patrik Carlgren a eu voix au chapitre avant de retourner sur le banc des rempla\u00e7ants.  \u00a9  Baptiste Mura  <\/p>\n<p>\t\tArriv\u00e9 dans l\u2019anonymat l\u2019\u00e9t\u00e9 dernier au FC Nantes, le gardien a pris la lumi\u00e8re au Parc des Princes, le 30\u00a0novembre. Grand artisan du nul face au PSG ce soir-l\u00e0 (1-1), il a profit\u00e9 de cette parenth\u00e8se enchant\u00e9e pour encha\u00eener deux titularisations en L1\u00a0puis deux autres en Coupe de France, avant de retrouver le banc. Il est de nouveau apparu sur le terrain, le 19 avril, face au Stade Rennais, \u00e0 la suite de la blessure d\u2019Anthony Lopes. \u00c0 la Joneli\u00e8re, son professionnalisme est cit\u00e9 en exemple.<\/p>\n<p><b>Cet article est r\u00e9serv\u00e9 aux abonn\u00e9s<\/b><\/p>\n<p>Pour un acc\u00e8s imm\u00e9diat, abonnez-vous<\/p>\n<p><b>1\u00e8re semaine offerte<\/b><\/p>\n<p>\t\t Lo\u00efc FOLLIOT. \u00a0\u00a0<br \/>\n\t\tOuest-France<\/p>\n<p>Retrouvez d&rsquo;autres actus sur la commune de :<\/p>\n<p>\t\t&#13;<\/p>\n","protected":false},"excerpt":{"rendered":"Contenu r\u00e9serv\u00e9 aux abonn\u00e9s Lundi 21 avril 2025 07:00 &#8230; 1 Arriv\u00e9 dans la discr\u00e9tion l\u2019\u00e9t\u00e9 dernier, Patrik&hellip;\n","protected":false},"author":2,"featured_media":40811,"comment_status":"","ping_status":"","sticky":false,"template":"","format":"standard","meta":{"footnotes":""},"categories":[2818],"tags":[1111,11,3809,1465,1777,674,63,1011,27,1792,1922,2047,766,12,2636,25,479,517,1470],"class_list":{"0":"post-40810","1":"post","2":"type-post","3":"status-publish","4":"format-standard","5":"has-post-thumbnail","7":"category-nantes","8":"tag-actu","9":"tag-actualites","10":"tag-ball","11":"tag-basket","12":"tag-eu","13":"tag-europe","14":"tag-football","15":"tag-fr","16":"tag-france","17":"tag-handball","18":"tag-info","19":"tag-mans","20":"tag-nantes","21":"tag-news","22":"tag-pays-de-la-loire","23":"tag-republique-francaise","24":"tag-rugby","25":"tag-sport","26":"tag-volley"},"share_on_mastodon":{"url":"https:\/\/pubeurope.com\/@fr\/114374514279482547","error":""},"_links":{"self":[{"href":"https:\/\/www.europesays.com\/fr\/wp-json\/wp\/v2\/posts\/40810","targetHints":{"allow":["GET"]}}],"collection":[{"href":"https:\/\/www.europesays.com\/fr\/wp-json\/wp\/v2\/posts"}],"about":[{"href":"https:\/\/www.europesays.com\/fr\/wp-json\/wp\/v2\/types\/post"}],"author":[{"embeddable":true,"href":"https:\/\/www.europesays.com\/fr\/wp-json\/wp\/v2\/users\/2"}],"replies":[{"embeddable":true,"href":"https:\/\/www.europesays.com\/fr\/wp-json\/wp\/v2\/comments?post=40810"}],"version-history":[{"count":0,"href":"https:\/\/www.europesays.com\/fr\/wp-json\/wp\/v2\/posts\/40810\/revisions"}],"wp:featuredmedia":[{"embeddable":true,"href":"https:\/\/www.europesays.com\/fr\/wp-json\/wp\/v2\/media\/40811"}],"wp:attachment":[{"href":"https:\/\/www.europesays.com\/fr\/wp-json\/wp\/v2\/media?parent=40810"}],"wp:term":[{"taxonomy":"category","embeddable":true,"href":"https:\/\/www.europesays.com\/fr\/wp-json\/wp\/v2\/categories?post=40810"},{"taxonomy":"post_tag","embeddable":true,"href":"https:\/\/www.europesays.com\/fr\/wp-json\/wp\/v2\/tags?post=40810"}],"curies":[{"name":"wp","href":"https:\/\/api.w.org\/{rel}","templated":true}]}}