{"id":408102,"date":"2025-09-21T22:20:10","date_gmt":"2025-09-21T22:20:10","guid":{"rendered":"https:\/\/www.europesays.com\/fr\/408102\/"},"modified":"2025-09-21T22:20:10","modified_gmt":"2025-09-21T22:20:10","slug":"jeremstar-apres-48-heures-de-garde-a-vue-linfluenceur-prend-la-parole","status":"publish","type":"post","link":"https:\/\/www.europesays.com\/fr\/408102\/","title":{"rendered":"Jeremstar : apr\u00e8s 48 heures de garde \u00e0 vue, l\u2019influenceur prend la parole"},"content":{"rendered":"<p>      R\u00e9sum\u00e9<\/p>\n<p>Apr\u00e8s 48 heures en garde \u00e0 vue pour avoir protest\u00e9 contre la corrida dans les ar\u00e8nes de N\u00eemes, l&rsquo;influenceur Jeremstar a \u00e9t\u00e9 lib\u00e9r\u00e9 mais reste convoqu\u00e9 devant la justice.<\/p>\n<p>        Sommaire<\/p>\n<p><strong>Apr\u00e8s deux nuits pass\u00e9es en garde \u00e0 vue, Jeremstar est libre<\/strong>. <a href=\"https:\/\/www.public.fr\/permets-moi-detre-surpris-jeremstar-ce-detail-chez-marianne-qui-la-vraiment-choque-au-moment-de-leur-rencontre\" target=\"_blank\" rel=\"noopener\">L&rsquo;influenceur<\/a>, arr\u00eat\u00e9 vendredi soir apr\u00e8s avoir troubl\u00e9 une corrida en brandissant dans les ar\u00e8nes de N\u00eemes (Gard) un tissu blanc sur lequel \u00e9tait inscrit le message \u00ab\u00a0FXCK LA CORRIDA\u00a0\u00bb, <strong>est ressorti libre ce dimanche<\/strong> en milieu d&rsquo;apr\u00e8s-midi. C&rsquo;est le parquet de N\u00eemes qui a confirm\u00e9 l&rsquo;information \u00e0 l&rsquo;AFP.<\/p>\n<p>Pour autant, Jeremstar n&rsquo;en a pas fini avec la justice. Le militant de 38 ans a re\u00e7u une convocation par officier de police judiciaire et <strong>une mesure de convocation directe \u00e0 une audience devant le tribunal<\/strong>. Il devra donc, aux c\u00f4t\u00e9s des deux autres protestataires qui ont particip\u00e9 \u00e0 son action, r\u00e9pondre de ses actes dans les prochaines semaines. <\/p>\n<p>Des conditions de garde \u00e0 vue contest\u00e9es<\/p>\n<p>Jeremstar et ses deux amis ont pass\u00e9 deux jours en garde \u00e0 vue pour <strong>\u00ab\u00a0intrusion dans une enceinte sportive troublant le d\u00e9roulement de la comp\u00e9tition\u00a0\u00bb<\/strong>. Un acte militant qui avait rapidement fait le buzz sur les r\u00e9seaux sociaux, et qu&rsquo;avaient f\u00e9licit\u00e9 de nombreuses associations telles que la PETA et la Ligue des animaux. <a href=\"https:\/\/www.public.fr\/tag\/remi-gaillard\" target=\"_blank\" rel=\"noopener\">R\u00e9mi Gaillard<\/a> avait \u00e9galement r\u00e9agi et applaudi l&rsquo;action.<\/p>\n<p>En fin de journ\u00e9e, Jeremstar a pris la parole sur ses r\u00e9seaux, et a r\u00e9affirm\u00e9 la fiert\u00e9 du geste accompli. \u00ab\u00a0<strong>Aussi \u00e9prouvantes qu&rsquo;aient \u00e9t\u00e9 les conditions de la garde \u00e0 vue<\/strong>, elles ne sont rien compar\u00e9es \u00e0 ce que subissent les taureaux. Et si j&rsquo;ai d\u00fb passer deux nuits en cellule pour me battre pour eux, je l&rsquo;ai fait volontiers\u00a0\u00bb a d\u00e9clar\u00e9 le trentenaire. <\/p>\n<p>Jeremstar appelle \u00e0 la p\u00e9nalisation de la corrida<\/p>\n<p>Dans un post publi\u00e9 sur son compte Instagram au moment o\u00f9 il se trouvait en garde \u00e0 vue, Jeremstar expliquait les raisons de son geste. <a href=\"https:\/\/vsd.fr\/27003-portrait-qui-est-jeremstar-le-millionnaire-de-la-telerealite\/\" target=\"_blank\" rel=\"noopener\">L&rsquo;homme, qui s&rsquo;appelle J\u00e9r\u00e9my Gisclon<\/a> dans la vraie vie, r\u00e9affirmait sa d\u00e9testation de la corrida. \u00ab\u00a0Ce n&rsquo;est pas de l&rsquo;art mais de la torture animale. <strong>Cette tradition ignoble doit \u00eatre abolie<\/strong>. Je ne comprends pas comment ce spectacle honteux est encore possible en 2025&Prime; d\u00e9plorait-il. Effectivement, les corridas sont toujours des traditions en Nouvelle-Aquitaine, PACA et Occitanie.<\/p>\n<p>      Mentionn\u00e9s dans cet article<\/p>\n<p>      Sur le m\u00eame sujet<\/p>\n","protected":false},"excerpt":{"rendered":"R\u00e9sum\u00e9 Apr\u00e8s 48 heures en garde \u00e0 vue pour avoir protest\u00e9 contre la corrida dans les ar\u00e8nes de&hellip;\n","protected":false},"author":2,"featured_media":408103,"comment_status":"","ping_status":"","sticky":false,"template":"","format":"standard","meta":{"footnotes":""},"categories":[8],"tags":[45176,58,59,1011,27,7774,16492,303],"class_list":{"0":"post-408102","1":"post","2":"type-post","3":"status-publish","4":"format-standard","5":"has-post-thumbnail","7":"category-divertissement","8":"tag-corrida","9":"tag-divertissement","10":"tag-entertainment","11":"tag-fr","12":"tag-france","13":"tag-garde-a-vue","14":"tag-jeremstar","15":"tag-justice"},"share_on_mastodon":{"url":"https:\/\/pubeurope.com\/@fr\/115244619262891192","error":""},"_links":{"self":[{"href":"https:\/\/www.europesays.com\/fr\/wp-json\/wp\/v2\/posts\/408102","targetHints":{"allow":["GET"]}}],"collection":[{"href":"https:\/\/www.europesays.com\/fr\/wp-json\/wp\/v2\/posts"}],"about":[{"href":"https:\/\/www.europesays.com\/fr\/wp-json\/wp\/v2\/types\/post"}],"author":[{"embeddable":true,"href":"https:\/\/www.europesays.com\/fr\/wp-json\/wp\/v2\/users\/2"}],"replies":[{"embeddable":true,"href":"https:\/\/www.europesays.com\/fr\/wp-json\/wp\/v2\/comments?post=408102"}],"version-history":[{"count":0,"href":"https:\/\/www.europesays.com\/fr\/wp-json\/wp\/v2\/posts\/408102\/revisions"}],"wp:featuredmedia":[{"embeddable":true,"href":"https:\/\/www.europesays.com\/fr\/wp-json\/wp\/v2\/media\/408103"}],"wp:attachment":[{"href":"https:\/\/www.europesays.com\/fr\/wp-json\/wp\/v2\/media?parent=408102"}],"wp:term":[{"taxonomy":"category","embeddable":true,"href":"https:\/\/www.europesays.com\/fr\/wp-json\/wp\/v2\/categories?post=408102"},{"taxonomy":"post_tag","embeddable":true,"href":"https:\/\/www.europesays.com\/fr\/wp-json\/wp\/v2\/tags?post=408102"}],"curies":[{"name":"wp","href":"https:\/\/api.w.org\/{rel}","templated":true}]}}