{"id":408114,"date":"2025-09-21T22:26:19","date_gmt":"2025-09-21T22:26:19","guid":{"rendered":"https:\/\/www.europesays.com\/fr\/408114\/"},"modified":"2025-09-21T22:26:19","modified_gmt":"2025-09-21T22:26:19","slug":"loire-ralentissements-sur-la-rn88-et-fermetures-sur-la47-ce-qui-vous-attend-sur-les-routes-cette-semaine","status":"publish","type":"post","link":"https:\/\/www.europesays.com\/fr\/408114\/","title":{"rendered":"Loire. Ralentissements sur la RN88 et fermetures sur l&rsquo;A47&#8230; Ce qui vous attend sur les routes cette semaine"},"content":{"rendered":"<p>RN88<\/p>\n<p>La Ricamarie (am\u00e9nagement acoustique)<\/p>\n<p>Dans le sens Saint-\u00c9tienne\/Le Puy-en-Velay, la circulation s\u2019effectue sur des voies de largeur r\u00e9duite de mani\u00e8re permanente jusqu\u2019au 26 novembre. La vitesse est limit\u00e9e \u00e0 70 km\/h avec interdiction de d\u00e9passement pour les v\u00e9hicules de plus de 3,5 tonnes.<\/p>\n<p>La Ricamarie (inspection d\u2019ouvrages)<\/p>\n<p>Dans le sens Saint-\u00c9tienne\/Le Puy-en-Velay, la voie de droite sera neutralis\u00e9e les journ\u00e9es du lundi 22, du mardi 23, du mercredi 24 et du jeudi 25 septembre de 9 \u00e0 16 heures. Dans le sens Le Puy-en-Velay\/Saint-\u00c9tienne, la voie de droite sera neutralis\u00e9e les journ\u00e9es du mercredi 24 et du jeudi 25 septembre de 9 \u00e0 16 heures \u00e9galement.<\/p>\n<p>RN488<\/p>\n<p>Saint-\u00c9tienne (affaissement de chauss\u00e9e)<\/p>\n<p>Dans le sens Saint-Chamond\/Saint-\u00c9tienne, la voie de droite est neutralis\u00e9e de mani\u00e8re permanente. Par ailleurs, la vitesse est r\u00e9duite \u00e0 50 km\/h.<\/p>\n<p>A47<\/p>\n<p>Lorette (r\u00e9paration d\u2019un mur de sout\u00e8nement)<\/p>\n<p>La circulation en sens Saint-\u00c9tienne\/Lyon s\u2019effectue sur des voies de largeur r\u00e9duite de mani\u00e8re permanente jusqu\u2019au 26 septembre. La vitesse est limit\u00e9e \u00e0 70 km\/h avec interdiction de d\u00e9passement pour les v\u00e9hicules de plus de 3,5 tonnes.<\/p>\n<p>Saint-Chamond \u00e0 Givors (r\u00e9paration de glissi\u00e8res)<\/p>\n<p>La voie de droite sera neutralis\u00e9e, alternativement dans les deux sens de circulation, les nuits du lundi 22, du mardi 23, du mercredi 24 et du jeudi 25 septembre de 21 heures \u00e0 6 heures.<\/p>\n<p>L\u2019Horme et Saint-Chamond (travaux de chauss\u00e9e)<\/p>\n<p>Dans le sens Lyon\/Saint-\u00c9tienne, l\u2019A47 sera ferm\u00e9e \u00e0 la circulation les nuits du lundi 22, du mardi 23, du mercredi 24 et du jeudi 25 septembre de 20\u00a0h\u00a030 \u00e0 6 heures entre l\u2019\u00e9changeur n\u00b014 (Saint-Chamond centre\/L\u2019Horme) et l\u2019\u00e9changeur n\u00b016 (Saint-Chamond centre).<\/p>\n<p>La bretelle d\u2019insertion n\u00b015 (Saint-Chamond\/Stelytec) en direction de Saint-\u00c9tienne sera \u00e9galement ferm\u00e9e.<\/p>\n<p>A72<\/p>\n<p>Saint-\u00c9tienne \u00e0 Andr\u00e9zieux-Bouth\u00e9on (fauchage d\u2019automne)<\/p>\n<p>La voie de droite sera neutralis\u00e9e, alternativement dans les deux sens de circulation, les nuits du lundi 22, du mardi 23, du mercredi 24 et du jeudi 25 septembre de 20\u00a0h\u00a030 \u00e0 6\u00a0heures.<\/p>\n","protected":false},"excerpt":{"rendered":"RN88 La Ricamarie (am\u00e9nagement acoustique) Dans le sens Saint-\u00c9tienne\/Le Puy-en-Velay, la circulation s\u2019effectue sur des voies de largeur&hellip;\n","protected":false},"author":2,"featured_media":408115,"comment_status":"","ping_status":"","sticky":false,"template":"","format":"standard","meta":{"footnotes":""},"categories":[9653],"tags":[1111,11,17136,2430,3542,16734,7539,1777,674,107,1011,27,38199,11324,3367,18870,12,25,9669,4001,2803],"class_list":{"0":"post-408114","1":"post","2":"type-post","3":"status-publish","4":"format-standard","5":"has-post-thumbnail","7":"category-saint-etienne","8":"tag-actu","9":"tag-actualites","10":"tag-andrezieux-boutheon","11":"tag-auvergne-rhone-alpes","12":"tag-circulation","13":"tag-edition-loire-nord","14":"tag-edition-loire-sud","15":"tag-eu","16":"tag-europe","17":"tag-fil-info","18":"tag-fr","19":"tag-france","20":"tag-lhorme","21":"tag-la-ricamarie","22":"tag-loire","23":"tag-lorette","24":"tag-news","25":"tag-republique-francaise","26":"tag-saint-chamond","27":"tag-saint-etienne","28":"tag-transport"},"share_on_mastodon":{"url":"https:\/\/pubeurope.com\/@fr\/115244642098124422","error":""},"_links":{"self":[{"href":"https:\/\/www.europesays.com\/fr\/wp-json\/wp\/v2\/posts\/408114","targetHints":{"allow":["GET"]}}],"collection":[{"href":"https:\/\/www.europesays.com\/fr\/wp-json\/wp\/v2\/posts"}],"about":[{"href":"https:\/\/www.europesays.com\/fr\/wp-json\/wp\/v2\/types\/post"}],"author":[{"embeddable":true,"href":"https:\/\/www.europesays.com\/fr\/wp-json\/wp\/v2\/users\/2"}],"replies":[{"embeddable":true,"href":"https:\/\/www.europesays.com\/fr\/wp-json\/wp\/v2\/comments?post=408114"}],"version-history":[{"count":0,"href":"https:\/\/www.europesays.com\/fr\/wp-json\/wp\/v2\/posts\/408114\/revisions"}],"wp:featuredmedia":[{"embeddable":true,"href":"https:\/\/www.europesays.com\/fr\/wp-json\/wp\/v2\/media\/408115"}],"wp:attachment":[{"href":"https:\/\/www.europesays.com\/fr\/wp-json\/wp\/v2\/media?parent=408114"}],"wp:term":[{"taxonomy":"category","embeddable":true,"href":"https:\/\/www.europesays.com\/fr\/wp-json\/wp\/v2\/categories?post=408114"},{"taxonomy":"post_tag","embeddable":true,"href":"https:\/\/www.europesays.com\/fr\/wp-json\/wp\/v2\/tags?post=408114"}],"curies":[{"name":"wp","href":"https:\/\/api.w.org\/{rel}","templated":true}]}}