{"id":408119,"date":"2025-09-21T22:29:12","date_gmt":"2025-09-21T22:29:12","guid":{"rendered":"https:\/\/www.europesays.com\/fr\/408119\/"},"modified":"2025-09-21T22:29:12","modified_gmt":"2025-09-21T22:29:12","slug":"ca-fait-vraiment-partie-du-soin-a-nancy-les-enfants-malades-ont-leur-chaine-de-tele-et-participent-a-une-emission-specialement-tournee-pour-eux","status":"publish","type":"post","link":"https:\/\/www.europesays.com\/fr\/408119\/","title":{"rendered":"\u00ab\u00a0Ca fait vraiment partie du soin\u00a0\u00bb: \u00e0 Nancy, les enfants malades ont leur cha\u00eene de t\u00e9l\u00e9 et participent \u00e0 une \u00e9mission sp\u00e9cialement tourn\u00e9e pour eux"},"content":{"rendered":"<p>A l&rsquo;entresol, en-dessous des chambres, se trouve un studio t\u00e9l\u00e9: un fond vert, des cam\u00e9ras, des jeux, du mobilier ou encore une r\u00e9gie composent l&rsquo;espace, avec du mat\u00e9riel professionnel.<\/p>\n<p>\u00ab\u00a0Peu d&rsquo;h\u00f4pitaux\u00a0\u00bb poss\u00e8dent un tel \u00e9quipement, sourit Marie-H\u00e9l\u00e8ne Petit, \u00e9ducatrice \u00e0 l&rsquo;h\u00f4pital et <strong>pr\u00e9sentatrice de l&rsquo;\u00e9mission tourn\u00e9e en direct deux heures par mois.<\/strong><\/p>\n<p>Depuis 2012 et l&rsquo;installation du studio dans cet h\u00f4pital comptant quelque 150 lits, des partenaires invit\u00e9s par le CHRU viennent animer une \u00e9mission, retransmise dans les chambres.<\/p>\n<p>              <img ci-src=\"https:\/\/www.nicematin.com\/belle-histoire\/afp\/65e87cdd155204a18868749981cd2c4db8981bca-NyQjLnst.jpg?vh=9b486e&amp;ci_seal=4c0961c6dc\" alt=\"\"\/><br \/>\n        Le studio TV de l&rsquo;h\u00f4pital pour enfants de Nancy, le 16 septembre 2025 \u00e0 Vandoeuvre-l\u00e8s-Nancy, en  Meurthe-et-Moselle&#13;<br \/>\n <strong>AFP \/ Jean-Christophe VERHAEGEN.<\/strong> <\/p>\n<p>Cette fois, il s&rsquo;agit du mus\u00e9um-aquarium de Nancy. Au travers d&rsquo;animations, de jeux et d&rsquo;interludes musicaux, les enfants en apprendront beaucoup sur \u00ab\u00a0les b\u00eates qui volent\u00a0\u00bb.<\/p>\n<p>\u00ab\u00a0On essaie de leur amener un petit peu le mus\u00e9e dans leur chambre et de leur donner envie de venir nous voir apr\u00e8s, parce qu&rsquo;il n&rsquo;y a quand m\u00eame rien de tel que de mettre les pieds au mus\u00e9e pour d\u00e9couvrir encore plus de choses\u00a0\u00bb, r\u00e9sume l&rsquo;intervenant du jour, Pierre-Marie Verjus, charg\u00e9 de m\u00e9diation aux mus\u00e9es scientifiques du Grand Nancy.<\/p>\n<p> 33 ans de magie <\/p>\n<p>              <img ci-src=\"https:\/\/www.nicematin.com\/belle-histoire\/afp\/4bfdd795875c636c33f141bfba9a63b516de8ca7-nmb8R35C.jpg?vh=4b19b5&amp;ci_seal=b96a782c98\" alt=\"\"\/><br \/>\n        Marie-H\u00e9l\u00e8ne Petit, \u00e9ducatrice en milieu hospitalier et pr\u00e9sentatrice d&rsquo;une \u00e9mission t\u00e9l\u00e9 participative tourn\u00e9e au sein de l&rsquo;h\u00f4pital pour enfants de Nancy, le 16 septembre 2025 \u00e0 Vandoeuvre-l\u00e8s-Nancy, en  Meurthe-et-Moselle <strong>AFP \/ Jean-Christophe VERHAEGEN.<\/strong> <\/p>\n<p>La magie op\u00e8re depuis 33 ans. Mme Petit a vu le projet na\u00eetre, d&rsquo;abord pour \u00ab\u00a0apporter le monde ext\u00e9rieur \u00e0 l&rsquo;h\u00f4pital\u00a0\u00bb: un cam\u00e9scope, un magn\u00e9toscope, une table de montage, une table d&rsquo;effets sp\u00e9ciaux et de la d\u00e9termination ont permis<strong> la cr\u00e9ation de T\u00e9l\u00e9 8, canal cr\u00e9\u00e9 par et pour le CHRU de Nancy.<\/strong><\/p>\n<p>\u00ab\u00a0\u00c7a dure parce que l&rsquo;h\u00f4pital nous suit, et l&rsquo;h\u00f4pital nous suit parce que \u00e7a fait vraiment partie du soin\u00a0\u00bb pour l&rsquo;enfant, de suivre et participer \u00e0 ce type d&rsquo;\u00e9mission qui offre un peu \u00ab\u00a0d&rsquo;\u00e9vasion\u00a0\u00bb.<\/p>\n<p>Un num\u00e9ro de t\u00e9l\u00e9phone leur est d\u00e9di\u00e9. <strong>Ils sont r\u00e9guli\u00e8rement sollicit\u00e9s pour donner en direct des r\u00e9ponses \u00e0 des jeux<\/strong> (mots cas\u00e9s, sudokus, mot myst\u00e8re \u00e0 deviner&#8230;) et peuvent m\u00eame gagner des cadeaux.<\/p>\n<p>Ma\u00ebl, 13 ans, hospitalis\u00e9 en chirurgie depuis quelque temps, s&rsquo;est pris au jeu. Dans sa chambre, il regarde la t\u00e9l\u00e9vision, t\u00e9l\u00e9phone en main, avec le num\u00e9ro de la cha\u00eene de t\u00e9l\u00e9vision pr\u00e9-enregistr\u00e9. D\u00e8s que Marie-H\u00e9l\u00e8ne Petit, dans le studio, invite les enfants \u00e0 appeler, il d\u00e9gaine le smartphone et tente sa chance.<\/p>\n<p>              <img ci-src=\"https:\/\/www.nicematin.com\/belle-histoire\/afp\/a7876a2901e98929df07d7ad6668e1361685fca1-IQNjw8Kx.jpg?vh=3e6597&amp;ci_seal=0e547da7f8\" alt=\"\"\/><br \/>\n        Marie-H\u00e9l\u00e8ne Petit (2eG), \u00e9ducatrice en milieu hospitalier pr\u00e9sente une \u00e9mission t\u00e9l\u00e9 participative au sein de l&rsquo;h\u00f4pital pour enfants de Nancy, le 16 septembre 2025 \u00e0 Vandoeuvre-l\u00e8s-Nancy, en  Meurthe-et-Moselle <strong>AFP \/ Jean-Christophe VERHAEGEN.<\/strong> <\/p>\n<p>\u00ab\u00a0Quand j&rsquo;\u00e9tais petit, je disais toujours \u00e0 mon p\u00e8re d&rsquo;appeler les num\u00e9ros \u00e0 la t\u00e9l\u00e9 pour gagner des sous. L\u00e0, c&rsquo;est moi qui peux le faire, m\u00eame si je gagne pas d&rsquo;argent\u00a0\u00bb, sourit-il.<\/p>\n<p>L&rsquo;ado, qui avait d\u00e9j\u00e0 rempli la grille de mots cas\u00e9s, distribu\u00e9e la veille, s&rsquo;est aussi laiss\u00e9 tenter par les sudokus, qu&rsquo;il a d\u00e9couverts pour l&rsquo;occasion. \u00ab\u00a0C&rsquo;est bien, \u00e7a passe le temps\u00a0\u00bb, estime-t-il.<\/p>\n<p> Comme un vrai studio <\/p>\n<p>A l&rsquo;autre bout du fil, dans le studio, Brenda, de l&rsquo;association Les Francas, d\u00e9croche et se charge de mettre les enfants en attente ou de retransmettre leur appel en direct. \u00ab\u00a0C&rsquo;est dr\u00f4le d&rsquo;entendre ma voix dans la t\u00e9l\u00e9\u00a0\u00bb, sourit encore Ma\u00ebl, <strong>qui remportera deux cadeaux: un livre et un jeu de soci\u00e9t\u00e9.<\/strong><\/p>\n<p>              <img ci-src=\"https:\/\/www.nicematin.com\/belle-histoire\/afp\/c7d33b20c356f6d36f3b265aa737d61f7992c1a9-zI0w4YVb.jpg?vh=c17e7b&amp;ci_seal=3f28f80ab5\" alt=\"\"\/><br \/>\n        Le logo de T\u00e9l\u00e9 8, un canal cr\u00e9\u00e9 par et pour le CHRU de Nancy \u00e0 destination des enfants hospitalis\u00e9s, le 16 septembre 2025 \u00e0 Vandoeuvre-l\u00e8s-Nancy, en  Meurthe-et-Moselle <strong>AFP \/ Jean-Christophe VERHAEGEN.<\/strong> <\/p>\n<p>Pour les \u00e9ducatrices qui prennent part \u00e0 l&rsquo;\u00e9mission en direct tous les mois, c&rsquo;est un d\u00e9fi: \u00ab\u00a0Au d\u00e9but, on ne connaissait rien, on a eu une mini formation\u00a0\u00bb, retrace Marie-H\u00e9l\u00e8ne Petit.<\/p>\n<p>Plusieurs b\u00e9n\u00e9voles viennent en aide au personnel hospitalier: Louane et Noah orientent les trois cam\u00e9ras du studio, tandis qu&rsquo;une \u00e9ducatrice \u00e0 la r\u00e9gie s&rsquo;occupe de choisir sur un ordinateur le meilleur plan, qu&rsquo;elle envoie en direct sur les t\u00e9l\u00e9viseurs.<\/p>\n<p>Sa coll\u00e8gue, Nathalie Nace, g\u00e8re le son. Une mission bien diff\u00e9rente de celle qu&rsquo;elle occupe au quotidien, lorsqu&rsquo;elle joue avec les enfants. Mais \u00ab\u00a0c&rsquo;est important pour les enfants. \u00c7a leur permet de rester en lien avec le monde r\u00e9el\u00a0\u00bb, estime-t-elle.<\/p>\n<p>L&rsquo;aventure devrait continuer, le studio ayant \u00e9t\u00e9 int\u00e9gr\u00e9 aux plans du futur CHRU, dont l&rsquo;ach\u00e8vement est attendu en 2032.<\/p>\n","protected":false},"excerpt":{"rendered":"A l&rsquo;entresol, en-dessous des chambres, se trouve un studio t\u00e9l\u00e9: un fond vert, des cam\u00e9ras, des jeux, du&hellip;\n","protected":false},"author":2,"featured_media":408120,"comment_status":"","ping_status":"","sticky":false,"template":"","format":"standard","meta":{"footnotes":""},"categories":[9635],"tags":[1111,11,11130,1777,674,1011,27,775,1702,12,25],"class_list":{"0":"post-408119","1":"post","2":"type-post","3":"status-publish","4":"format-standard","5":"has-post-thumbnail","7":"category-nancy","8":"tag-actu","9":"tag-actualites","10":"tag-belle-histoire","11":"tag-eu","12":"tag-europe","13":"tag-fr","14":"tag-france","15":"tag-grand-est","16":"tag-nancy","17":"tag-news","18":"tag-republique-francaise"},"share_on_mastodon":{"url":"https:\/\/pubeurope.com\/@fr\/115244653899700090","error":""},"_links":{"self":[{"href":"https:\/\/www.europesays.com\/fr\/wp-json\/wp\/v2\/posts\/408119","targetHints":{"allow":["GET"]}}],"collection":[{"href":"https:\/\/www.europesays.com\/fr\/wp-json\/wp\/v2\/posts"}],"about":[{"href":"https:\/\/www.europesays.com\/fr\/wp-json\/wp\/v2\/types\/post"}],"author":[{"embeddable":true,"href":"https:\/\/www.europesays.com\/fr\/wp-json\/wp\/v2\/users\/2"}],"replies":[{"embeddable":true,"href":"https:\/\/www.europesays.com\/fr\/wp-json\/wp\/v2\/comments?post=408119"}],"version-history":[{"count":0,"href":"https:\/\/www.europesays.com\/fr\/wp-json\/wp\/v2\/posts\/408119\/revisions"}],"wp:featuredmedia":[{"embeddable":true,"href":"https:\/\/www.europesays.com\/fr\/wp-json\/wp\/v2\/media\/408120"}],"wp:attachment":[{"href":"https:\/\/www.europesays.com\/fr\/wp-json\/wp\/v2\/media?parent=408119"}],"wp:term":[{"taxonomy":"category","embeddable":true,"href":"https:\/\/www.europesays.com\/fr\/wp-json\/wp\/v2\/categories?post=408119"},{"taxonomy":"post_tag","embeddable":true,"href":"https:\/\/www.europesays.com\/fr\/wp-json\/wp\/v2\/tags?post=408119"}],"curies":[{"name":"wp","href":"https:\/\/api.w.org\/{rel}","templated":true}]}}