{"id":40812,"date":"2025-04-21T06:22:09","date_gmt":"2025-04-21T06:22:09","guid":{"rendered":"https:\/\/www.europesays.com\/fr\/40812\/"},"modified":"2025-04-21T06:22:09","modified_gmt":"2025-04-21T06:22:09","slug":"pourquoi-les-sterilises-de-bordeaux-ont-choque-la-france","status":"publish","type":"post","link":"https:\/\/www.europesays.com\/fr\/40812\/","title":{"rendered":"pourquoi les St\u00e9rilis\u00e9s de Bordeaux ont choqu\u00e9 la France"},"content":{"rendered":"<p>            Par<br \/>\n        <strong><br \/>\n            <a href=\"https:\/\/actu.fr\/auteur\/juliette-cardinale\" title=\"Consulter tous les articles de Juliette Cardinale\" rel=\"nofollow noopener\" target=\"_blank\">Juliette Cardinale<\/a><br \/>\n        <\/strong><\/p>\n<p>        Publi\u00e9 le<\/p>\n<p>            21 avr. 2025 \u00e0 7h36        <\/p>\n<p>\u00ab\u2009Une extraordinaire affaire\u2009\u00bb titrait la presse \u00e0 l\u2019\u00e9poque. Dans les ann\u00e9es 1930, un groupe d\u2019hommes a d\u00e9fray\u00e9 la chronique <a href=\"https:\/\/actu.fr\/bordeaux\/\" rel=\"nofollow noopener\" target=\"_blank\">\u00e0 Bordeaux.<\/a> Pass\u00e9s sur la table d\u2019op\u00e9ration <strong>en toute ill\u00e9galit\u00e9<\/strong>, leur histoire a retenti bien au-del\u00e0 des fronti\u00e8res de la Gironde. On s\u2019est passionn\u00e9 pour le sujet.<\/p>\n<p class=\" wall-content\">En avril\u00a01935, l\u2019arrestation de trois personnes fait la Une des titres de presse. C\u2019est le d\u00e9but de <strong>l\u2019affaire des \u00ab\u2009St\u00e9rilis\u00e9s de Bordeaux\u2009\u00bb<\/strong>. On apprend dans le Matin du 1er\u00a0avril 1935 qu\u2019une \u00ab\u2009quinzaine d\u2019individus \u00e0 tendance libertaire se sont soumis \u00e0 une <strong>mutilation volontaire\u2009\u00bb.<\/strong> Et que le m\u00e9decin a pris la fuite.<\/p>\n<p>Des vasectomies ill\u00e9gales<\/p>\n<p class=\" wall-content\">Cette \u00ab\u2009mutilation\u2009\u00bb, <a href=\"https:\/\/actu.fr\/nouvelle-aquitaine\/bordeaux_33063\/a-moins-de-40-ans-ces-girondins-ont-eu-recours-a-la-vasectomie-c-est-la-meilleure-decision-de-ma-vie_46371749.html\" rel=\"nofollow noopener\" target=\"_blank\">c\u2019est une vasectomie<\/a>. Venu \u00e0 Bordeaux sur invitation du groupe libertaire local, le <strong>chirurgien autrichien Norbert Bartosek<\/strong> a op\u00e9r\u00e9 une quinzaine d\u2019hommes les 23 et 24\u00a0mars.<\/p>\n<p class=\" wall-content\">Les faits ont lieu au 6 rue Milli\u00e8re, dans l\u2019appartement d\u2019un couple de militants du mouvement\u2009: Andr\u00e9e et Andr\u00e9 Pr\u00e9votel (lui m\u00eame op\u00e9r\u00e9). Les 30 et 31\u00a0mars, le couple de fonctionnaires des postes est arr\u00eat\u00e9 avec le coiffeur Aristide Lapeyre, lui aussi <strong>pass\u00e9 sous le scalpel.<\/strong> Le 4\u00a0avril, c\u2019est au tour du teinturier Louis Harel d\u2019\u00eatre interpell\u00e9. Ils sont mis en examen pour complicit\u00e9.<\/p>\n<p class=\" wall-content\">Le chirurgien, qui a fui vers la Belgique, est arr\u00eat\u00e9 et <strong>extrad\u00e9 vers la France.<\/strong> Il est d\u00e9tenu au Fort du H\u00e2 et reconnait sans difficult\u00e9 \u00ab\u2009la mat\u00e9rialit\u00e9 des faits qui lui \u00e9taient reproch\u00e9s\u2009\u00bb, peut-on lire dans <a href=\"https:\/\/gallica.bnf.fr\/ark:\/12148\/bpt6k822282s\/f3.item\" rel=\"nofollow noopener\" target=\"_blank\">le journal Le Populaire\u00a0du 1er\u00a0mai 1936.<\/a> Il affirme n\u2019avoir \u00ab\u2009op\u00e9r\u00e9 qu\u2019avec le consentement et sur la sollicitation expresse de ses \u00ab\u2009clients\u2009\u00bb\u2009\u00bb.<\/p>\n<p class=\" wall-content\">Aristide Lapeyre et Andr\u00e9e Pr\u00e9votel b\u00e9n\u00e9ficient d\u2019un non-lieu le 4\u00a0avril 1936. Les autres comparaissent le 30\u00a0avril, rapporte le journal Le Populaire (du parti socialiste) du 1er\u00a0mai 1936.\u00a0Le proc\u00e8s porte en partie sur ce point\u2009: l\u2019op\u00e9ration est-elle<strong> r\u00e9versible\u2009?<\/strong> Satisfaits des r\u00e9ponses du docteur et des experts, les magistrats semblent accepter qu\u2019il s\u2019agit d\u2019une vasectomie et non d\u2019une castration.<\/p>\n<p class=\" wall-content\">Si elle n\u2019apparait pas dans la loi qui\u00a0r\u00e9prime la contraception et sa promotion en 1920, la technique \u00ab\u2009tr\u00e8s simple\u2009\u00bb de la vasectomie est employ\u00e9e d\u00e8s le 19e si\u00e8cle pour des raisons m\u00e9dicales. \u00ab\u2009Des cas de st\u00e9rilisations clandestines \u00e9mergent \u00e7\u00e0 et l\u00e0 en Europe d\u00e8s la fin des ann\u00e9es 1920\u2009\u00bb dans un but\u00a0<strong>anticonceptionnel,<\/strong> rappelle \u00c9lodie Serna, docteure en histoire contemporaine.<\/p>\n<p class=\" wall-content\">\u00ab\u2009Bartosek et ses acolytes sont condamn\u00e9s \u00e0 des peines de <strong>six mois \u00e0 trois ans de prison,<\/strong> \u00e0 des amendes et des interdictions de s\u00e9jour\u2009\u00bb, souligne \u00c9lodie Serna dans <a href=\"https:\/\/journals.openedition.org\/hms\/368#ftn38\" rel=\"nofollow noopener\" target=\"_blank\">son article M\u00e9decine clandestine et vasectomie volontaire dans l\u2019Europe de l\u2019entre-deux-guerres.<\/a> La cour d\u2019appel de Bordeaux r\u00e9duit ensuite les sentences \u00e0 un an de prison pour le m\u00e9decin, quatre mois pour Harel et Pr\u00e9votel.<\/p>\n<p class=\" wall-content\">Un an plus tard, la chambre criminelle de la cour de cassation confirme que la vasectomie est assimil\u00e9e \u00e0 des\u00a0<strong>coups et blessures faits volontairement.<\/strong> \u00ab\u2009Le fait que les victimes auraient consenti aux violences n\u2019est pas exclusif de la pr\u00e9m\u00e9ditation\u2009\u00bb, pr\u00e9cise l\u2019arr\u00eat.<\/p>\n<p>Symbole de la libert\u00e9 individuelle<\/p>\n<p class=\" wall-content\">Il faut se souvenir que l\u2019\u00c9tat m\u00e8ne une\u00a0<strong>politique nataliste<\/strong> \u00e0 cette \u00e9poque (et la contraception n\u2019est l\u00e9galis\u00e9e en France qu\u2019en 1967). En 1935, le taux de natalit\u00e9 est tr\u00e8s bas avec <strong>moins de 650\u2009000 naissances <\/strong>dans le pays\u00a0\u2013 et plus de d\u00e9c\u00e8s.<\/p>\n<p class=\" wall-content\">Dans ce contexte, la vasectomie volontaire est une fa\u00e7on de refuser de se soumettre \u00e0 cette politique nataliste. \u00c9lodie Serna explique qu\u2019ils refusent \u00ab\u2009de produire de la\u00a0<strong>chair \u00e0 canon, chair \u00e0 patron<\/strong>\u2009\u00bb et qu\u2019ils ont la \u00ab\u2009volont\u00e9 de s\u2019organiser hors du contr\u00f4le des autorit\u00e9s\u2009\u00bb et pr\u00f4nent la souverainet\u00e9 individuelle.<\/p>\n<p class=\" wall-content\">Le<a href=\"https:\/\/gallica.bnf.fr\/ark:\/12148\/bd6t51120144g\/f5.item.r=Norbert%20Bartosek.zoom#\" rel=\"nofollow noopener\" target=\"_blank\">\u00a06\u00a0avril 1935, <\/a><a href=\"https:\/\/gallica.bnf.fr\/ark:\/12148\/bd6t51120144g\/f5.item.r=Norbert%20Bartosek.zoom#\" rel=\"nofollow noopener\" target=\"_blank\">Voil\u00e0<\/a>\u00a0l\u2019hebdomadaire du reportage\u00a0pr\u00eate les propos suivants \u00e0 Aristide Lapeyre\u2009: \u00ab\u2009Le surpeuplement des nations\u00a0<strong>entra\u00eene la guerre<\/strong>\u00a0et la plupart des mis\u00e8res que nous subissons\u2009\u00bb. Andr\u00e9 Pr\u00e9votel, \u00e2g\u00e9 de 28\u00a0ans, affirme aussi \u00e0 la barre que sa femme a failli mourir lors d\u2019un pr\u00e9c\u00e9dent accouchement.<\/p>\n<p>      <img   decoding=\"async\" loading=\"lazy\" src=\"https:\/\/www.europesays.com\/fr\/wp-content\/uploads\/2025\/04\/excelsio-jounal-illuste-quotidien-1e-mai-1369-960x640.jpg\" alt=\"La photo des accus\u00e9s publi\u00e9e dans le quotidien l'Excelsior le 1 mai 1936.\" width=\"960\" height=\"640\"\/><br \/>\n    La photo des accus\u00e9s publi\u00e9e dans le quotidien l\u2019Excelsior le 1 mai 1936. (\u00a9Document transmis \u00e0 actu Bordeaux)<\/p>\n<p class=\" wall-content\">Les st\u00e9rilis\u00e9s sont vus comme \u00ab\u2009des malades, des d\u00e9g\u00e9n\u00e9r\u00e9s et des fous\u2009\u00bb adeptes du \u00ab\u2009malthusianisme int\u00e9gral\u2009\u00bb, dans le quotidien L<a href=\"https:\/\/gallica.bnf.fr\/ark:\/12148\/bpt6k4609652t\/f6.item.zoom\" rel=\"nofollow noopener\" target=\"_blank\">\u2019Excelsior du 1er\u00a0mai 1936.<\/a> Dans son article, l\u2019historienne \u00c9lodie Serna rapporte les propos d\u2019un professeur de droit, Magnol, qui accuse en 1937 les St\u00e9rilis\u00e9s de Bordeaux de vouloir \u00ab\u2009se priver, au moins temporairement, de la facult\u00e9 de procr\u00e9er\u00a0<strong>dans un but immoral,<\/strong> pour pouvoir se livrer \u00e0 la d\u00e9bauche sans risque de paternit\u00e9\u2009\u00bb. Pour lui, le droit de procr\u00e9er se place au-dessus de la volont\u00e9 des particuliers.<\/p>\n<p>La presse s\u2019emballe<\/p>\n<p class=\" wall-content\">Cette \u00ab\u2009affaire sans pr\u00e9c\u00e9dent\u2009\u00bb choque pour toutes ces raisons. Le journaliste <a href=\"https:\/\/gallica.bnf.fr\/ark:\/12148\/bpt6k578668v\/f1.item.zoom#\" rel=\"nofollow noopener\" target=\"_blank\">du Matin<\/a> d\u00e9crit des \u00ab\u2009\u00e9l\u00e9ments si fantastiques, si exceptionnels qu\u2019elle appara\u00eet comme un <strong>d\u00e9fi \u00e0 la raison\u2009\u00bb.\u00a0<\/strong>Les \u00ab\u2009St\u00e9rilis\u00e9s de Bordeaux\u2009\u00bb sont d\u00e9cri\u00e9s dans la presse. On les pr\u00e9sente comme des fous, des illumin\u00e9s, des agents \u00e9trangers\u2026 Leurs photos sont largement diffus\u00e9es.<\/p>\n<p class=\" wall-content\">Les journaux soulignent le c\u00f4t\u00e9 international (et anti patriotique) du r\u00e9seau en mentionnant le passage du chirurgien \u00e0 Madrid. Il est soup\u00e7onn\u00e9 d\u2019\u00eatre <strong>un agent nazi,<\/strong> de vouloir appliquer en France les id\u00e9aux hitl\u00e9riens en choisissant qui se reproduit.<\/p>\n<p class=\" wall-content\">La France de Bordeaux et du Sud Ouest sous-entend <a href=\"https:\/\/www.retronews.fr\/journal\/la-france-de-bordeaux-et-du-sud-ouest\/05-avril-1935\/1\/c0bf42d0-864a-4505-abd4-3581c349c2bc\" rel=\"nofollow noopener\" target=\"_blank\">dans un article du 5\u00a0avril 1935<\/a> que Bartosek pratique des <strong>avortements<\/strong> (puni par la peine de mort \u00e0 l\u2019\u00e9poque), mais aucune preuve ne sera finalement retenue.<\/p>\n<p class=\" wall-content\">Apr\u00e8s avoir d\u00e9fray\u00e9 la chronique, l\u2019affaire <strong>tombe dans l\u2019oubli.<\/strong> Mais le mouvement libertaire n\u2019est pas d\u00e9courag\u00e9. Norbert travaille sur et publie La st\u00e9rilisation sexuelle\u2009: son importance eug\u00e9nique, m\u00e9dicale, sociale au moment de son incarc\u00e9ration.<\/p>\n<p class=\" wall-content\">Il s\u2019installe\u00a0en Vend\u00e9e pendant la seconde guerre mondiale et continue \u00e0 pratiquer de nombreuses <strong>vasectomies clandestines.<\/strong> L\u2019op\u00e9ration est devenue l\u00e9gale en France avec la loi du 4\u00a0juillet 2001.<\/p>\n<p class=\" wall-content\">Suivez toute l\u2019actualit\u00e9 de vos villes et m\u00e9dias favoris en vous inscrivant \u00e0 <a href=\"https:\/\/moncompte.actu.fr\" title=\"D\u00e9couvez Mon Actu\" rel=\"nofollow noopener\" data-trk=\"{&quot;cta&quot;:{&quot;action&quot;:&quot;https:\\\/\\\/moncompte.actu.fr&quot;,&quot;category&quot;:&quot;mon compte&quot;,&quot;from&quot;:&quot;article footer&quot;,&quot;name&quot;:&quot;Mon actu&quot;,&quot;type&quot;:&quot;cta&quot;}}\" target=\"_blank\">Mon Actu<\/a>.<\/p>\n","protected":false},"excerpt":{"rendered":"Par Juliette Cardinale Publi\u00e9 le 21 avr. 2025 \u00e0 7h36 \u00ab\u2009Une extraordinaire affaire\u2009\u00bb titrait la presse \u00e0 l\u2019\u00e9poque.&hellip;\n","protected":false},"author":2,"featured_media":40813,"comment_status":"","ping_status":"","sticky":false,"template":"","format":"standard","meta":{"footnotes":""},"categories":[2817],"tags":[1111,11,1997,6969,1777,674,1011,27,937,12,2219,25,71,104],"class_list":{"0":"post-40812","1":"post","2":"type-post","3":"status-publish","4":"format-standard","5":"has-post-thumbnail","7":"category-bordeaux","8":"tag-actu","9":"tag-actualites","10":"tag-bordeaux","11":"tag-demographie","12":"tag-eu","13":"tag-europe","14":"tag-fr","15":"tag-france","16":"tag-histoire","17":"tag-news","18":"tag-nouvelle-aquitaine","19":"tag-republique-francaise","20":"tag-sante","21":"tag-societe"},"share_on_mastodon":{"url":"https:\/\/pubeurope.com\/@fr\/114374518255900955","error":""},"_links":{"self":[{"href":"https:\/\/www.europesays.com\/fr\/wp-json\/wp\/v2\/posts\/40812","targetHints":{"allow":["GET"]}}],"collection":[{"href":"https:\/\/www.europesays.com\/fr\/wp-json\/wp\/v2\/posts"}],"about":[{"href":"https:\/\/www.europesays.com\/fr\/wp-json\/wp\/v2\/types\/post"}],"author":[{"embeddable":true,"href":"https:\/\/www.europesays.com\/fr\/wp-json\/wp\/v2\/users\/2"}],"replies":[{"embeddable":true,"href":"https:\/\/www.europesays.com\/fr\/wp-json\/wp\/v2\/comments?post=40812"}],"version-history":[{"count":0,"href":"https:\/\/www.europesays.com\/fr\/wp-json\/wp\/v2\/posts\/40812\/revisions"}],"wp:featuredmedia":[{"embeddable":true,"href":"https:\/\/www.europesays.com\/fr\/wp-json\/wp\/v2\/media\/40813"}],"wp:attachment":[{"href":"https:\/\/www.europesays.com\/fr\/wp-json\/wp\/v2\/media?parent=40812"}],"wp:term":[{"taxonomy":"category","embeddable":true,"href":"https:\/\/www.europesays.com\/fr\/wp-json\/wp\/v2\/categories?post=40812"},{"taxonomy":"post_tag","embeddable":true,"href":"https:\/\/www.europesays.com\/fr\/wp-json\/wp\/v2\/tags?post=40812"}],"curies":[{"name":"wp","href":"https:\/\/api.w.org\/{rel}","templated":true}]}}