{"id":408121,"date":"2025-09-21T22:30:12","date_gmt":"2025-09-21T22:30:12","guid":{"rendered":"https:\/\/www.europesays.com\/fr\/408121\/"},"modified":"2025-09-21T22:30:12","modified_gmt":"2025-09-21T22:30:12","slug":"plusieurs-sauvetages-15-000-foyers-prives-delectricite-les-urgences-de-sainte-musse-inaccessibles-on-fait-le-point-sur-les-inondations-dans-le-var-ce-dimanche-soir","status":"publish","type":"post","link":"https:\/\/www.europesays.com\/fr\/408121\/","title":{"rendered":"Plusieurs sauvetages, 15.000 foyers priv\u00e9s d&rsquo;\u00e9lectricit\u00e9, les urgences de Sainte-Musse inaccessibles&#8230; On fait le point sur les inondations dans le Var ce dimanche soir"},"content":{"rendered":"<p>Le <strong>ph\u00e9nom\u00e8ne pluvio-orageux<\/strong>, qui a commenc\u00e9 dans le d\u00e9partement du <strong>Var<\/strong> ce dimanche 21 septembre 2025\u00a0vers 20h30, est \u00ab\u00a0toujours en cours\u00a0\u00bb, alerte la pr\u00e9fecture trois heures apr\u00e8s.\u00a0<\/p>\n<p>\u00ab\u00a0Les cumuls de pr\u00e9cipitations ont \u00e9t\u00e9 particuli\u00e8rement \u00e9lev\u00e9s \u00e0 Toulon, La Seyne-sur-Mer ou encore Sanary. Le <a href=\"https:\/\/www.varmatin.com\/environnement\/intemperies-dans-le-var-plusieurs-routes-inondees-certaines-coupees-des-coupures-d-electricite-signalees-on-fait-le-point-sur-les-violents-orages-qui-s-abattent-sur-le-departement-1002928\" target=\"_blank\" rel=\"noopener nofollow\">ph\u00e9nom\u00e8ne va encore s&rsquo;intensifier<\/a>, notamment sur l&rsquo;agglom\u00e9ration toulonnaise et se prolonger sur une partie de la nuit.\u00a0\u00bb<\/p>\n<p>Un <strong>message FR-Alert<\/strong> a \u00e9t\u00e9 diffus\u00e9 \u00e0 l&rsquo;ensemble des habitants du territoire \u00e0 22h45 afin de rappeler les <strong>consignes de s\u00e9curit\u00e9<\/strong>: \u00e9loignez-vous des cours d&rsquo;eau, ne vous d\u00e9placez pas, rejoignez un point haut, n&rsquo;appelez le 18 ou le 112 qu&rsquo;en cas d&rsquo;urgence.\u00a0<\/p>\n<p><strong>Les urgences de Sainte-Musse inaccessibles<\/strong><\/p>\n<p>\u00c0 23h30, les sapeurs-pompiers varois avaient d\u00e9j\u00e0 effectu\u00e9 <strong>165 interventions<\/strong>, essentiellement des \u00ab\u00a0mises en s\u00e9curit\u00e9\u00a0\u00bb, dont \u00ab\u00a0<strong>deux sauvetages<\/strong> \u00e0 Tourves pour des personnes bloqu\u00e9es dans leurs v\u00e9hicules\u00a0\u00bb.\u00a0Des reconnaissances \u00e9taient toujours en cours.\u00a0<\/p>\n<p>Alors que le <a href=\"https:\/\/www.varmatin.com\/rugby\/decision-tardive-report-pourquoi-toulon-la-rochelle-ne-s-est-pas-joue-1002930\" target=\"_blank\" rel=\"noopener nofollow\">match opposant le RCT \u00e0 La Rochelle n&rsquo;a \u00e9t\u00e9 report\u00e9 que tardivement<\/a>, le stade Mayol a \u00e9t\u00e9 \u00ab\u00a0\u00e9vacu\u00e9 sans difficult\u00e9\u00a0\u00bb, assure la pr\u00e9fecture.<\/p>\n<p>Quelque 50.000 foyers varois ont \u00e9t\u00e9 <strong>priv\u00e9s d&rsquo;\u00e9lectricit\u00e9<\/strong> et, \u00e0 23h30, ils n&rsquo;\u00e9taient plus que 15.000 localis\u00e9s \u00e0 La Seyne-sur-Mer, Six-Fours-les-Plages et Saint-Mandrier-sur-Mer.<\/p>\n<p>Le tunnel de Toulon a \u00e9t\u00e9 ferm\u00e9 dans les deux sens de circulation, tout comme la gare de la capitale varoise. L&rsquo;\u00e9tat de la chauss\u00e9e a engendr\u00e9 <strong>l&rsquo;interruption de l&rsquo;acc\u00e8s aux urgences<\/strong> du centre hospitaliser de Sainte-Musse.\u00a0<\/p>\n<p>\u00c0 23h30, 160 sapeurs-pompiers \u00e9taient mobilis\u00e9s.\u00a0<\/p>\n","protected":false},"excerpt":{"rendered":"Le ph\u00e9nom\u00e8ne pluvio-orageux, qui a commenc\u00e9 dans le d\u00e9partement du Var ce dimanche 21 septembre 2025\u00a0vers 20h30, est&hellip;\n","protected":false},"author":2,"featured_media":408122,"comment_status":"","ping_status":"","sticky":false,"template":"","format":"standard","meta":{"footnotes":""},"categories":[9619],"tags":[1111,11,1777,674,1011,27,2487,12,882,25,2310],"class_list":{"0":"post-408121","1":"post","2":"type-post","3":"status-publish","4":"format-standard","5":"has-post-thumbnail","7":"category-toulon","8":"tag-actu","9":"tag-actualites","10":"tag-eu","11":"tag-europe","12":"tag-fr","13":"tag-france","14":"tag-meteo","15":"tag-news","16":"tag-provence-alpes-cote-dazur","17":"tag-republique-francaise","18":"tag-toulon"},"share_on_mastodon":{"url":"https:\/\/pubeurope.com\/@fr\/115244657821579490","error":""},"_links":{"self":[{"href":"https:\/\/www.europesays.com\/fr\/wp-json\/wp\/v2\/posts\/408121","targetHints":{"allow":["GET"]}}],"collection":[{"href":"https:\/\/www.europesays.com\/fr\/wp-json\/wp\/v2\/posts"}],"about":[{"href":"https:\/\/www.europesays.com\/fr\/wp-json\/wp\/v2\/types\/post"}],"author":[{"embeddable":true,"href":"https:\/\/www.europesays.com\/fr\/wp-json\/wp\/v2\/users\/2"}],"replies":[{"embeddable":true,"href":"https:\/\/www.europesays.com\/fr\/wp-json\/wp\/v2\/comments?post=408121"}],"version-history":[{"count":0,"href":"https:\/\/www.europesays.com\/fr\/wp-json\/wp\/v2\/posts\/408121\/revisions"}],"wp:featuredmedia":[{"embeddable":true,"href":"https:\/\/www.europesays.com\/fr\/wp-json\/wp\/v2\/media\/408122"}],"wp:attachment":[{"href":"https:\/\/www.europesays.com\/fr\/wp-json\/wp\/v2\/media?parent=408121"}],"wp:term":[{"taxonomy":"category","embeddable":true,"href":"https:\/\/www.europesays.com\/fr\/wp-json\/wp\/v2\/categories?post=408121"},{"taxonomy":"post_tag","embeddable":true,"href":"https:\/\/www.europesays.com\/fr\/wp-json\/wp\/v2\/tags?post=408121"}],"curies":[{"name":"wp","href":"https:\/\/api.w.org\/{rel}","templated":true}]}}