{"id":408126,"date":"2025-09-21T22:33:12","date_gmt":"2025-09-21T22:33:12","guid":{"rendered":"https:\/\/www.europesays.com\/fr\/408126\/"},"modified":"2025-09-21T22:33:12","modified_gmt":"2025-09-21T22:33:12","slug":"une-adolescente-miraculee-apres-une-chute-de-six-metres-depuis-le-rebord-dune-fenetre","status":"publish","type":"post","link":"https:\/\/www.europesays.com\/fr\/408126\/","title":{"rendered":"une adolescente miracul\u00e9e apr\u00e8s une chute de six m\u00e8tres depuis le rebord d&rsquo;une fen\u00eatre"},"content":{"rendered":"<p>            Par<br \/>\n        <strong><br \/>\n            <a href=\"https:\/\/actu.fr\/auteur\/jm-aubert\" title=\"Consulter tous les articles de Jean-Marc Aubert\" target=\"_blank\" rel=\"noopener\">Jean-Marc Aubert<\/a><br \/>\n        <\/strong><\/p>\n<p>        Publi\u00e9 le<\/p>\n<p>            21 sept. 2025 \u00e0 14h00        <\/p>\n<p>Ce samedi 20 septembre au matin, dans l\u2019\u00c9cusson, \u00e0 <strong>Montpellier,<\/strong> une adolescente de 16 ans a fait une chute spectaculaire d\u2019une fen\u00eatre du domicile familial. <strong>Miracle<\/strong> : elle est l\u00e9g\u00e8rement bless\u00e9e.<\/p>\n<p class=\" wall-content\">Vers 10h, ce samedi, alors qu\u2019elle \u00e9tait assise sur le rebord de cette fen\u00eatre, la mineure a perdu l\u2019\u00e9quilibre et a chut\u00e9 du troisi\u00e8me \u00e9tage, six m\u00e8tres en contrebas.\u00a0Elle est lourdement tomb\u00e9e sur la terrasse d\u2019une brasserie de la rue de l\u2019Aiguillerie.<\/p>\n<p>    <a href=\"https:\/\/www.google.com\/maps\/embed?pb=!1m18!1m12!1m3!1d3946.1711208348706!2d3.8764210156625825!3d43.61140587825424!2m3!1f0!2f0!3f0!3m2!1i1024!2i768!4f13.1!3m3!1m2!1s0x12b6af09b5749c5b%3A0xd75eeb2faf101644!2sRue%20de%20l%27Aiguillerie%2C%2034000%20Montpellier!5e0!3m2!1sfr!2sfr!4v1758450246030!5m2!1sfr!2sfr\" title=\"Ouvrie le lien\" target=\"_blank\" rel=\"noopener\">Cliquez ici pour visualiser le contenu<\/a><\/p>\n<p class=\" wall-content\">Elle \u00e9tait consciente et se plaignait de douleurs sur diverses parties du corps, quand les sapeurs-pompiers du <strong>Sdis 34<\/strong> et une \u00e9quipe m\u00e9dicale sont arriv\u00e9s. Une d\u00e9fenestration accidentelle qui a jet\u00e9 un vif \u00e9moi parmi les t\u00e9moins, notamment des badauds rassembl\u00e9s pour suivre l\u2019intervention des secours.<\/p>\n<p class=\" wall-content\">Apr\u00e8s avoir re\u00e7u les soins n\u00e9cessaires sur place, l\u2019adolescente a \u00e9t\u00e9 transport\u00e9e aux urgences du CHU, o\u00f9, selon le commissariat de police de la DIPN 34 sollicit\u00e9 par <strong>M\u00e9tropolitain<\/strong>, ce dimanche, elle est hors de danger et o\u00f9 elle a subi des examens pour d\u00e9terminer les blessures exactes, qui sont finalement sans gravit\u00e9. Une patrouille de <strong>police secours<\/strong> \u00e9tait \u00e9galement sur les lieux.<\/p>\n<p class=\" wall-content\">Personnalisez votre actualit\u00e9 en ajoutant vos villes et m\u00e9dias en favori avec <a href=\"https:\/\/moncompte.actu.fr\" title=\"D\u00e9couvez Mon Actu\" rel=\"nofollow noopener\" data-trk=\"{&quot;cta&quot;:{&quot;action&quot;:&quot;https:\\\/\\\/moncompte.actu.fr&quot;,&quot;category&quot;:&quot;mon compte&quot;,&quot;from&quot;:&quot;article footer&quot;,&quot;name&quot;:&quot;Mon actu&quot;,&quot;type&quot;:&quot;cta&quot;}}\" target=\"_blank\">Mon Actu<\/a>.<\/p>\n","protected":false},"excerpt":{"rendered":"Par Jean-Marc Aubert Publi\u00e9 le 21 sept. 2025 \u00e0 14h00 Ce samedi 20 septembre au matin, dans l\u2019\u00c9cusson,&hellip;\n","protected":false},"author":2,"featured_media":408127,"comment_status":"","ping_status":"","sticky":false,"template":"","format":"standard","meta":{"footnotes":""},"categories":[9599],"tags":[1111,11,15154,1777,674,118,1011,27,2208,12,2680,1072,1311,25],"class_list":{"0":"post-408126","1":"post","2":"type-post","3":"status-publish","4":"format-standard","5":"has-post-thumbnail","7":"category-montpellier","8":"tag-actu","9":"tag-actualites","10":"tag-chu-de-montpellier","11":"tag-eu","12":"tag-europe","13":"tag-faits-divers","14":"tag-fr","15":"tag-france","16":"tag-montpellier","17":"tag-news","18":"tag-occitanie","19":"tag-police","20":"tag-pompiers","21":"tag-republique-francaise"},"share_on_mastodon":{"url":"https:\/\/pubeurope.com\/@fr\/115244669652842092","error":""},"_links":{"self":[{"href":"https:\/\/www.europesays.com\/fr\/wp-json\/wp\/v2\/posts\/408126","targetHints":{"allow":["GET"]}}],"collection":[{"href":"https:\/\/www.europesays.com\/fr\/wp-json\/wp\/v2\/posts"}],"about":[{"href":"https:\/\/www.europesays.com\/fr\/wp-json\/wp\/v2\/types\/post"}],"author":[{"embeddable":true,"href":"https:\/\/www.europesays.com\/fr\/wp-json\/wp\/v2\/users\/2"}],"replies":[{"embeddable":true,"href":"https:\/\/www.europesays.com\/fr\/wp-json\/wp\/v2\/comments?post=408126"}],"version-history":[{"count":0,"href":"https:\/\/www.europesays.com\/fr\/wp-json\/wp\/v2\/posts\/408126\/revisions"}],"wp:featuredmedia":[{"embeddable":true,"href":"https:\/\/www.europesays.com\/fr\/wp-json\/wp\/v2\/media\/408127"}],"wp:attachment":[{"href":"https:\/\/www.europesays.com\/fr\/wp-json\/wp\/v2\/media?parent=408126"}],"wp:term":[{"taxonomy":"category","embeddable":true,"href":"https:\/\/www.europesays.com\/fr\/wp-json\/wp\/v2\/categories?post=408126"},{"taxonomy":"post_tag","embeddable":true,"href":"https:\/\/www.europesays.com\/fr\/wp-json\/wp\/v2\/tags?post=408126"}],"curies":[{"name":"wp","href":"https:\/\/api.w.org\/{rel}","templated":true}]}}