{"id":408133,"date":"2025-09-21T22:40:20","date_gmt":"2025-09-21T22:40:20","guid":{"rendered":"https:\/\/www.europesays.com\/fr\/408133\/"},"modified":"2025-09-21T22:40:20","modified_gmt":"2025-09-21T22:40:20","slug":"les-ecrivains-alain-mabanckou-et-ivan-jablonka-sont-les-invites-de-lespace-ouest-france","status":"publish","type":"post","link":"https:\/\/www.europesays.com\/fr\/408133\/","title":{"rendered":"Les \u00e9crivains Alain Mabanckou et\u00a0Ivan Jablonka sont les invit\u00e9s de l\u2019Espace Ouest-France"},"content":{"rendered":"<p>Enregistrement de l\u2019\u00e9mission Plein Lucarne et rencontre avec deux \u00e9crivains. Voici vos rendez-vous \u00e0 l\u2019Espace Ouest-France, de <a href=\"https:\/\/rennes.maville.com\/info\/info-locale\/\" target=\"_blank\" rel=\"nofollow noopener\">Rennes<\/a> (Ille-et-Vilaine), entre le 22 et le 26\u00a0septembre 2025.<\/p>\n<p>Lundi 22\u00a0septembre, \u00e0 12\u00a0h\u00a030, enregistrement en public de l\u2019\u00e9mission Pleine Lucarne avec TVR, anim\u00e9e par Vincent Simonneaux et Christophe Penven de TVR, Nicolas Mangeard de Ouest-France.<\/p>\n<p>Entr\u00e9e libre dans la limite des places disponibles.<\/p>\n<p>Deux \u00e9crivains<\/p>\n<p>Alain Mabanckou sera l\u2019invit\u00e9 de l\u2019espace Ouest-France, lundi 22\u00a0septembre, \u00e0 19\u00a0h, pour son roman Rams\u00e8s de Paris (\u00e9ditions du Seuil), en partenariat avec la librairie Le Failler. Ce roman, c\u2019est l\u2019histoire d\u2019un jeune \u00e9crivain en herbe qui se fait volontiers appeler Berado prince de Zamunda. Il vit sous la coupe et dans l\u2019ombre de son grand fr\u00e8re des faubourgs de Pointe-Noire, un certain Beno\u00eet, qu\u2019il est venu rejoindre \u00e0 Paris.\u00a0La rencontre sera suivie d\u2019une s\u00e9ance de d\u00e9dicaces.<\/p>\n<p>Sur r\u00e9servation\u00a0: <a href=\"https:\/\/my.weezevent.com\/alain-mabanckou-1\" target=\"_blank\" rel=\"nofollow noopener\">https:\/\/my.weezevent.com\/alain-mabanckou-1<\/a><\/p>\n<p>Ivan Jablonka viendra pr\u00e9senter son roman La culture du f\u00e9minicide (\u00e9ditions du Seuil), vendredi 26\u00a0septembre, \u00e0 19\u00a0h. Professeur d\u2019histoire \u00e0 l\u2019universit\u00e9 Sorbonne Paris Nord et \u00e9crivain, il fait un tour d\u2019horizon illustr\u00e9 des ritualisations, des euph\u00e9misations et des spectacularisations de crimes bien r\u00e9els, et met ainsi en \u00e9vidence la toile de fond d\u2019un imaginaire collectif sur l\u2019assassinat genr\u00e9. L\u00e0 encore, cette rencontre organis\u00e9e en partenariat avec la librairie Le Failler sera suivie d\u2019une s\u00e9ance de d\u00e9dicaces.<\/p>\n<p>Sur r\u00e9servation\u00a0: <a href=\"https:\/\/my.weezevent.com\/ivan-jablonka-1\" target=\"_blank\" rel=\"nofollow noopener\">https:\/\/my.weezevent.com\/ivan-jablonka-1<\/a><\/p>\n<p>Espace Ouest-France, rue du Pr\u00e9-Bott\u00e9, \u00e0 Rennes. Programme \u00e9tabli sous r\u00e9serve de modifications. Renseignements, t\u00e9l.\u00a002\u00a099\u00a029\u00a069\u00a084 ou par courriel en \u00e9crivant \u00e0 l\u2019adresse suivante\u00a0: espaceouestfrance@ouest-france.fr<\/p>\n<p>\u00a0<\/p>\n","protected":false},"excerpt":{"rendered":"Enregistrement de l\u2019\u00e9mission Plein Lucarne et rencontre avec deux \u00e9crivains. Voici vos rendez-vous \u00e0 l\u2019Espace Ouest-France, de Rennes&hellip;\n","protected":false},"author":2,"featured_media":408134,"comment_status":"","ping_status":"","sticky":false,"template":"","format":"standard","meta":{"footnotes":""},"categories":[2821],"tags":[1111,11,13876,829,2006,386,1777,674,1011,27,12363,53976,53977,53975,12,7418,584,25],"class_list":{"0":"post-408133","1":"post","2":"type-post","3":"status-publish","4":"format-standard","5":"has-post-thumbnail","7":"category-rennes","8":"tag-actu","9":"tag-actualites","10":"tag-alain","11":"tag-bretagne","12":"tag-ecrivains","13":"tag-espace","14":"tag-eu","15":"tag-europe","16":"tag-fr","17":"tag-france","18":"tag-invites","19":"tag-ivan","20":"tag-jablonka","21":"tag-mabanckou","22":"tag-news","23":"tag-ouest-france","24":"tag-rennes","25":"tag-republique-francaise"},"share_on_mastodon":{"url":"https:\/\/pubeurope.com\/@fr\/115244697133873691","error":""},"_links":{"self":[{"href":"https:\/\/www.europesays.com\/fr\/wp-json\/wp\/v2\/posts\/408133","targetHints":{"allow":["GET"]}}],"collection":[{"href":"https:\/\/www.europesays.com\/fr\/wp-json\/wp\/v2\/posts"}],"about":[{"href":"https:\/\/www.europesays.com\/fr\/wp-json\/wp\/v2\/types\/post"}],"author":[{"embeddable":true,"href":"https:\/\/www.europesays.com\/fr\/wp-json\/wp\/v2\/users\/2"}],"replies":[{"embeddable":true,"href":"https:\/\/www.europesays.com\/fr\/wp-json\/wp\/v2\/comments?post=408133"}],"version-history":[{"count":0,"href":"https:\/\/www.europesays.com\/fr\/wp-json\/wp\/v2\/posts\/408133\/revisions"}],"wp:featuredmedia":[{"embeddable":true,"href":"https:\/\/www.europesays.com\/fr\/wp-json\/wp\/v2\/media\/408134"}],"wp:attachment":[{"href":"https:\/\/www.europesays.com\/fr\/wp-json\/wp\/v2\/media?parent=408133"}],"wp:term":[{"taxonomy":"category","embeddable":true,"href":"https:\/\/www.europesays.com\/fr\/wp-json\/wp\/v2\/categories?post=408133"},{"taxonomy":"post_tag","embeddable":true,"href":"https:\/\/www.europesays.com\/fr\/wp-json\/wp\/v2\/tags?post=408133"}],"curies":[{"name":"wp","href":"https:\/\/api.w.org\/{rel}","templated":true}]}}