{"id":40814,"date":"2025-04-21T06:23:17","date_gmt":"2025-04-21T06:23:17","guid":{"rendered":"https:\/\/www.europesays.com\/fr\/40814\/"},"modified":"2025-04-21T06:23:17","modified_gmt":"2025-04-21T06:23:17","slug":"a-bordeaux-un-camion-traverse-le-terre-plein-central-de-la-rocade-et-percute-6-vehicules-un-mort-et-deux-blesses","status":"publish","type":"post","link":"https:\/\/www.europesays.com\/fr\/40814\/","title":{"rendered":"A Bordeaux, un camion traverse le terre-plein central de la rocade et percute 6 v\u00e9hicules, un mort et deux bless\u00e9s"},"content":{"rendered":"<p>Les pompiers ont \u00e9t\u00e9 appel\u00e9s \u00e0 14h05 ce dimanche pour un accident sur la rocade de <a data-i13n=\"cpos:1;pos:1\" href=\"https:\/\/www.20minutes.fr\/bordeaux\/?at_medium=RSS+feed&amp;at_campaign=ynews&amp;utm_source=yahoo&amp;utm_medium=rss&amp;utm_campaign=news_feed&amp;utm_content=in_article_link\" rel=\"nofollow noopener\" target=\"_blank\" data-ylk=\"slk:Bordeaux;cpos:1;pos:1;elm:context_link;itc:0;sec:content-canvas\" class=\"link \">Bordeaux<\/a>, \u00e0 hauteur de Floirac. Pour une raison qu\u2019on ignore, un poids lourd a travers\u00e9 le terre-plein central pour percuter une fourgonnette et cinq autres v\u00e9hicules l\u00e9gers.<\/p>\n<p>Le conducteur de la fourgonnette, \u00e2g\u00e9 de 27 ans, est d\u00e9c\u00e9d\u00e9 dans l\u2019accident. Deux autres jeunes hommes, \u00e2g\u00e9s de 19 et 25 ans, ont \u00e9t\u00e9 conduits en urgence relative au <a data-i13n=\"cpos:2;pos:1\" href=\"https:\/\/www.chu-bordeaux.fr\/?at_medium=RSS+feed&amp;at_campaign=ynews&amp;utm_source=yahoo&amp;utm_medium=rss&amp;utm_campaign=news_feed&amp;utm_content=in_article_link\" rel=\"nofollow noopener\" target=\"_blank\" data-ylk=\"slk:CHU de Bordeaux;cpos:2;pos:1;elm:context_link;itc:0;sec:content-canvas\" class=\"link \">CHU de Bordeaux<\/a>, pr\u00e9cisent les <a data-i13n=\"cpos:3;pos:1\" href=\"https:\/\/www.20minutes.fr\/dossier\/pompiers?at_medium=RSS+feed&amp;at_campaign=ynews&amp;utm_source=yahoo&amp;utm_medium=rss&amp;utm_campaign=news_feed&amp;utm_content=in_article_link\" rel=\"nofollow noopener\" target=\"_blank\" data-ylk=\"slk:pompiers;cpos:3;pos:1;elm:context_link;itc:0;sec:content-canvas\" class=\"link \">pompiers<\/a> \u00e0 20 Minutes. Six autres personnes ont \u00e9t\u00e9 impliqu\u00e9es dans l\u2019accident mais n\u2019ont pas \u00e9t\u00e9 hospitalis\u00e9es, \u00e0 ce stade.<\/p>\n<p>La circulation a \u00e9t\u00e9 coup\u00e9e sur le sens int\u00e9rieur de la rocade tandis qu\u2019une voie est libre sur le sens ext\u00e9rieur.<\/p>\n<p><a data-i13n=\"cpos:4;pos:1\" href=\"https:\/\/www.20minutes.fr\/faits_divers\/4149524-20250420-bordeaux-camion-traverse-terre-plein-central-rocade-percute-6-vehicules-mort-deux-blesses?at_medium=RSS+feed&amp;at_campaign=ynews&amp;utm_source=yahoo&amp;utm_medium=rss&amp;utm_campaign=news_feed&amp;utm_content=read_more_link%22\" rel=\"nofollow noopener\" target=\"_blank\" data-ylk=\"slk:Lire la suite sur 20minutes;cpos:4;pos:1;elm:context_link;itc:0;sec:content-canvas\" class=\"link \">Lire la suite sur 20minutes<\/a><\/p>\n<p>\u00c0 lire aussi :<br \/><a data-i13n=\"cpos:5;pos:1\" href=\"https:\/\/www.20minutes.fr\/faits_divers\/4149504-20250420-bordeaux-jeune-pietonne-30-ans-fauchee-voiture-rocade-nuit-samedi-dimanche?at_medium=RSS+feed&amp;at_campaign=ynews&amp;utm_source=yahoo&amp;utm_medium=rss&amp;utm_campaign=news_feed&amp;utm_content=related_content_link\" rel=\"nofollow noopener\" target=\"_blank\" data-ylk=\"slk:Bordeaux : Une jeune pi\u00e9tonne de 30 ans fauch\u00e9e par une voiture sur la rocade, dans la nuit de samedi \u00e0 dimanche;cpos:5;pos:1;elm:context_link;itc:0;sec:content-canvas\" class=\"link \">Bordeaux : Une jeune pi\u00e9tonne de 30 ans fauch\u00e9e par une voiture sur la rocade, dans la nuit de samedi \u00e0 dimanche<\/a><br \/><a data-i13n=\"cpos:6;pos:1\" href=\"https:\/\/www.20minutes.fr\/faits_divers\/4149502-20250420-gironde-vent-fait-chuter-arbre-autoroute-pere-famille-tue-trois-autres-personnes-blessees?at_medium=RSS+feed&amp;at_campaign=ynews&amp;utm_source=yahoo&amp;utm_medium=rss&amp;utm_campaign=news_feed&amp;utm_content=related_content_link\" rel=\"nofollow noopener\" target=\"_blank\" data-ylk=\"slk:Gironde : Le vent fait chuter un arbre sur l\u2019autoroute, un p\u00e8re de famille tu\u00e9 et trois autres personnes bless\u00e9es;cpos:6;pos:1;elm:context_link;itc:0;sec:content-canvas\" class=\"link \">Gironde : Le vent fait chuter un arbre sur l\u2019autoroute, un p\u00e8re de famille tu\u00e9 et trois autres personnes bless\u00e9es<\/a><\/p>\n","protected":false},"excerpt":{"rendered":"Les pompiers ont \u00e9t\u00e9 appel\u00e9s \u00e0 14h05 ce dimanche pour un accident sur la rocade de Bordeaux, \u00e0&hellip;\n","protected":false},"author":2,"featured_media":40815,"comment_status":"","ping_status":"","sticky":false,"template":"","format":"standard","meta":{"footnotes":""},"categories":[2817],"tags":[1111,11,1997,11421,1777,674,1011,27,12,2219,25,4797],"class_list":{"0":"post-40814","1":"post","2":"type-post","3":"status-publish","4":"format-standard","5":"has-post-thumbnail","7":"category-bordeaux","8":"tag-actu","9":"tag-actualites","10":"tag-bordeaux","11":"tag-chu-de-bordeaux","12":"tag-eu","13":"tag-europe","14":"tag-fr","15":"tag-france","16":"tag-news","17":"tag-nouvelle-aquitaine","18":"tag-republique-francaise","19":"tag-rocade"},"share_on_mastodon":{"url":"https:\/\/pubeurope.com\/@fr\/114374522041871745","error":""},"_links":{"self":[{"href":"https:\/\/www.europesays.com\/fr\/wp-json\/wp\/v2\/posts\/40814","targetHints":{"allow":["GET"]}}],"collection":[{"href":"https:\/\/www.europesays.com\/fr\/wp-json\/wp\/v2\/posts"}],"about":[{"href":"https:\/\/www.europesays.com\/fr\/wp-json\/wp\/v2\/types\/post"}],"author":[{"embeddable":true,"href":"https:\/\/www.europesays.com\/fr\/wp-json\/wp\/v2\/users\/2"}],"replies":[{"embeddable":true,"href":"https:\/\/www.europesays.com\/fr\/wp-json\/wp\/v2\/comments?post=40814"}],"version-history":[{"count":0,"href":"https:\/\/www.europesays.com\/fr\/wp-json\/wp\/v2\/posts\/40814\/revisions"}],"wp:featuredmedia":[{"embeddable":true,"href":"https:\/\/www.europesays.com\/fr\/wp-json\/wp\/v2\/media\/40815"}],"wp:attachment":[{"href":"https:\/\/www.europesays.com\/fr\/wp-json\/wp\/v2\/media?parent=40814"}],"wp:term":[{"taxonomy":"category","embeddable":true,"href":"https:\/\/www.europesays.com\/fr\/wp-json\/wp\/v2\/categories?post=40814"},{"taxonomy":"post_tag","embeddable":true,"href":"https:\/\/www.europesays.com\/fr\/wp-json\/wp\/v2\/tags?post=40814"}],"curies":[{"name":"wp","href":"https:\/\/api.w.org\/{rel}","templated":true}]}}