{"id":408168,"date":"2025-09-21T23:02:12","date_gmt":"2025-09-21T23:02:12","guid":{"rendered":"https:\/\/www.europesays.com\/fr\/408168\/"},"modified":"2025-09-21T23:02:12","modified_gmt":"2025-09-21T23:02:12","slug":"michel-barnier-largement-en-tete-au-premier-tour","status":"publish","type":"post","link":"https:\/\/www.europesays.com\/fr\/408168\/","title":{"rendered":"Michel Barnier largement en t\u00eate au premier tour"},"content":{"rendered":"<p class=\"article-p mdl\">L&rsquo;ex-Premier ministre Michel Barnier (Les R\u00e9publicains) a annonc\u00e9 dimanche soir \u00eatre arriv\u00e9 \u00ab\u00a0tr\u00e8s largement\u00a0\u00bb en t\u00eate, <strong>avec \u00ab\u00a0plus de 45%\u00a0\u00bb des voix<\/strong>, au premier tour de la l\u00e9gislative partielle dans la deuxi\u00e8me circonscription de Paris, marqu\u00e9 par \u00ab\u00a0une tr\u00e8s forte abstention\u00a0\u00bb de pr\u00e8s de 75%.<\/p>\n<p class=\"article-p mdl\">Le candidat LR affrontera au second tour dimanche prochain la socialiste Fr\u00e9d\u00e9rique Bredin. La qualification de Michel Barnier avait \u00e9t\u00e9 annonc\u00e9e un peu plus t\u00f4t par le pr\u00e9sident des LR, et ministre d\u00e9missionnaire de l&rsquo;Int\u00e9rieur,\u00a0<a class=\"link\" href=\"https:\/\/www.rtl.fr\/actu\/politique\/cette-decision-elle-n-a-rien-d-automatique-les-hesitations-de-bruno-retailleau-sur-la-presence-des-lr-au-gouvernement-7900543783\" title=\"&quot;Cette d\u00e9cision, elle n&#039;a rien d&#039;automatique&quot; : les h\u00e9sitations de Bruno Retailleau sur la pr\u00e9sence des LR au gouvernement\" target=\"_blank\" rel=\"noopener\">Bruno Retailleau<\/a>.<\/p>\n<p class=\"article-p mdl\">Le pr\u00e9sident du groupe LR \u00e0 l&rsquo;Assembl\u00e9e nationale, Laurent Wauquiez, a pour sa part adress\u00e9 ses \u00ab\u00a0f\u00e9licitations\u00a0\u00bb \u00e0 Michel Barnier dans un message publi\u00e9 sur X. Le Premier ministre\u00a0<a class=\"link\" href=\"https:\/\/www.rtl.fr\/actu\/politique\/ceux-qui-ont-vote-la-censure-n-ont-pas-ete-a-la-hauteur-sur-rtl-michel-barnier-evoque-son-depart-de-matignon-7900511592\" target=\"_blank\" rel=\"noopener\">le plus \u00e9ph\u00e9m\u00e8re de la Ve R\u00e9publique<\/a>\u00a0appara\u00eet d\u00e9sormais bien plac\u00e9 <strong>pour devenir le seul d\u00e9put\u00e9 LR de la capitale<\/strong>, dont les 18 circonscriptions sont partag\u00e9es depuis 2022 entre la gauche et les macronistes.<\/p>\n<p class=\"article-p mdl\">Si Renaissance a consenti \u00e0 soutenir Michel Barnier dans cette circonscription <strong>qu&rsquo;elle tenait pourtant depuis huit ans<\/strong>, la d\u00e9cision de l&rsquo;ancien n\u00e9gociateur du Brexit de prendre comme suppl\u00e9ante Florence Berthout, membre du parti Horizons, a passablement irrit\u00e9.<\/p>\n<p class=\"article-p mdl\">Michel Barnier, 74 ans, avait en outre d\u00fb affronter le courroux de la maire LR du 7e arrondissement, Rachida Dati,\u00a0<a class=\"link\" href=\"https:\/\/www.rtl.fr\/actu\/politique\/paris-dati-officiellement-investie-par-lr-pour-les-municipales-la-guerre-avec-barnier-evitee-dans-la-2e-circonscription-7900534445\" target=\"_blank\" rel=\"noopener\">qui avait menac\u00e9 de se pr\u00e9senter face \u00e0 lui<\/a>, le soup\u00e7onnant d&rsquo;avoir des ambitions municipales et lui reprochant <strong>son manque d&rsquo;ancrage parisien<\/strong>.<\/p>\n<p class=\"article-p mdl\">Celui qui avait fait de la Savoie son fief \u00e9lectoral pendant des ann\u00e9es &#8211; d\u00e9put\u00e9, s\u00e9nateur, pr\u00e9sident de l&rsquo;assembl\u00e9e d\u00e9partementale &#8211; avait assur\u00e9 vivre <strong>\u00ab\u00a0depuis douze ans\u00a0\u00bb<\/strong> dans cette circonscription des beaux quartiers de la rive gauche de la capitale. Mais c&rsquo;est \u00e0 la faveur d&rsquo;une procuration donn\u00e9e par \u00ab\u00a0un ami\u00a0\u00bb qu&rsquo;il s&rsquo;est rendu aux urnes dimanche, faute d&rsquo;inscription sur les listes \u00e9lectorales parisiennes.<\/p>\n<p>    La r\u00e9daction vous recommande<\/p>\n<p class=\"s-newsletter__title\">\n                L\u2019actualit\u00e9 par la r\u00e9daction de RTL dans votre bo\u00eete mail.\n            <\/p>\n<p class=\"s-newsletter__subtitle\">\n                Gr\u00e2ce \u00e0 votre compte RTL abonnez-vous \u00e0 la newsletter RTL info pour suivre toute l&rsquo;actualit\u00e9 au quotidien\n            <\/p>\n<p>\n                                    Lire la suite\n                                <\/p>\n","protected":false},"excerpt":{"rendered":"L&rsquo;ex-Premier ministre Michel Barnier (Les R\u00e9publicains) a annonc\u00e9 dimanche soir \u00eatre arriv\u00e9 \u00ab\u00a0tr\u00e8s largement\u00a0\u00bb en t\u00eate, avec \u00ab\u00a0plus&hellip;\n","protected":false},"author":2,"featured_media":408169,"comment_status":"","ping_status":"","sticky":false,"template":"","format":"standard","meta":{"footnotes":""},"categories":[1888],"tags":[1111,1928,11,1927,1013,8513,1777,674,107,1011,27,6319,27636,12,1926,626,1925,316,25],"class_list":{"0":"post-408168","1":"post","2":"type-post","3":"status-publish","4":"format-standard","5":"has-post-thumbnail","7":"category-paris","8":"tag-actu","9":"tag-actu-paris","10":"tag-actualites","11":"tag-actualites-paris","12":"tag-bruno-retailleau","13":"tag-elections-legislatives","14":"tag-eu","15":"tag-europe","16":"tag-fil-info","17":"tag-fr","18":"tag-france","19":"tag-les-republicains","20":"tag-michel-barnier","21":"tag-news","22":"tag-news-paris","23":"tag-paris","24":"tag-paris-news","25":"tag-politique","26":"tag-republique-francaise"},"share_on_mastodon":{"url":"https:\/\/pubeurope.com\/@fr\/115244783682085960","error":""},"_links":{"self":[{"href":"https:\/\/www.europesays.com\/fr\/wp-json\/wp\/v2\/posts\/408168","targetHints":{"allow":["GET"]}}],"collection":[{"href":"https:\/\/www.europesays.com\/fr\/wp-json\/wp\/v2\/posts"}],"about":[{"href":"https:\/\/www.europesays.com\/fr\/wp-json\/wp\/v2\/types\/post"}],"author":[{"embeddable":true,"href":"https:\/\/www.europesays.com\/fr\/wp-json\/wp\/v2\/users\/2"}],"replies":[{"embeddable":true,"href":"https:\/\/www.europesays.com\/fr\/wp-json\/wp\/v2\/comments?post=408168"}],"version-history":[{"count":0,"href":"https:\/\/www.europesays.com\/fr\/wp-json\/wp\/v2\/posts\/408168\/revisions"}],"wp:featuredmedia":[{"embeddable":true,"href":"https:\/\/www.europesays.com\/fr\/wp-json\/wp\/v2\/media\/408169"}],"wp:attachment":[{"href":"https:\/\/www.europesays.com\/fr\/wp-json\/wp\/v2\/media?parent=408168"}],"wp:term":[{"taxonomy":"category","embeddable":true,"href":"https:\/\/www.europesays.com\/fr\/wp-json\/wp\/v2\/categories?post=408168"},{"taxonomy":"post_tag","embeddable":true,"href":"https:\/\/www.europesays.com\/fr\/wp-json\/wp\/v2\/tags?post=408168"}],"curies":[{"name":"wp","href":"https:\/\/api.w.org\/{rel}","templated":true}]}}