{"id":408170,"date":"2025-09-21T23:03:12","date_gmt":"2025-09-21T23:03:12","guid":{"rendered":"https:\/\/www.europesays.com\/fr\/408170\/"},"modified":"2025-09-21T23:03:12","modified_gmt":"2025-09-21T23:03:12","slug":"quelles-perturbations-prevoir-pour-la-ratp-et-la-sncf-cette-semaine-43","status":"publish","type":"post","link":"https:\/\/www.europesays.com\/fr\/408170\/","title":{"rendered":"Quelles perturbations pr\u00e9voir pour la RATP et la SNCF cette semaine ?"},"content":{"rendered":"<p class=\"mb-4 text-lg md:leading-8 break-words\"><strong>TRANSPORTS &#8211; Du lundi 22 au dimanche 28 septembre, plusieurs changements sont \u00e0 pr\u00e9voir sur les lignes parisiennes et franciliennes<\/strong><\/p>\n<p class=\"mb-4 text-lg md:leading-8 break-words\">La semaine du 22 au 29 septembre 2025 r\u00e9serve de nouvelles perturbations sur les lignes SNCF et RATP de Paris et d\u2019\u00cele-de-France. Voici ce que vous devez savoir afin d\u2019appr\u00e9hender au mieux vos d\u00e9placements au cours des prochains jours dans la capitale et sa r\u00e9gion.<\/p>\n<p>M\u00e9tro<\/p>\n<ul class=\"mb-4\">\n<li class=\"ml-4 list-disc\">\n<p class=\"mb-4 text-lg md:leading-8 break-words\">Ligne 6 : jusqu\u2019au 28 septembre, l\u2019arr\u00eat ne sera pas desservi \u00e0 Cambronne (travaux).<\/p>\n<\/li>\n<li class=\"ml-4 list-disc\">\n<p class=\"mb-4 text-lg md:leading-8 break-words\">Ligne 10 : jusqu\u2019au 2 octobre, du dimanche au jeudi \u00e0 partir de 22h30, le trafic sera interrompu (travaux).<\/p>\n<\/li>\n<\/ul>\n<p>RER<\/p>\n<ul class=\"mb-4\">\n<li class=\"ml-4 list-disc\">\n<p class=\"mb-4 text-lg md:leading-8 break-words\">RER A : du lundi 22 au vendredi 26 septembre, \u00e0 partir de 22h15, le trafic est interrompu entre Maisons-Laffitte et Cergy \u2013 Le Haut (travaux). Des bus seront mis en place \u00e0 Sartrouville.<\/p>\n<\/li>\n<li class=\"ml-4 list-disc\">\n<p class=\"mb-4 text-lg md:leading-8 break-words\">RER B : du lundi 22 au vendredi 26 septembre, d\u00e8s 22h45, le trafic sera interrompu entre Gare du Nord et A\u00e9roport Charles de Gaulle 2 \u2013 TGV via Mitry \u2013 Claye (travaux). Des bus seront mis en place. Samedi 27 et dimanche 28, le trafic est interrompu entre Denfert-Rochereau et La Croix de Berny\/Robinson. Reportez, si vous le pouvez, votre voyage. Des bus de substitution sont mis en place \u00e0 Porte d\u2019Orl\u00e9ans.<\/p>\n<\/li>\n<\/ul>\n<p>Publicit\u00e9<\/p>\n<p>Publicit\u00e9<\/p>\n<p>Publicit\u00e9<\/p>\n<p>Publicit\u00e9<\/p>\n<p class=\"mb-4 text-lg md:leading-8 break-words\">RER C : samedi 27 septembre, \u00e0 partir de 23h55, le trafic sera interrompu entre Gare d\u2019Austerlitz et Dourdan la For\u00eat. Des bus de remplacement seront mis en place. Dimanche 28 septembre, \u00e0 partir de 23h45, le trafic sera interrompu entre Dourdan et Paris Austerlitz. Du lundi 22 au vendredi 26 septembre, le trafic sera interrompu de Javel \u00e0 St-Quentin en Yvelines \u00e0 partir de 23h30. Il en va de m\u00eame entre Dourdan et Paris Austerlitz e(&#8230;)<\/p>\n<p class=\"mb-4 text-lg md:leading-8 break-words\"><a href=\"https:\/\/www.20minutes.fr\/paris\/4174372-20250922-paris-ile-france-perturbations-prevoir-ratp-sncf-semaine?at_medium=RSS%20feed&amp;at_campaign=ynews&amp;utm_source=yahoo&amp;utm_medium=rss&amp;utm_campaign=news_feed&amp;utm_content=read_more_link&quot;\" rel=\"nofollow noopener\" target=\"_blank\" data-ylk=\"slk:Lire la suite sur 20minutes;elm:context_link;itc:0;sec:content-canvas\" class=\"link \">Lire la suite sur 20minutes<\/a><\/p>\n<p>\u00c0 lire aussi :<br \/><a href=\"https:\/\/www.20minutes.fr\/societe\/4174369-20250921-orages-sud-trafic-perturbe-coupure-electricite-match-om-psg-seule-victime-intemperies?at_medium=RSS%20feed&amp;at_campaign=ynews&amp;utm_source=yahoo&amp;utm_medium=rss&amp;utm_campaign=news_feed&amp;utm_content=related_content_link\" rel=\"nofollow noopener\" target=\"_blank\" data-ylk=\"slk:Orages dans le Sud: Trafic perturb\u00e9, coupure d&#039;\u00e9lectricit\u00e9... Le match OM-PSG n&#039;est pas la seule victime des intemp\u00e9ries;elm:context_link;itc:0;sec:content-canvas\" class=\"link \">Orages dans le Sud: Trafic perturb\u00e9, coupure d&rsquo;\u00e9lectricit\u00e9&#8230; Le match OM-PSG n&rsquo;est pas la seule victime des intemp\u00e9ries<\/a><br \/><a href=\"https:\/\/www.20minutes.fr\/societe\/4174108-20250919-sncf-comprenez-rien-numerotation-places-tgv-inoui-bientot-fin-cauchemar?at_medium=RSS%20feed&amp;at_campaign=ynews&amp;utm_source=yahoo&amp;utm_medium=rss&amp;utm_campaign=news_feed&amp;utm_content=related_content_link\" rel=\"nofollow noopener\" target=\"_blank\" data-ylk=\"slk:SNCF : Vous ne comprenez rien \u00e0 la num\u00e9rotation des places dans les TGV Inoui ? Bient\u00f4t la fin du cauchemar;elm:context_link;itc:0;sec:content-canvas\" class=\"link \">SNCF : Vous ne comprenez rien \u00e0 la num\u00e9rotation des places dans les TGV Inoui ? Bient\u00f4t la fin du cauchemar<\/a><\/p>\n","protected":false},"excerpt":{"rendered":"TRANSPORTS &#8211; Du lundi 22 au dimanche 28 septembre, plusieurs changements sont \u00e0 pr\u00e9voir sur les lignes parisiennes&hellip;\n","protected":false},"author":2,"featured_media":408171,"comment_status":"","ping_status":"","sticky":false,"template":"","format":"standard","meta":{"footnotes":""},"categories":[1888],"tags":[1111,1928,11,1927,1777,674,1011,27,12,1926,626,1925,25,2215],"class_list":{"0":"post-408170","1":"post","2":"type-post","3":"status-publish","4":"format-standard","5":"has-post-thumbnail","7":"category-paris","8":"tag-actu","9":"tag-actu-paris","10":"tag-actualites","11":"tag-actualites-paris","12":"tag-eu","13":"tag-europe","14":"tag-fr","15":"tag-france","16":"tag-news","17":"tag-news-paris","18":"tag-paris","19":"tag-paris-news","20":"tag-republique-francaise","21":"tag-sncf"},"share_on_mastodon":{"url":"https:\/\/pubeurope.com\/@fr\/115244787574466543","error":""},"_links":{"self":[{"href":"https:\/\/www.europesays.com\/fr\/wp-json\/wp\/v2\/posts\/408170","targetHints":{"allow":["GET"]}}],"collection":[{"href":"https:\/\/www.europesays.com\/fr\/wp-json\/wp\/v2\/posts"}],"about":[{"href":"https:\/\/www.europesays.com\/fr\/wp-json\/wp\/v2\/types\/post"}],"author":[{"embeddable":true,"href":"https:\/\/www.europesays.com\/fr\/wp-json\/wp\/v2\/users\/2"}],"replies":[{"embeddable":true,"href":"https:\/\/www.europesays.com\/fr\/wp-json\/wp\/v2\/comments?post=408170"}],"version-history":[{"count":0,"href":"https:\/\/www.europesays.com\/fr\/wp-json\/wp\/v2\/posts\/408170\/revisions"}],"wp:featuredmedia":[{"embeddable":true,"href":"https:\/\/www.europesays.com\/fr\/wp-json\/wp\/v2\/media\/408171"}],"wp:attachment":[{"href":"https:\/\/www.europesays.com\/fr\/wp-json\/wp\/v2\/media?parent=408170"}],"wp:term":[{"taxonomy":"category","embeddable":true,"href":"https:\/\/www.europesays.com\/fr\/wp-json\/wp\/v2\/categories?post=408170"},{"taxonomy":"post_tag","embeddable":true,"href":"https:\/\/www.europesays.com\/fr\/wp-json\/wp\/v2\/tags?post=408170"}],"curies":[{"name":"wp","href":"https:\/\/api.w.org\/{rel}","templated":true}]}}