{"id":408174,"date":"2025-09-21T23:05:12","date_gmt":"2025-09-21T23:05:12","guid":{"rendered":"https:\/\/www.europesays.com\/fr\/408174\/"},"modified":"2025-09-21T23:05:12","modified_gmt":"2025-09-21T23:05:12","slug":"legislative-a-paris-michel-barnier-en-ballottage-tres-favorable-face-a-la-socialiste-frederique-bredin-actualites","status":"publish","type":"post","link":"https:\/\/www.europesays.com\/fr\/408174\/","title":{"rendered":"L\u00e9gislative \u00e0 Paris: Michel Barnier en ballottage tr\u00e8s favorable face \u00e0 la socialiste Fr\u00e9d\u00e9rique Bredin : Actualit\u00e9s"},"content":{"rendered":"<p class=\"lead \">Sans surprise, l&rsquo;ancien Premier ministre LR Michel Barnier est arriv\u00e9 tr\u00e8s largement en t\u00eate dimanche du premier tour de la l\u00e9gislative partielle dans la deuxi\u00e8me circonscription de Paris, r\u00e9put\u00e9e imperdable pour la droite, et affrontera au second tour la socialiste Fr\u00e9d\u00e9rique Bredin.<\/p>\n<p class=\"lead \">Le candidat des R\u00e9publicains a annonc\u00e9 remporter plus de 45% des voix au premier tour lors de ce scrutin marqu\u00e9 par \u00ab\u00a0une tr\u00e8s forte abstention\u00a0\u00bb de pr\u00e8s de 75%, l&rsquo;expression selon lui d'\u00a0\u00bbune inqui\u00e9tude et un m\u00e9contentement, une lassitude, \u00e0 l&rsquo;\u00e9gard de la situation politique nationale actuelle\u00a0\u00bb.<\/p>\n<p class=\"lead \">Sa qualification avait \u00e9t\u00e9 annonc\u00e9e un peu plus t\u00f4t par le pr\u00e9sident des LR et ministre d\u00e9missionnaire de l&rsquo;Int\u00e9rieur, Bruno Retailleau. Aucun chiffre officiel n&rsquo;a \u00e9t\u00e9 publi\u00e9 dans la soir\u00e9e.<\/p>\n<p class=\"lead \">Le Premier ministre le plus \u00e9ph\u00e9m\u00e8re de la Ve R\u00e9publique appara\u00eet d\u00e9sormais bien plac\u00e9 pour devenir le seul d\u00e9put\u00e9 LR de la capitale, dont les 18 circonscriptions sont partag\u00e9es depuis 2022 entre la gauche et les macronistes. Et pour retrouver les bancs de l&rsquo;Assembl\u00e9e nationale, moins d&rsquo;un an apr\u00e8s y avoir \u00e9t\u00e9 renvers\u00e9 par une motion de censure sur les textes budg\u00e9taires.<\/p>\n<p class=\"lead \">Sa concurrente socialiste Fr\u00e9d\u00e9rique Bredin, 68 ans, une ancienne ministre de Fran\u00e7ois Mitterrand, seule candidate de la gauche dans la circonscription, a revendiqu\u00e9 pr\u00e8s de 32% des voix \u00e0 ce scrutin o\u00f9 17 candidats \u00e9taient en lice, dont le RN Thierry Mariani, arriv\u00e9 loin derri\u00e8re en troisi\u00e8me position.<\/p>\n<p class=\"lead \">\u00ab\u00a0Le choix est d\u00e9sormais tr\u00e8s clair, entre d&rsquo;un c\u00f4t\u00e9 notre candidature commune de la droite et du centre et de l&rsquo;autre c\u00f4t\u00e9, la candidate de la gauche, soutenue par LFI et Jean-Luc M\u00e9lenchon\u00a0\u00bb, a lanc\u00e9 devant les militants Michel Barnier, qui a pris pour suppl\u00e9ante la maire Horizons du 5e arrondissement, Florence Berthout.<\/p>\n<p class=\"lead \">Fr\u00e9d\u00e9rique Bredin a tacl\u00e9 dans un communiqu\u00e9 un \u00ab\u00a0\u00e9chec historique de la droite avec moins de 50%\u00a0\u00bb dans cette circonscription hupp\u00e9e de la rive gauche de la capitale (environ 100.000 habitants) \u00e0 cheval entre les 5e, 6e et 7e arrondissement, historiquement ancr\u00e9e \u00e0 droite.<\/p>\n<p class=\"lead \">Cette \u00e9lection avait \u00e9t\u00e9 provoqu\u00e9e en juillet par l&rsquo;invalidation par le Conseil constitutionnel de l&rsquo;\u00e9lection du d\u00e9put\u00e9 macroniste Jean Laussucq pour irr\u00e9gularit\u00e9s dans ses comptes de campagne. <\/p>\n<p class=\"lead \">Les candidats ont d\u00fb mener une campagne \u00e9clair, au grand dam de la candidate du PS qui a demand\u00e9 en vain le report du scrutin, jugeant les d\u00e9lais \u00ab\u00a0scandaleusement courts\u00a0\u00bb.<\/p>\n<p class=\"lead \">Pour Michel Barnier, 74 ans, la campagne avait mal d\u00e9marr\u00e9, quand Rachida Dati a menac\u00e9 de se pr\u00e9senter face \u00e0 lui, le soup\u00e7onnant d&rsquo;avoir des ambitions municipales. La maire du 7e arrondissement a finalement jet\u00e9 l&rsquo;\u00e9ponge in extremis, apr\u00e8s avoir obtenu de Bruno Retailleau l&rsquo;investiture des R\u00e9publicains pour les municipales \u00e0 Paris de mars prochain.<\/p>\n<p class=\"lead \">&#8211; Un d\u00e9put\u00e9 \u00ab\u00a0exigeant et loyal\u00a0\u00bb &#8211;<\/p>\n<p class=\"lead \">Dimanche soir, la ministre d\u00e9missionnaire de la Culture a f\u00e9licit\u00e9 Michel Barnier et son \u00ab\u00a0score remarquable de 58,5%\u00a0\u00bb dans le 7e arrondissement\u00a0\u00bb.<\/p>\n<p class=\"lead \">Vendredi, lors de son dernier meeting de campagne, M. Barnier a promis d&rsquo;\u00eatre \u00ab\u00a0un d\u00e9put\u00e9 exigeant et loyal \u00e0 l&rsquo;\u00e9gard du nouveau gouvernement\u00a0\u00bb, et souhait\u00e9 \u00ab\u00a0bon courage\u00a0\u00bb au nouveau Premier ministre S\u00e9bastien Lecornu pour trouver un compromis sur le budget.<\/p>\n<p class=\"lead \">Celui qui avait fait de la Savoie son fief \u00e9lectoral pendant des ann\u00e9es &#8211; d\u00e9put\u00e9, s\u00e9nateur, pr\u00e9sident de l&rsquo;assembl\u00e9e d\u00e9partementale &#8211; avait assur\u00e9 vivre \u00ab\u00a0depuis douze ans\u00a0\u00bb dans cette circonscription des beaux quartiers de Paris, qui longe la Seine du jardin du Luxembourg \u00e0 la Tour Eiffel, pour justifier sa candidature. <\/p>\n<p class=\"lead \">Mais c&rsquo;est \u00e0 la faveur d&rsquo;une procuration donn\u00e9e par \u00ab\u00a0un ami\u00a0\u00bb qu&rsquo;il s&rsquo;est rendu aux urnes dimanche, faute d&rsquo;inscription sur les listes \u00e9lectorales parisiennes.<\/p>\n<p class=\"lead \">Fr\u00e9d\u00e9rique Bredin a elle aussi d\u00e9j\u00e0 connu le Palais Bourbon en tant que d\u00e9put\u00e9e de Seine-Maritime.<\/p>\n<p class=\"lead \">Elle \u00e9tait ministre de la Jeunesse et des Sports (1991-1993) durant les Jeux d&rsquo;olympiques d&rsquo;hiver d&rsquo;Albertville, dont Michel Barnier \u00e9tait le co-organisateur. Elle a \u00e9galement \u00e9t\u00e9 maire de F\u00e9camp, d\u00e9put\u00e9e europ\u00e9enne, avant de prendre la t\u00eate du Centre national du cin\u00e9ma entre 2013 et 2019.<\/p>\n<p class=\"small font-weight-bold text-gray3 \"> publi\u00e9 le 22 septembre \u00e0 00h09, AFP<\/p>\n<p>                             Partager<\/p>\n","protected":false},"excerpt":{"rendered":"Sans surprise, l&rsquo;ancien Premier ministre LR Michel Barnier est arriv\u00e9 tr\u00e8s largement en t\u00eate dimanche du premier tour&hellip;\n","protected":false},"author":2,"featured_media":408175,"comment_status":"","ping_status":"","sticky":false,"template":"","format":"standard","meta":{"footnotes":""},"categories":[1888],"tags":[11910,11,37938,1777,674,1011,27,12,626,1050,3848,25],"class_list":{"0":"post-408174","1":"post","2":"type-post","3":"status-publish","4":"format-standard","5":"has-post-thumbnail","7":"category-paris","8":"tag-lections","9":"tag-actualites","10":"tag-assemble","11":"tag-eu","12":"tag-europe","13":"tag-fr","14":"tag-france","15":"tag-news","16":"tag-paris","17":"tag-parlement","18":"tag-partis","19":"tag-republique-francaise"},"share_on_mastodon":{"url":"https:\/\/pubeurope.com\/@fr\/115244795437590017","error":""},"_links":{"self":[{"href":"https:\/\/www.europesays.com\/fr\/wp-json\/wp\/v2\/posts\/408174","targetHints":{"allow":["GET"]}}],"collection":[{"href":"https:\/\/www.europesays.com\/fr\/wp-json\/wp\/v2\/posts"}],"about":[{"href":"https:\/\/www.europesays.com\/fr\/wp-json\/wp\/v2\/types\/post"}],"author":[{"embeddable":true,"href":"https:\/\/www.europesays.com\/fr\/wp-json\/wp\/v2\/users\/2"}],"replies":[{"embeddable":true,"href":"https:\/\/www.europesays.com\/fr\/wp-json\/wp\/v2\/comments?post=408174"}],"version-history":[{"count":0,"href":"https:\/\/www.europesays.com\/fr\/wp-json\/wp\/v2\/posts\/408174\/revisions"}],"wp:featuredmedia":[{"embeddable":true,"href":"https:\/\/www.europesays.com\/fr\/wp-json\/wp\/v2\/media\/408175"}],"wp:attachment":[{"href":"https:\/\/www.europesays.com\/fr\/wp-json\/wp\/v2\/media?parent=408174"}],"wp:term":[{"taxonomy":"category","embeddable":true,"href":"https:\/\/www.europesays.com\/fr\/wp-json\/wp\/v2\/categories?post=408174"},{"taxonomy":"post_tag","embeddable":true,"href":"https:\/\/www.europesays.com\/fr\/wp-json\/wp\/v2\/tags?post=408174"}],"curies":[{"name":"wp","href":"https:\/\/api.w.org\/{rel}","templated":true}]}}