{"id":408182,"date":"2025-09-21T23:09:11","date_gmt":"2025-09-21T23:09:11","guid":{"rendered":"https:\/\/www.europesays.com\/fr\/408182\/"},"modified":"2025-09-21T23:09:11","modified_gmt":"2025-09-21T23:09:11","slug":"le-royaume-uni-le-canada-et-laustralie-reconnaissent-letat-palestinien-2","status":"publish","type":"post","link":"https:\/\/www.europesays.com\/fr\/408182\/","title":{"rendered":"Le Royaume-Uni, le Canada et l&rsquo;Australie reconnaissent l&rsquo;\u00c9tat palestinien"},"content":{"rendered":"<p class=\"mb-4 text-lg md:leading-8 break-words\">Le Royaume-Uni, l&rsquo;Australie et le Canada ont reconnu l&rsquo;\u00c9tat palestinien dans le cadre d&rsquo;un revirement diplomatique historique, <strong>\u00e0 quelques jours de la semaine de haut niveau de l&rsquo;Assembl\u00e9e g\u00e9n\u00e9rale des Nations Unies,<\/strong> qui doit s&rsquo;ouvrir mardi.<\/p>\n<p class=\"mb-4 text-lg md:leading-8 break-words\">Le Premier ministre britannique Keir Starmer a confirm\u00e9 dimanche que Londres <strong>reconnaissait officiellement un \u00c9tat palestinien<\/strong> malgr\u00e9 l&rsquo;opposition des \u00c9tats-Unis et d&rsquo;Isra\u00ebl.<\/p>\n<p class=\"mb-4 text-lg md:leading-8 break-words\">Son annonce fait suite \u00e0 celles du Canada et de l&rsquo;Australie, dans ce qui semble \u00eatre une initiative coordonn\u00e9e des nations du Commonwealth.<\/p>\n<p class=\"mb-4 text-lg md:leading-8 break-words\">Le Premier ministre britannique, qui a subi des pressions pour adopter une ligne plus dure \u00e0 l&rsquo;\u00e9gard d&rsquo;Isra\u00ebl <strong>au sein de son propre parti travailliste<\/strong>, a d\u00e9clar\u00e9 que cette d\u00e9cision visait \u00e0 \u00ab\u00a0raviver l&rsquo;espoir de paix pour les Palestiniens et les Isra\u00e9liens\u00a0\u00bb.<\/p>\n<p class=\"mb-4 text-lg md:leading-8 break-words\">Le premier ministre britannique a soulign\u00e9 que cette reconnaissance ne constituait toutefois <strong>pas une r\u00e9compense pour le Hamas<\/strong>, affirmant que le groupe bas\u00e9 \u00e0 Gaza ne jouerait aucun r\u00f4le dans la future gouvernance du peuple palestinien.<\/p>\n<p class=\"mb-4 text-lg md:leading-8 break-words\">\u00ab\u00a0Nous devons canaliser nos efforts, unis dans l&rsquo;espoir, vers l&rsquo;avenir pacifique que nous souhaitons : la lib\u00e9ration des otages, la fin de la violence, la fin de la souffrance et le retour \u00e0 une solution \u00e0 deux \u00c9tats, qui constitue le meilleur espoir de paix et de s\u00e9curit\u00e9 pour toutes les parties\u00a0\u00bb, a-t-il d\u00e9clar\u00e9.<\/p>\n<p class=\"mb-4 text-lg md:leading-8 break-words\">Bien que ce geste soit largement symbolique, il s&rsquo;agit d&rsquo;un moment historique puisque le Royaume-Uni a sans doute <strong>jet\u00e9 les bases de la cr\u00e9ation de l&rsquo;\u00c9tat isra\u00e9lien lorsqu&rsquo;il contr\u00f4lait ce qui s&rsquo;appelait alors la Palestine, en 1917<\/strong>.<\/p>\n<p>Un acte coordonn\u00e9 entre des pays du Commonwealth<\/p>\n<p class=\"mb-4 text-lg md:leading-8 break-words\">La d\u00e9cision australienne a \u00e9t\u00e9 annonc\u00e9e en ao\u00fbt, mais elle est devenue officielle dimanche dans une d\u00e9claration commune du Premier ministre Anthony Albanese et de la ministre des Affaires \u00e9trang\u00e8res Penny Wong.<\/p>\n<p class=\"mb-4 text-lg md:leading-8 break-words\">\u00ab\u00a0L&rsquo;Australie reconna\u00eet les aspirations l\u00e9gitimes et anciennes du peuple de Palestine \u00e0 un \u00c9tat qui lui soit propre\u00a0\u00bb, ont-ils d\u00e9clar\u00e9.<\/p>\n<p class=\"mb-4 text-lg md:leading-8 break-words\">\u00ab\u00a0L&rsquo;acte de reconnaissance d&rsquo;aujourd&rsquo;hui refl\u00e8te l&rsquo;engagement de longue date de l&rsquo;Australie en faveur d&rsquo;une solution \u00e0 deux \u00c9tats, qui a toujours \u00e9t\u00e9 la seule voie vers une paix et une s\u00e9curit\u00e9 durables pour les peuples isra\u00e9lien et palestinien.\u00a0\u00bb<\/p>\n<p class=\"mb-4 text-lg md:leading-8 break-words\">En se joignant au Royaume-Uni et \u00e0 l&rsquo;Australie, le Canada entend \u00ab\u00a0pr\u00e9server la perspective d&rsquo;une solution \u00e0 deux \u00c9tats\u00a0\u00bb, selon une d\u00e9claration du bureau du Premier ministre Mark Carney publi\u00e9e dimanche matin.<\/p>\n<p class=\"mb-4 text-lg md:leading-8 break-words\">\u00ab\u00a0Pendant de nombreuses d\u00e9cennies, l&rsquo;engagement du Canada en faveur d&rsquo;une solution \u00e0 deux \u00c9tats s&rsquo;est fond\u00e9 sur l&rsquo;espoir que ce r\u00e9sultat serait finalement atteint dans le cadre d&rsquo;un r\u00e8glement n\u00e9goci\u00e9.\u00a0\u00bb<\/p>\n<p class=\"mb-4 text-lg md:leading-8 break-words\">Mark Carney a toutefois not\u00e9 que cette possibilit\u00e9 \u00ab\u00a0a \u00e9t\u00e9 r\u00e9guli\u00e8rement et gravement \u00e9rod\u00e9e\u00a0\u00bb par plusieurs \u00e9v\u00e9nements, notamment l&rsquo;attaque du 7 octobre 2023 men\u00e9e par le Hamas contre le sud d&rsquo;Isra\u00ebl, la r\u00e9solution du Parlement isra\u00e9lien soutenant l&rsquo;annexion de la Cisjordanie occup\u00e9e et le blocus brutal de l&rsquo;enclave, qui a interdit l&rsquo;entr\u00e9e de denr\u00e9es alimentaires et d&rsquo;aide essentielles pendant des mois.<\/p>\n<p class=\"mb-4 text-lg md:leading-8 break-words\"><b class=\"c-widget-related__title__text\">Related<\/b><\/p>\n<p class=\"mb-4 text-lg md:leading-8 break-words\">Le Forum isra\u00e9lien des familles d&rsquo;otages et de disparus a publi\u00e9 une d\u00e9claration condamnant le Royaume-Uni, le Canada et l&rsquo;Australie pour la \u00ab\u00a0reconnaissance inconditionnelle d&rsquo;un \u00c9tat palestinien, tout en fermant les yeux sur le fait que 48 otages sont toujours d\u00e9tenus par le Hamas\u00a0\u00bb.<\/p>\n<p class=\"mb-4 text-lg md:leading-8 break-words\">Le ministre isra\u00e9lien de la S\u00e9curit\u00e9 nationale, Itamar Ben-Gvir, a annonc\u00e9 qu&rsquo;il soul\u00e8verait la question de l&rsquo;annexion de la Cisjordanie lors de la prochaine r\u00e9union du cabinet en r\u00e9ponse \u00e0 ces reconnaissances.<\/p>\n<p class=\"mb-4 text-lg md:leading-8 break-words\">\u00ab\u00a0La reconnaissance par le Royaume-Uni, le Canada et l&rsquo;Australie d&rsquo;un \u00c9tat \u00ab\u00a0palestinien\u00a0\u00bb, en tant que r\u00e9compense pour les terroristes meurtriers de la Nukhba, exige des contre-mesures imm\u00e9diates\u00a0\u00bb, a d\u00e9clar\u00e9 le ministre.<\/p>\n<p class=\"mb-4 text-lg md:leading-8 break-words\">Le ministre isra\u00e9lien d&rsquo;extr\u00eame droite a \u00e9galement appel\u00e9 \u00e0 \u00ab\u00a0l&rsquo;application imm\u00e9diate de la souverainet\u00e9 en Jud\u00e9e et en Samarie (le nom biblique des r\u00e9gions connues collectivement sous le nom de Cisjordanie) et au d\u00e9mant\u00e8lement complet de l&rsquo;Autorit\u00e9 palestinienne\u00a0\u00bb.<\/p>\n","protected":false},"excerpt":{"rendered":"Le Royaume-Uni, l&rsquo;Australie et le Canada ont reconnu l&rsquo;\u00c9tat palestinien dans le cadre d&rsquo;un revirement diplomatique historique, \u00e0&hellip;\n","protected":false},"author":2,"featured_media":408183,"comment_status":"","ping_status":"","sticky":false,"template":"","format":"standard","meta":{"footnotes":""},"categories":[1588],"tags":[11,53979,574,8421,1777,674,53978,12,21761,473,1853,1851,1850,1852],"class_list":{"0":"post-408182","1":"post","2":"type-post","3":"status-publish","4":"format-standard","5":"has-post-thumbnail","7":"category-royaume-uni","8":"tag-actualites","9":"tag-bureau-du-premier-ministre","10":"tag-canada","11":"tag-etat-palestinien","12":"tag-eu","13":"tag-europe","14":"tag-nations-du-commonwealth","15":"tag-news","16":"tag-premier-ministre-britannique","17":"tag-royaume-uni","18":"tag-royaume-uni-de-grande-bretagne-et-dirlande-du-nord","19":"tag-uk","20":"tag-united-kingdom","21":"tag-united-kingdom-of-great-britain-and-northern-ireland"},"share_on_mastodon":{"url":"https:\/\/pubeurope.com\/@fr\/115244811183136354","error":""},"_links":{"self":[{"href":"https:\/\/www.europesays.com\/fr\/wp-json\/wp\/v2\/posts\/408182","targetHints":{"allow":["GET"]}}],"collection":[{"href":"https:\/\/www.europesays.com\/fr\/wp-json\/wp\/v2\/posts"}],"about":[{"href":"https:\/\/www.europesays.com\/fr\/wp-json\/wp\/v2\/types\/post"}],"author":[{"embeddable":true,"href":"https:\/\/www.europesays.com\/fr\/wp-json\/wp\/v2\/users\/2"}],"replies":[{"embeddable":true,"href":"https:\/\/www.europesays.com\/fr\/wp-json\/wp\/v2\/comments?post=408182"}],"version-history":[{"count":0,"href":"https:\/\/www.europesays.com\/fr\/wp-json\/wp\/v2\/posts\/408182\/revisions"}],"wp:featuredmedia":[{"embeddable":true,"href":"https:\/\/www.europesays.com\/fr\/wp-json\/wp\/v2\/media\/408183"}],"wp:attachment":[{"href":"https:\/\/www.europesays.com\/fr\/wp-json\/wp\/v2\/media?parent=408182"}],"wp:term":[{"taxonomy":"category","embeddable":true,"href":"https:\/\/www.europesays.com\/fr\/wp-json\/wp\/v2\/categories?post=408182"},{"taxonomy":"post_tag","embeddable":true,"href":"https:\/\/www.europesays.com\/fr\/wp-json\/wp\/v2\/tags?post=408182"}],"curies":[{"name":"wp","href":"https:\/\/api.w.org\/{rel}","templated":true}]}}