{"id":408188,"date":"2025-09-21T23:12:30","date_gmt":"2025-09-21T23:12:30","guid":{"rendered":"https:\/\/www.europesays.com\/fr\/408188\/"},"modified":"2025-09-21T23:12:30","modified_gmt":"2025-09-21T23:12:30","slug":"lue-peine-a-trouver-la-parade-face-aux-penuries-de-medicaments-17-09-2025-a-1753","status":"publish","type":"post","link":"https:\/\/www.europesays.com\/fr\/408188\/","title":{"rendered":"L&rsquo;UE peine \u00e0 trouver la parade face aux p\u00e9nuries de m\u00e9dicaments &#8211; 17\/09\/2025 \u00e0 17:53"},"content":{"rendered":"<p>        <img fetchpriority=\"high\" decoding=\"async\" src=\"https:\/\/www.europesays.com\/fr\/wp-content\/uploads\/2025\/09\/eae602cd2cd3a976be9f5063c447ca8a-760x507.jpg\" alt=\"L'Union europ\u00e9enne &quot;n'a pas encore trouv\u00e9 de rem\u00e8de&quot; contre les p\u00e9nuries de m\u00e9dicaments, selon un rapport publi\u00e9 mercredi par la Cour des comptes europ\u00e9enne ( AFP \/ Christophe ARCHAMBAULT )\" loading=\"eager\" width=\"760\" height=\"507\" style=\"max-width: 100%!important; height: auto;\"\/><\/p>\n<p class=\"c-image-news__legend\">L&rsquo;Union europ\u00e9enne \u00ab\u00a0n&rsquo;a pas encore trouv\u00e9 de rem\u00e8de\u00a0\u00bb contre les p\u00e9nuries de m\u00e9dicaments, selon un rapport publi\u00e9 mercredi par la Cour des comptes europ\u00e9enne ( AFP \/ Christophe ARCHAMBAULT )<\/p>\n<p>\n L&rsquo;Union europ\u00e9enne \u00ab\u00a0n&rsquo;a pas encore trouv\u00e9 de rem\u00e8de\u00a0\u00bb contre les p\u00e9nuries de m\u00e9dicaments, selon un rapport publi\u00e9 mercredi par la Cour des comptes europ\u00e9enne, qui appelle \u00e0 renforcer l&rsquo;Agence europ\u00e9enne des m\u00e9dicaments.\n<\/p>\n<p>\n Cet audit analyse notamment les p\u00e9nuries records de 2023 et 2024, pour des antibiotiques comme l&rsquo;amoxicilline.\n<\/p>\n<p>\n L&rsquo;UE a identifi\u00e9 les causes du probl\u00e8me, en particulier ses vuln\u00e9rabilit\u00e9s dans la cha\u00eene d&rsquo;approvisionnement, car une partie importante de la production est r\u00e9alis\u00e9e en Asie.\n<\/p>\n<p>\n Mais la r\u00e9ponse politique des 27 n&rsquo;est pas \u00e0 la hauteur, d&rsquo;apr\u00e8s la Cour.\n<\/p>\n<p>\n \u00ab\u00a0De nombreux \u00c9tats membres ont commenc\u00e9 \u00e0 stocker des m\u00e9dicaments sans se concerter, ce qui a pu aggraver les p\u00e9nuries dans certains d&rsquo;entre eux\u00a0\u00bb, affirme l&rsquo;instance bas\u00e9e au Luxembourg.\n<\/p>\n<p>\n Et si l&rsquo;Union europ\u00e9enne a fait un \u00ab\u00a0grand pas en avant\u00a0\u00bb d\u00e8s la fin 2023 en \u00e9tablissant sa premi\u00e8re liste de m\u00e9dicaments critiques, elle n&rsquo;a pas agi suffisamment pour \u00ab\u00a0garantir leur disponibilit\u00e9\u00a0\u00bb, selon le rapport.\n<\/p>\n<p>\n La Cour des Comptes salue \u00ab\u00a0le r\u00f4le de coordination important\u00a0\u00bb de l&rsquo;Agence europ\u00e9enne des m\u00e9dicaments (EMA), mais d\u00e9plore qu&rsquo;elle ne soit \u00ab\u00a0toujours pas habilit\u00e9e \u00e0 venir en aide aux pays de l&rsquo;UE en dehors\u00a0\u00bb des crises sanitaires.\n<\/p>\n<p>\n Et l&rsquo;agence \u00ab\u00a0n&rsquo;est pas suffisamment inform\u00e9e des p\u00e9nuries pour \u00eatre en mesure de les pr\u00e9venir\u00a0\u00bb, estime l&rsquo;audit.\n<\/p>\n<p>\n La Cour rappelle que la sant\u00e9 rel\u00e8ve des comp\u00e9tences des Etats membres, et pas directement de l&rsquo;Union europ\u00e9enne. Et elle regrette le manque d&rsquo;harmonisation entre les r\u00e8gles qui s&rsquo;appliquent \u00e0 l&rsquo;industrie en fonction des pays europ\u00e9ens.\n<\/p>\n<p>\n En France, les industriels doivent signaler une p\u00e9nurie \u00ab\u00a0d\u00e8s que le risque de rupture de stock est connu\u00a0\u00bb, tandis qu&rsquo;en Italie, il faut le faire \u00ab\u00a04 mois avant toute interruption d&rsquo;approvisionnement\u00a0\u00bb, selon le rapport.\n<\/p>\n<p>\n La Cour des comptes europ\u00e9enne critique \u00e9galement la fragmentation du march\u00e9 europ\u00e9en des m\u00e9dicaments qui entrave leur libre-circulation, par exemple en raison d&#8217;emballages diff\u00e9rents d&rsquo;un pays \u00e0 l&rsquo;autre.\n<\/p>\n<p>\n Entre autres recommandations, le rapport appelle la Commission europ\u00e9enne \u00e0 prendre des mesures pour garantir le signalement rapide des p\u00e9nuries \u00e0 l&rsquo;Agence europ\u00e9enne des m\u00e9dicaments.\n<\/p>\n<p>\n Cette agence devrait aussi \u00ab\u00a0g\u00e9rer une base de donn\u00e9es des m\u00e9dicaments et une plateforme de signalement uniques\u00a0\u00bb, conseille la Cour des comptes.<\/p>\n","protected":false},"excerpt":{"rendered":"L&rsquo;Union europ\u00e9enne \u00ab\u00a0n&rsquo;a pas encore trouv\u00e9 de rem\u00e8de\u00a0\u00bb contre les p\u00e9nuries de m\u00e9dicaments, selon un rapport publi\u00e9 mercredi&hellip;\n","protected":false},"author":2,"featured_media":408189,"comment_status":"","ping_status":"","sticky":false,"template":"","format":"standard","meta":{"footnotes":""},"categories":[1586],"tags":[400,11,398,408,405,1777,674,1779,1011,27,403,402,399,404,12,25,401,406,1778,364,407],"class_list":{"0":"post-408188","1":"post","2":"type-post","3":"status-publish","4":"format-standard","5":"has-post-thumbnail","7":"category-europe","8":"tag-action-cac-40","9":"tag-actualites","10":"tag-bourse-de-paris","11":"tag-boursorama","12":"tag-cotations","13":"tag-eu","14":"tag-europe","15":"tag-european-union","16":"tag-fr","17":"tag-france","18":"tag-indices-devises","19":"tag-investir","20":"tag-investissement","21":"tag-marche-boursier","22":"tag-news","23":"tag-republique-francaise","24":"tag-sicav","25":"tag-trackers","26":"tag-ue","27":"tag-union-europeenne","28":"tag-warrants"},"share_on_mastodon":{"url":"https:\/\/pubeurope.com\/@fr\/115244822957030107","error":""},"_links":{"self":[{"href":"https:\/\/www.europesays.com\/fr\/wp-json\/wp\/v2\/posts\/408188","targetHints":{"allow":["GET"]}}],"collection":[{"href":"https:\/\/www.europesays.com\/fr\/wp-json\/wp\/v2\/posts"}],"about":[{"href":"https:\/\/www.europesays.com\/fr\/wp-json\/wp\/v2\/types\/post"}],"author":[{"embeddable":true,"href":"https:\/\/www.europesays.com\/fr\/wp-json\/wp\/v2\/users\/2"}],"replies":[{"embeddable":true,"href":"https:\/\/www.europesays.com\/fr\/wp-json\/wp\/v2\/comments?post=408188"}],"version-history":[{"count":0,"href":"https:\/\/www.europesays.com\/fr\/wp-json\/wp\/v2\/posts\/408188\/revisions"}],"wp:featuredmedia":[{"embeddable":true,"href":"https:\/\/www.europesays.com\/fr\/wp-json\/wp\/v2\/media\/408189"}],"wp:attachment":[{"href":"https:\/\/www.europesays.com\/fr\/wp-json\/wp\/v2\/media?parent=408188"}],"wp:term":[{"taxonomy":"category","embeddable":true,"href":"https:\/\/www.europesays.com\/fr\/wp-json\/wp\/v2\/categories?post=408188"},{"taxonomy":"post_tag","embeddable":true,"href":"https:\/\/www.europesays.com\/fr\/wp-json\/wp\/v2\/tags?post=408188"}],"curies":[{"name":"wp","href":"https:\/\/api.w.org\/{rel}","templated":true}]}}