{"id":408190,"date":"2025-09-21T23:13:13","date_gmt":"2025-09-21T23:13:13","guid":{"rendered":"https:\/\/www.europesays.com\/fr\/408190\/"},"modified":"2025-09-21T23:13:13","modified_gmt":"2025-09-21T23:13:13","slug":"les-drapeaux-palestinien-et-israelien-projetes-sur-la-tour-eiffel","status":"publish","type":"post","link":"https:\/\/www.europesays.com\/fr\/408190\/","title":{"rendered":"les drapeaux palestinien et isra\u00e9lien projet\u00e9s sur la tour Eiffel"},"content":{"rendered":"<p>Ce pavoisement sur un grand \u00e9cran, qui n\u2019avait pas \u00e9t\u00e9 annonc\u00e9, a commenc\u00e9 \u00e0 21 heures et doit se poursuivre jusqu\u2019\u00e0 23h45, selon la mairie de Paris.<\/p>\n<p class=\"fig-paragraph\">Les drapeaux palestinien et isra\u00e9lien, reli\u00e9s par le dessin d&rsquo;une colombe tenant dans son bec un rameau d&rsquo;olivier, ont \u00e9t\u00e9 projet\u00e9s dimanche soir sur la tour Eiffel, \u00e0 la veille de la reconnaissance officielle par la France de l&rsquo;Etat palestinien, a annonc\u00e9 la maire de Paris.<\/p>\n<p class=\"fig-paragraph\">Ce pavoisement sur un grand \u00e9cran, qui n&rsquo;avait pas \u00e9t\u00e9 annonc\u00e9, a commenc\u00e9 \u00e0 21h00 et doit se poursuivre jusqu&rsquo;\u00e0 23h45, a indiqu\u00e9 \u00e0 l&rsquo;AFP la mairie de Paris, propri\u00e9taire du monument.<\/p>\n<p>                                    <a class=\"fig-a11y-skip a11y-hidden\" href=\"#fig-a11y-skip-main-inarticle\"><br \/>\n        Passer la publicit\u00e9<br \/>\n    <\/a><\/p>\n<p class=\"fig-paragraph\">\u00abParis soutient l&rsquo;initiative port\u00e9e aux Nations Unies par le pr\u00e9sident de la R\u00e9publique fran\u00e7aise pour la reconnaissance de l&rsquo;\u00c9tat de Palestine. Paris r\u00e9affirme son engagement pour la paix qui passe plus que jamais par la solution \u00e0 deux \u00c9tats\u00bb, a \u00e9crit sur le r\u00e9seau social Bluesky la maire de Paris, la socialiste Anne Hidalgo, en illustrant son message d&rsquo;une photo de l&rsquo;illumination.<\/p>\n<p class=\"fig-paragraph\">Des maires de plusieurs communes de France ont par ailleurs indiqu\u00e9 ces derniers jours leur intention de faire flotter lundi le drapeau palestinien au fronton de leur h\u00f4tel de ville, ignorant les mises en garde du ministre de l&rsquo;Int\u00e9rieur\u00a0<a href=\"http:\/\/www.lefigaro.fr\/actualite-france\/greve-du-18-septembre-la-france-n-a-pas-ete-bloquee-se-felicite-bruno-retailleau-20250919\" data-fig-type=\"NewsFlash\" data-gtm-custom-categorie=\"navigation\" data-gtm-custom-action=\"crossclick\" data-gtm-custom-label=\"Contextuel\" data-gtm-event=\"customEventSPE\" data-fig-domain=\"LEFIGARO\" target=\"_blank\" rel=\"noopener\">Bruno Retailleau<\/a>\u00a0qui a donn\u00e9 pour consigne aux pr\u00e9fets de saisir la justice administrative si tel \u00e9tait le cas.<\/p>\n","protected":false},"excerpt":{"rendered":"Ce pavoisement sur un grand \u00e9cran, qui n\u2019avait pas \u00e9t\u00e9 annonc\u00e9, a commenc\u00e9 \u00e0 21 heures et doit&hellip;\n","protected":false},"author":2,"featured_media":408191,"comment_status":"","ping_status":"","sticky":false,"template":"","format":"standard","meta":{"footnotes":""},"categories":[2],"tags":[11,1011,27,12,3518,25],"class_list":{"0":"post-408190","1":"post","2":"type-post","3":"status-publish","4":"format-standard","5":"has-post-thumbnail","7":"category-actualites","8":"tag-actualites","9":"tag-fr","10":"tag-france","11":"tag-news","12":"tag-palestine","13":"tag-republique-francaise"},"share_on_mastodon":{"url":"https:\/\/pubeurope.com\/@fr\/115244826918105201","error":""},"_links":{"self":[{"href":"https:\/\/www.europesays.com\/fr\/wp-json\/wp\/v2\/posts\/408190","targetHints":{"allow":["GET"]}}],"collection":[{"href":"https:\/\/www.europesays.com\/fr\/wp-json\/wp\/v2\/posts"}],"about":[{"href":"https:\/\/www.europesays.com\/fr\/wp-json\/wp\/v2\/types\/post"}],"author":[{"embeddable":true,"href":"https:\/\/www.europesays.com\/fr\/wp-json\/wp\/v2\/users\/2"}],"replies":[{"embeddable":true,"href":"https:\/\/www.europesays.com\/fr\/wp-json\/wp\/v2\/comments?post=408190"}],"version-history":[{"count":0,"href":"https:\/\/www.europesays.com\/fr\/wp-json\/wp\/v2\/posts\/408190\/revisions"}],"wp:featuredmedia":[{"embeddable":true,"href":"https:\/\/www.europesays.com\/fr\/wp-json\/wp\/v2\/media\/408191"}],"wp:attachment":[{"href":"https:\/\/www.europesays.com\/fr\/wp-json\/wp\/v2\/media?parent=408190"}],"wp:term":[{"taxonomy":"category","embeddable":true,"href":"https:\/\/www.europesays.com\/fr\/wp-json\/wp\/v2\/categories?post=408190"},{"taxonomy":"post_tag","embeddable":true,"href":"https:\/\/www.europesays.com\/fr\/wp-json\/wp\/v2\/tags?post=408190"}],"curies":[{"name":"wp","href":"https:\/\/api.w.org\/{rel}","templated":true}]}}