{"id":40820,"date":"2025-04-21T06:27:13","date_gmt":"2025-04-21T06:27:13","guid":{"rendered":"https:\/\/www.europesays.com\/fr\/40820\/"},"modified":"2025-04-21T06:27:13","modified_gmt":"2025-04-21T06:27:13","slug":"le-gardien-lucas-chevalier-qui-a-eu-trois-dents-cassees-dans-un-choc-prefere-sen-amuser","status":"publish","type":"post","link":"https:\/\/www.europesays.com\/fr\/40820\/","title":{"rendered":"le gardien Lucas Chevalier, qui a eu \u00ab trois dents cass\u00e9es \u00bb dans un choc, pr\u00e9f\u00e8re s\u2019en amuser"},"content":{"rendered":"<p>LIGUE 1\u00a0&#8211; Lucas Chevalier se souviendra longtemps de cette apr\u00e8s-midi d\u2019avril. Le gardien de Lille a en effet termin\u00e9 la rencontre contre Auxerre (3-1), ce dimanche, avec \u00ab\u00a0deux ou trois dents cass\u00e9es\u00a0\u00bb apr\u00e8s un choc avec son d\u00e9fenseur Alexsandro.<\/p>\n<p>Le <a href=\"https:\/\/fr.news.yahoo.com\/psg-aston-villa-ligue-champions-160009186.html\" data-ylk=\"slk:gardien;elm:context_link;itc:0;sec:content-canvas;outcm:mb_qualified_link;_E:mb_qualified_link;ct:story;\" class=\"link  yahoo-link\" target=\"_blank\" rel=\"noopener\">gardien<\/a> international fran\u00e7ais a \u00e9t\u00e9 percut\u00e9 par un genou de son partenaire br\u00e9silien, auteur d\u2019un but contre son camp en taclant dans les arr\u00eats de jeu de la rencontre (90e+2).<\/p>\n<p><a href=\"https:\/\/fr.news.yahoo.com\/ligue-1-d%C3%A9claration-maxime-saada-081947834.html\" data-ylk=\"slk:Ligue 1\u00a0: Cette d\u00e9claration de Maxime Saada, patron de Canal+, est pleine d\u2019espoir pour les fans de foot;elm:context_link;itc:0;sec:content-canvas;outcm:mb_qualified_link;_E:mb_qualified_link;ct:story;\" class=\"link  yahoo-link\" target=\"_blank\" rel=\"noopener\"> Ligue 1\u00a0: Cette d\u00e9claration de Maxime Saada, patron de Canal+, est pleine d\u2019espoir pour les fans de foot <\/a><\/p>\n<p>\u00ab\u00a0On a eu peur\u00a0\u00bb, a reconnu l\u2019entra\u00eeneur lillois Bruno Genesio apr\u00e8s le match, qui a \u00e9galement ajout\u00e9 que son joueur \u00e9tait \u00ab\u00a0assez \u00e9nerv\u00e9\u00a0\u00bb apr\u00e8s la rencontre.<\/p>\n<p>Cela n\u2019a pas emp\u00each\u00e9 ce dernier de finalement s\u2019amuser de sa situation un peu plus tard, comme en t\u00e9moigne une story qu\u2019il a publi\u00e9e sur son compte Instagram, <a href=\"https:\/\/www.leparisien.fr\/sports\/football\/ligue-1\/lille-auxerre-trois-dents-cassees-pour-le-gardien-lucas-chevalier-les-lillois-ont-eu-peur-20-04-2025-WWRX23354ZGRPKUODOZBQ5V4FY.php?at_variant=photo&amp;at_creation=Le%20Parisien&amp;at_campaign=Partage%20Twitter%20CM&amp;at_medium=Social%20media\" rel=\"nofollow noopener\" target=\"_blank\" data-ylk=\"slk:comme l\u2019a rep\u00e9r\u00e9 Le Parisien;elm:context_link;itc:0;sec:content-canvas\" class=\"link \">comme l\u2019a rep\u00e9r\u00e9 Le Parisien<\/a>. \u00ab\u00a0J\u2019ai r\u00e9ussi \u00e0 retrouver un bout du puzzle\u00a0\u00bb, a-t-il \u00e9crit sur une photo montrant dans sa main l\u2019un de ses bouts de dents.<\/p>\n<p><img decoding=\"async\" class=\"caas-img caas-lazy has-preview\" alt=\"Une story publi\u00e9e par Lucas Chevalier apr\u00e8s le match Lille-Auxerre, le 20\u00a0avril 2025.\" src=\"https:\/\/www.europesays.com\/fr\/wp-content\/uploads\/2025\/04\/eb0c81ebcf07e351c414f7fe7bb3e64f.jpeg\"\/><\/p>\n<p>Lucas Chevalier Instagram Une story publi\u00e9e par Lucas Chevalier apr\u00e8s le match Lille-Auxerre, le 20 avril 2025.<\/p>\n<p>Bruno Genesio a aussi d\u00e9fendu son gardien, <a href=\"https:\/\/www.lequipe.fr\/Football\/Actualites\/-ma-vie-a-change-lucas-chevalier-apres-avoir-ete-convoque-pour-la-premiere-fois-en-equipe-de-france\/1519091\" rel=\"nofollow noopener\" target=\"_blank\" data-ylk=\"slk:qui avait \u00e9t\u00e9 appel\u00e9 pour la premi\u00e8re fois en \u00e9quipe de France en novembre dernier;elm:context_link;itc:0;sec:content-canvas\" class=\"link \">qui avait \u00e9t\u00e9 appel\u00e9 pour la premi\u00e8re fois en \u00e9quipe de France en novembre dernier<\/a>. \u00ab\u00a0Je me mets \u00e0 sa place\u00a0: pour un gardien, c\u2019est toujours important de ne pas encaisser de but. \u00c7a l\u2019est aussi pour l\u2019\u00e9quipe. Lorsque l\u2019adversaire n\u2019en marque pas, il n\u2019est pas n\u00e9cessaire de le marquer nous-m\u00eames. Avant qu\u2019on encaisse ce but, il y avait d\u00e9j\u00e0 eu des alertes sur des ballons qu\u2019on lui a donn\u00e9s\u00a0\u00bb, a pest\u00e9 l\u2019entra\u00eeneur, faisant r\u00e9f\u00e9rence aux passes retrait dangereuses de certains de ses co\u00e9quipiers ce dimanche apr\u00e8s-midi.<\/p>\n<p>Apr\u00e8s sa victoire, Lille s\u2019est empar\u00e9 provisoirement de la quatri\u00e8me place avec un deuxi\u00e8me succ\u00e8s cons\u00e9cutif de bon augure dans la course \u00e0 l\u2019Europe.<\/p>\n<p><strong>\u00c0 voir \u00e9galement sur Le HuffPost\u00a0:<\/strong><\/p>\n<p><a href=\"https:\/\/fr.news.yahoo.com\/ligue-2-caen-club-rachet%C3%A9-204304479.html\" data-ylk=\"slk:Ligue 2\u00a0: Caen, le club rachet\u00e9 par Kylian Mbapp\u00e9, rel\u00e9gu\u00e9 en troisi\u00e8me division;elm:context_link;itc:0;sec:content-canvas;outcm:mb_qualified_link;_E:mb_qualified_link;ct:story;\" class=\"link  yahoo-link\" target=\"_blank\" rel=\"noopener\"> Ligue 2\u00a0: Caen, le club rachet\u00e9 par Kylian Mbapp\u00e9, rel\u00e9gu\u00e9 en troisi\u00e8me division <\/a><\/p>\n<p><a href=\"https:\/\/fr.news.yahoo.com\/lfp-veut-rompre-contrat-diffuseur-175445761.html\" data-ylk=\"slk:La LFP veut rompre son contrat avec le diffuseur DAZN qui refuse les conditions financi\u00e8res;elm:context_link;itc:0;sec:content-canvas;outcm:mb_qualified_link;_E:mb_qualified_link;ct:story;\" class=\"link  yahoo-link\" target=\"_blank\" rel=\"noopener\"> La LFP veut rompre son contrat avec le diffuseur DAZN qui refuse les conditions financi\u00e8res <\/a><\/p>\n","protected":false},"excerpt":{"rendered":"LIGUE 1\u00a0&#8211; Lucas Chevalier se souviendra longtemps de cette apr\u00e8s-midi d\u2019avril. Le gardien de Lille a en effet&hellip;\n","protected":false},"author":2,"featured_media":40821,"comment_status":"","ping_status":"","sticky":false,"template":"","format":"standard","meta":{"footnotes":""},"categories":[2815],"tags":[1111,11,4245,8095,64,1777,674,1011,27,8772,811,1307,4668,918,12,25],"class_list":{"0":"post-40820","1":"post","2":"type-post","3":"status-publish","4":"format-standard","5":"has-post-thumbnail","7":"category-lille","8":"tag-actu","9":"tag-actualites","10":"tag-auxerre","11":"tag-bruno-genesio","12":"tag-equipe-de-france","13":"tag-eu","14":"tag-europe","15":"tag-fr","16":"tag-france","17":"tag-gardien","18":"tag-hauts-de-france","19":"tag-lille","20":"tag-lucas-chevalier","21":"tag-mars","22":"tag-news","23":"tag-republique-francaise"},"share_on_mastodon":{"url":"https:\/\/pubeurope.com\/@fr\/114374537716313740","error":""},"_links":{"self":[{"href":"https:\/\/www.europesays.com\/fr\/wp-json\/wp\/v2\/posts\/40820","targetHints":{"allow":["GET"]}}],"collection":[{"href":"https:\/\/www.europesays.com\/fr\/wp-json\/wp\/v2\/posts"}],"about":[{"href":"https:\/\/www.europesays.com\/fr\/wp-json\/wp\/v2\/types\/post"}],"author":[{"embeddable":true,"href":"https:\/\/www.europesays.com\/fr\/wp-json\/wp\/v2\/users\/2"}],"replies":[{"embeddable":true,"href":"https:\/\/www.europesays.com\/fr\/wp-json\/wp\/v2\/comments?post=40820"}],"version-history":[{"count":0,"href":"https:\/\/www.europesays.com\/fr\/wp-json\/wp\/v2\/posts\/40820\/revisions"}],"wp:featuredmedia":[{"embeddable":true,"href":"https:\/\/www.europesays.com\/fr\/wp-json\/wp\/v2\/media\/40821"}],"wp:attachment":[{"href":"https:\/\/www.europesays.com\/fr\/wp-json\/wp\/v2\/media?parent=40820"}],"wp:term":[{"taxonomy":"category","embeddable":true,"href":"https:\/\/www.europesays.com\/fr\/wp-json\/wp\/v2\/categories?post=40820"},{"taxonomy":"post_tag","embeddable":true,"href":"https:\/\/www.europesays.com\/fr\/wp-json\/wp\/v2\/tags?post=40820"}],"curies":[{"name":"wp","href":"https:\/\/api.w.org\/{rel}","templated":true}]}}