{"id":408202,"date":"2025-09-21T23:22:18","date_gmt":"2025-09-21T23:22:18","guid":{"rendered":"https:\/\/www.europesays.com\/fr\/408202\/"},"modified":"2025-09-21T23:22:18","modified_gmt":"2025-09-21T23:22:18","slug":"tsunoda-pense-que-ne-pas-attaquer-lawson-etait-la-bonne-decision","status":"publish","type":"post","link":"https:\/\/www.europesays.com\/fr\/408202\/","title":{"rendered":"Tsunoda pense que ne pas attaquer Lawson \u00e9tait &lsquo;la bonne d\u00e9cision&rsquo;"},"content":{"rendered":"<p>21 septembre 2025 &#8211; 16:56<\/p>\n<p class=\"mt-5\">Yuki Tsunoda a sign\u00e9 son meilleur r\u00e9sultat de la saison et le meilleur avec Red Bull, en terminant sixi\u00e8me du Grand Prix d\u2019Azerba\u00efdjan. C\u2019est aussi sa meilleure performance depuis 2021, et il r\u00e9v\u00e8le qu\u2019il s\u2019est bien amus\u00e9 en course.<\/p>\n<p class=\"mt-5\">Il a chass\u00e9 Liam Lawson et sa Racing Bulls en deuxi\u00e8me partie de course mais n\u2019a pas voulu l\u2019attaquer, car il pense que cela lui aurait fait prendre des risques qu\u2019il ne voulait pas prendre face \u00e0 une voiture de la m\u00eame maison.<\/p>\n<p class=\"mt-5\">\u00ab\u00a0J\u2019ai pris du plaisir dans le premier relais, et aussi dans le deuxi\u00e8me avec une McLaren derri\u00e8re moi. J\u2019ai pens\u00e9 au championnat, pour l\u2019\u00e9quipe mais aussi pour Max chez les pilotes\u00a0\u00bb a d\u00e9clar\u00e9 le pilote japonais.<\/p>\n<p class=\"mt-5\">\u00ab\u00a0J\u2019ai eu des opportunit\u00e9s d\u2019attaquer Liam, mais il y avait des risques de se faire d\u00e9passer par la McLaren. En tant que pilote Red Bull, on ne veut pas faire \u00e7a, et je pense avoir pris la bonne d\u00e9cision de ne pas le d\u00e9fier. Je pense aussi que je n\u2019avais pas le rythme pour le d\u00e9passer de mani\u00e8re confortable.\u00a0\u00bb<\/p>\n<p class=\"mt-5\">Tsunoda est impressionn\u00e9 par la mani\u00e8re dont ce circuit tr\u00e8s pi\u00e9geux n\u2019a pas caus\u00e9 de chaos en course. Un calme qu\u2019il attribue au niveau global de la grille, au lendemain de qualifications durant lesquelles les six drapeaux rouges pr\u00e9sent\u00e9s aux pilotes ont \u00e9t\u00e9 caus\u00e9s par les conditions.<\/p>\n<p class=\"mt-5\">\u00ab\u00a0C\u2019\u00e9tait tr\u00e8s diff\u00e9rent d\u2019hier, c\u2019est s\u00fbr. J\u2019esp\u00e9rais de ne pas avoir de voiture de s\u00e9curit\u00e9 avec ma strat\u00e9gie, j\u2019esp\u00e9rais davantage vers la fin, mais il n\u2019y en a pas eu. D\u00e9j\u00e0 l\u2019an dernier il n\u2019y en avait pas eu beaucoup, je crois que les pilotes s\u2019habituent, et \u00e7a montre aussi \u00e0 quel point le niveau est \u00e9lev\u00e9 sur la grille de la Formule 1.\u00a0\u00bb<\/p>\n<p class=\"mt-5\">Vendredi, Tsunoda expliquait avoir trouv\u00e9 un point de progression sur les longs relais, et il confirme aujourd\u2019hui que le travail effectu\u00e9 depuis Monza a pay\u00e9\u00a0: \u00ab\u00a0C\u2019est une chose qui me donne plus de confiance pour l\u2019avenir.\u00a0\u00bb<\/p>\n<p class=\"mt-5\">\u00ab\u00a0On a fait quelques changements sur la voiture, j\u2019ai eu du soutien de l\u2019\u00e9quipe, et j\u2019ai fait des efforts sur mes longs relais. J\u2019ai vu la semaine derni\u00e8re que Max faisait quelque chose de diff\u00e9rent par rapport \u00e0 moi, je l\u2019ai transf\u00e9r\u00e9 sur le simulateur, et j\u2019ai pu l\u2019essayer ici.\u00a0\u00bb<\/p>\n<p class=\"mt-5\">\u00ab\u00a0En EL2, j\u2019ai vu que j\u2019avais fait un bon pas en avant gr\u00e2ce au simulateur. Je ne suis pas encore au niveau auquel j\u2019aimerais \u00eatre, mais je pense que les changements sur la voiture m\u2019aident, ainsi que quelques changements sur mon pilotage.\u00a0\u00bb<\/p>\n","protected":false},"excerpt":{"rendered":"21 septembre 2025 &#8211; 16:56 Yuki Tsunoda a sign\u00e9 son meilleur r\u00e9sultat de la saison et le meilleur&hellip;\n","protected":false},"author":2,"featured_media":408203,"comment_status":"","ping_status":"","sticky":false,"template":"","format":"standard","meta":{"footnotes":""},"categories":[1412],"tags":[1451,1452,1453,1454,1455,1011,27,60],"class_list":{"0":"post-408202","1":"post","2":"type-post","3":"status-publish","4":"format-standard","5":"has-post-thumbnail","7":"category-f1","8":"tag-f1","9":"tag-formula-1","10":"tag-formula1","11":"tag-formule-1","12":"tag-formule1","13":"tag-fr","14":"tag-france","15":"tag-sports"},"share_on_mastodon":{"url":"https:\/\/pubeurope.com\/@fr\/115244862306551656","error":""},"_links":{"self":[{"href":"https:\/\/www.europesays.com\/fr\/wp-json\/wp\/v2\/posts\/408202","targetHints":{"allow":["GET"]}}],"collection":[{"href":"https:\/\/www.europesays.com\/fr\/wp-json\/wp\/v2\/posts"}],"about":[{"href":"https:\/\/www.europesays.com\/fr\/wp-json\/wp\/v2\/types\/post"}],"author":[{"embeddable":true,"href":"https:\/\/www.europesays.com\/fr\/wp-json\/wp\/v2\/users\/2"}],"replies":[{"embeddable":true,"href":"https:\/\/www.europesays.com\/fr\/wp-json\/wp\/v2\/comments?post=408202"}],"version-history":[{"count":0,"href":"https:\/\/www.europesays.com\/fr\/wp-json\/wp\/v2\/posts\/408202\/revisions"}],"wp:featuredmedia":[{"embeddable":true,"href":"https:\/\/www.europesays.com\/fr\/wp-json\/wp\/v2\/media\/408203"}],"wp:attachment":[{"href":"https:\/\/www.europesays.com\/fr\/wp-json\/wp\/v2\/media?parent=408202"}],"wp:term":[{"taxonomy":"category","embeddable":true,"href":"https:\/\/www.europesays.com\/fr\/wp-json\/wp\/v2\/categories?post=408202"},{"taxonomy":"post_tag","embeddable":true,"href":"https:\/\/www.europesays.com\/fr\/wp-json\/wp\/v2\/tags?post=408202"}],"curies":[{"name":"wp","href":"https:\/\/api.w.org\/{rel}","templated":true}]}}