{"id":408208,"date":"2025-09-21T23:25:15","date_gmt":"2025-09-21T23:25:15","guid":{"rendered":"https:\/\/www.europesays.com\/fr\/408208\/"},"modified":"2025-09-21T23:25:15","modified_gmt":"2025-09-21T23:25:15","slug":"edouard-philippe-sa-fille-hospitalisee-en-toute-discretion","status":"publish","type":"post","link":"https:\/\/www.europesays.com\/fr\/408208\/","title":{"rendered":"Edouard Philippe : sa fille hospitalis\u00e9e en toute discr\u00e9tion"},"content":{"rendered":"<p class=\"p1\">Entre mai 2017 et juillet 2020, <strong>Edouard<br \/>\nPhilippe<\/strong> a occup\u00e9 le poste de <a href=\"https:\/\/www.closermag.fr\/politique\/les-ex-premiers-ministres-privilegies-cette-particularite-de-jean-castex-qui-surprend-3580101\" target=\"_blank\" rel=\"noopener\"><br \/>\nPremier ministre<\/a>. Depuis la fin de son mandat \u00e0 Matignon,<br \/>\nl\u2019homme politique a annonc\u00e9 sa candidature \u00e0 l\u2019\u00e9lection<br \/>\npr\u00e9sidentielle de 2027. Dimanche 21 septembre, il s\u2019est confi\u00e9 sur<br \/>\nson parcours dans l\u2019\u00e9mission Legend.<\/p>\n<p class=\"p1\">Face \u00e0 Guillaume Pley, l\u2019ancien Premier ministre a<br \/>\n\u00e9voqu\u00e9 la difficult\u00e9 \u00e0 segmenter <strong>sa vie priv\u00e9e<\/strong> de<br \/>\nsa vie professionnelle. Il s\u2019est ainsi souvenu d\u2019un moment o\u00f9 il<br \/>\ns\u2019est laiss\u00e9 affecter par <strong>un probl\u00e8me de sant\u00e9<\/strong> de<br \/>\n<a href=\"https:\/\/www.closermag.fr\/politique\/les-ex-premiers-ministres-privilegies-cette-particularite-de-jean-castex-qui-surprend-3580101\" target=\"_blank\" rel=\"noopener\"><br \/>\nsa fille Sarah<\/a> et a compl\u00e8tement loup\u00e9 une interview avec<br \/>\nJean-Jacques Bourdin.<\/p>\n<p>Edouard Philippe r\u00e9v\u00e8le l\u2019hospitalisation de sa<br \/>\nfille<\/p>\n<p class=\"p1\">\u00c0 la rentr\u00e9e 2017, Edouard Philippe avait \u00e9t\u00e9 invit\u00e9<br \/>\ndans la matinale de <a href=\"https:\/\/www.telestar.fr\/actu_tv\/pas-paye-la-grosse-somme-dargent-jean-jacques-bourdin-a-encore-beaucoup-de-griefs-sur-bfmtv-1737393\" target=\"_blank\" rel=\"noopener\">Jean-Jacques Bourdin<\/a>. Il avait<br \/>\nalors \u00e9t\u00e9 bombard\u00e9 de \u201cquestions de plus en plus pr\u00e9cises et de<br \/>\nplus en plus techniques\u201d et avait admis ne pas avoir les<br \/>\nr\u00e9ponses. Un manque de connaissance qui s\u2019expliquait par <strong>un<br \/>\ntravail peu approfondi<\/strong> la veille.<\/p>\n<p class=\"p1\">En effet, \u00e0 quelques heures de l\u2019interview, Edouard<br \/>\nPhilippe avait appris <strong>l\u2019hospitalisation de sa<br \/>\nfille<\/strong> n\u00e9e de sa relation avec <a href=\"https:\/\/www.closermag.fr\/politique\/douard-philippe-les-rares-confidences-sur-sa-femme-edith-chabre-solaire-et-drole-1114529#item=1\" target=\"_blank\" rel=\"noopener\"><br \/>\nEdith Chabre<\/a>. \u201cC\u2019\u00e9tait une pneumonie. Elle \u00e9tait<br \/>\nhospitalis\u00e9e parce qu\u2019elle \u00e9tait toute petite, elle avait sept ans,<br \/>\net avait des petits probl\u00e8mes respiratoires\u201d, s\u2019est-il<br \/>\nsouvenu. Une <strong>situation complexe<\/strong> puisque Sarah se<br \/>\ntrouvait encore en vacances et n\u2019\u00e9tait donc pas \u00e0 Paris.<\/p>\n<p>L\u2019ancien Premier ministre regrette<br \/>\nde s\u2019\u00eatre laiss\u00e9 affecter<\/p>\n<p class=\"p1\">En apprenant la situation, <a href=\"https:\/\/www.closermag.fr\/politique\/tes-vraiment-con-cette-anecdote-sur-edouard-philippe-quon-ne-pensait-pas-entendre-un-jour-3530031\" target=\"_blank\" rel=\"noopener\"><br \/>\nEdouard Philippe<\/a> avait <strong>h\u00e9sit\u00e9 \u00e0 prendre sa<br \/>\nvoiture<\/strong> et conduire trois heures pour rejoindre sa fille.<br \/>\nIl avait cependant d\u00e9cid\u00e9 de rester \u00e0 Paris afin de ne pas<br \/>\n\u201cfoutre le bordel \u00e0 l\u2019h\u00f4pital\u201d en arrivant accompagn\u00e9.<br \/>\n\u201cBref, je n\u2019avais pas pass\u00e9 une bonne soir\u00e9e, je n\u2019avais pas<br \/>\nassez travaill\u00e9 et \u00e7a s\u2019est vu\u201d, a-t-il d\u00e9plor\u00e9.<\/p>\n<p class=\"p1\">Interrog\u00e9 par Guillaume Pley sur la possibilit\u00e9<br \/>\nd\u2019\u00e9voquer l\u2019hospitalisation de sa fille en plateau, celui qui est<br \/>\n<a href=\"https:\/\/www.closermag.fr\/politique\/edouard-philippe-atteint-dune-maladie-lex-premier-ministre-encore-metamorphose-il-revit-sa-puberte-3510559\" target=\"_blank\" rel=\"noopener\"><br \/>\natteint d&rsquo;un vitiligo<\/a> a imm\u00e9diatement <strong>rejet\u00e9<br \/>\nl\u2019id\u00e9e<\/strong>. \u201cD\u2019une certaine fa\u00e7on, j\u2019\u00e9tais en faute. La<br \/>\nfonction est au-dessus de tout (&#8230;) J\u2019aurais d\u00fb \u00eatre suffisamment<br \/>\nfort pour ne pas \u00eatre troubl\u00e9 au moment o\u00f9 j\u2019avais besoin de ne pas<br \/>\n\u00eatre troubl\u00e9\u201d, a-t-il conclu.<\/p>\n","protected":false},"excerpt":{"rendered":"Entre mai 2017 et juillet 2020, Edouard Philippe a occup\u00e9 le poste de Premier ministre. Depuis la fin&hellip;\n","protected":false},"author":2,"featured_media":408209,"comment_status":"","ping_status":"","sticky":false,"template":"","format":"standard","meta":{"footnotes":""},"categories":[1359],"tags":[548,58,3080,59,1011,27,973,729],"class_list":{"0":"post-408208","1":"post","2":"type-post","3":"status-publish","4":"format-standard","5":"has-post-thumbnail","7":"category-people","8":"tag-article-simple","9":"tag-divertissement","10":"tag-edouard-philippe","11":"tag-entertainment","12":"tag-fr","13":"tag-france","14":"tag-people","15":"tag-yout_video"},"share_on_mastodon":{"url":"https:\/\/pubeurope.com\/@fr\/115244874079698139","error":""},"_links":{"self":[{"href":"https:\/\/www.europesays.com\/fr\/wp-json\/wp\/v2\/posts\/408208","targetHints":{"allow":["GET"]}}],"collection":[{"href":"https:\/\/www.europesays.com\/fr\/wp-json\/wp\/v2\/posts"}],"about":[{"href":"https:\/\/www.europesays.com\/fr\/wp-json\/wp\/v2\/types\/post"}],"author":[{"embeddable":true,"href":"https:\/\/www.europesays.com\/fr\/wp-json\/wp\/v2\/users\/2"}],"replies":[{"embeddable":true,"href":"https:\/\/www.europesays.com\/fr\/wp-json\/wp\/v2\/comments?post=408208"}],"version-history":[{"count":0,"href":"https:\/\/www.europesays.com\/fr\/wp-json\/wp\/v2\/posts\/408208\/revisions"}],"wp:featuredmedia":[{"embeddable":true,"href":"https:\/\/www.europesays.com\/fr\/wp-json\/wp\/v2\/media\/408209"}],"wp:attachment":[{"href":"https:\/\/www.europesays.com\/fr\/wp-json\/wp\/v2\/media?parent=408208"}],"wp:term":[{"taxonomy":"category","embeddable":true,"href":"https:\/\/www.europesays.com\/fr\/wp-json\/wp\/v2\/categories?post=408208"},{"taxonomy":"post_tag","embeddable":true,"href":"https:\/\/www.europesays.com\/fr\/wp-json\/wp\/v2\/tags?post=408208"}],"curies":[{"name":"wp","href":"https:\/\/api.w.org\/{rel}","templated":true}]}}