{"id":408214,"date":"2025-09-21T23:28:27","date_gmt":"2025-09-21T23:28:27","guid":{"rendered":"https:\/\/www.europesays.com\/fr\/408214\/"},"modified":"2025-09-21T23:28:27","modified_gmt":"2025-09-21T23:28:27","slug":"frederic-lopez-un-dimanche-a-la-campagne-bouche-bee-face-au-recit-des-coulisses-du-tournage-de-ma-mere-dieu-et-sylvie-vartan","status":"publish","type":"post","link":"https:\/\/www.europesays.com\/fr\/408214\/","title":{"rendered":"Fr\u00e9d\u00e9ric Lopez (Un dimanche \u00e0 la campagne) bouche b\u00e9e face au r\u00e9cit des coulisses du tournage de \u201cMa m\u00e8re, Dieu et Sylvie Vartan\u201d"},"content":{"rendered":"<p class=\"mb-4 text-lg md:leading-8 break-words\">Ce 21 septembre 2025, Fr\u00e9d\u00e9ric Lopez fait son grand retour \u00e0 l\u2019\u00e9cran avec son \u00e9mission Un dimanche \u00e0 la campagne. Apr\u00e8s une pause estivale de plusieurs mois, l\u2019animateur accueillait \u00e0 nouveau trois personnalit\u00e9s publiques pour une escapade synonyme de confidences au coin du feu, recettes de cuisine et repas faits de r\u00e9cits de vie. Cr\u00e9\u00e9 en octobre 2022, le programme s\u2019est peu \u00e0 peu impos\u00e9 comme un incontournable de la cha\u00eene t\u00e9l\u00e9vis\u00e9e France 2.<\/p>\n<p class=\"mb-4 text-lg md:leading-8 break-words\">En novembre 2024, l\u2019\u00e9mission r\u00e9unissant l\u2019\u00e9crivaine Virginie Grimaldi, le com\u00e9dien et humoriste Dany Boon ainsi que le chanteur Kendji Girac avait m\u00eame attir\u00e9 2,2 millions de t\u00e9l\u00e9spectateurs. Ce dimanche, pour sa rentr\u00e9e, Fr\u00e9d\u00e9ric Lopez recevait trois invit\u00e9s de choix : l\u2019humoriste et com\u00e9dienne Claudia Tagbo, le chanteur des Gipsy Kings Chico et l\u2019avocat Roland Perez. Ce dernier est connu pour animer une chronique sur Europe 1 mais aussi, et surtout, pour avoir \u00e9crit le roman autobiographique \u201cMa m\u00e8re, Dieu et Sylvie Vartan\u201d dont un film a \u00e9t\u00e9 adapt\u00e9.<\/p>\n<p class=\"mb-4 text-lg md:leading-8 break-words\">Sorti en salles le 19 mars 2025, le film comptait au casting deux grands noms du cin\u00e9ma fran\u00e7ais : Jonathan Cohen dans le r\u00f4le de Roland Perez ainsi que Le\u00efla Bekhti dans le r\u00f4le de sa m\u00e8re. Alors que les invit\u00e9s d\u2019Un dimanche \u00e0 la campagne partageaient un brunch, Fr\u00e9d\u00e9ric Lopez a interrog\u00e9 Roland Perez \u00e0 propos des coulisses du film. \u00ab\u00a0J\u2019ai assist\u00e9 \u00e0 quasiment tout le tournage. Le\u00efla n\u2019a pas voulu voir de photos ni de vid\u00e9os de ma maman alors que j\u2019en avais \u00e9videmment\u00a0\u00bb, a-t-il r\u00e9pondu avant (&#8230;)<\/p>\n<p>Publicit\u00e9<\/p>\n<p>Publicit\u00e9<\/p>\n<p>Publicit\u00e9<\/p>\n<p>Publicit\u00e9<\/p>\n<p class=\"mb-4 text-lg md:leading-8 break-words\">(&#8230;) <a href=\"https:\/\/www.femmeactuelle.fr\/actu\/news-actu\/je-nai-plus-les-mots-frederic-lopez-un-dimanche-a-la-campagne-bouche-bee-face-au-recit-des-coulisses-du-tournage-de-ma-mere-dieu-et-sylvie-vartan-2198640\" rel=\"nofollow noopener\" target=\"_blank\" data-ylk=\"slk:Cliquez ici pour voir la suite;elm:context_link;itc:0;sec:content-canvas\" class=\"link \">Cliquez ici pour voir la suite<\/a><\/p>\n<p class=\"mb-4 text-lg md:leading-8 break-words\"><a href=\"https:\/\/www.femmeactuelle.fr\/actu\/news-actu\/un-dimanche-a-la-campagne-pourquoi-lemission-de-frederic-lopez-ne-sera-pas-diffusee-le-25-mai-et-1er-juin-2193541\" rel=\"nofollow noopener\" target=\"_blank\" data-ylk=\"slk:Un dimanche \u00e0 la campagne : pourquoi l\u2019\u00e9mission de Fr\u00e9d\u00e9ric Lopez ne sera pas diffus\u00e9e avant le 15 juin ?;elm:context_link;itc:0;sec:content-canvas\" class=\"link \">Un dimanche \u00e0 la campagne : pourquoi l\u2019\u00e9mission de Fr\u00e9d\u00e9ric Lopez ne sera pas diffus\u00e9e avant le 15 juin ?<\/a><br \/><a href=\"https:\/\/www.femmeactuelle.fr\/actu\/news-actu\/jai-eu-une-mere-extraordinaire-sylvie-vartan-evoque-sa-relation-avec-sa-mere-dans-quotidien-et-lui-fait-une-belle-declaration-2189377\" rel=\"nofollow noopener\" target=\"_blank\" data-ylk=\"slk:&quot;J\u2019ai eu une m\u00e8re extraordinaire&quot; : l&#039;\u00e9mouvante d\u00e9claration d&#039;amour de Sylvie Vartan \u00e0 sa m\u00e8re;elm:context_link;itc:0;sec:content-canvas\" class=\"link \">\u00ab\u00a0J\u2019ai eu une m\u00e8re extraordinaire\u00a0\u00bb : l&rsquo;\u00e9mouvante d\u00e9claration d&rsquo;amour de Sylvie Vartan \u00e0 sa m\u00e8re<\/a><br \/><a href=\"https:\/\/www.femmeactuelle.fr\/actu\/news-actu\/avec-ma-mere-je-suis-panique-david-hallyday-evoque-la-fin-de-la-carriere-de-sylvie-vartan-et-leur-moment-sur-scene-2188397\" rel=\"nofollow noopener\" target=\"_blank\" data-ylk=\"slk:&quot;Avec ma m\u00e8re, je suis paniqu\u00e9&quot; : David Hallyday \u00e9voque la fin de la carri\u00e8re de Sylvie Vartan et leur moment sur sc\u00e8ne;elm:context_link;itc:0;sec:content-canvas\" class=\"link \">\u00ab\u00a0Avec ma m\u00e8re, je suis paniqu\u00e9\u00a0\u00bb : David Hallyday \u00e9voque la fin de la carri\u00e8re de Sylvie Vartan et leur moment sur sc\u00e8ne<\/a><br \/><a href=\"https:\/\/www.femmeactuelle.fr\/actu\/news-actu\/ma-mere-ma-vu-mort-lecrivain-david-foenkinos-raconte-son-experience-de-mort-imminente-dans-un-dimanche-a-la-campagne-2194790\" rel=\"nofollow noopener\" target=\"_blank\" data-ylk=\"slk:\u201cMa m\u00e8re m\u2019a vu mort\u201d : l\u2019\u00e9crivain David Foenkinos raconte son exp\u00e9rience de mort imminente dans &quot;Un dimanche \u00e0 la campagne&quot;;elm:context_link;itc:0;sec:content-canvas\" class=\"link \">\u201cMa m\u00e8re m\u2019a vu mort\u201d : l\u2019\u00e9crivain David Foenkinos raconte son exp\u00e9rience de mort imminente dans \u00ab\u00a0Un dimanche \u00e0 la campagne\u00a0\u00bb<\/a><br \/><a href=\"https:\/\/www.femmeactuelle.fr\/actu\/news-actu\/je-n-ai-plus-la-meme-energie-qu-a-20-ans-sylvie-vartan-evoque-la-derniere-tournee-de-sa-carriere-apres-plus-de-60-ans-passes-sur-scene-2183838\" rel=\"nofollow noopener\" target=\"_blank\" data-ylk=\"slk:&quot;Je n&#039;ai plus la m\u00eame \u00e9nergie qu&#039;\u00e0 20 ans&quot; : Sylvie Vartan \u00e9voque la derni\u00e8re tourn\u00e9e de sa carri\u00e8re apr\u00e8s plus de 60 ans pass\u00e9s sur sc\u00e8ne;elm:context_link;itc:0;sec:content-canvas\" class=\"link \">\u00ab\u00a0Je n&rsquo;ai plus la m\u00eame \u00e9nergie qu&rsquo;\u00e0 20 ans\u00a0\u00bb : Sylvie Vartan \u00e9voque la derni\u00e8re tourn\u00e9e de sa carri\u00e8re apr\u00e8s plus de 60 ans pass\u00e9s sur sc\u00e8ne<\/a><\/p>\n","protected":false},"excerpt":{"rendered":"Ce 21 septembre 2025, Fr\u00e9d\u00e9ric Lopez fait son grand retour \u00e0 l\u2019\u00e9cran avec son \u00e9mission Un dimanche \u00e0&hellip;\n","protected":false},"author":2,"featured_media":408215,"comment_status":"","ping_status":"","sticky":false,"template":"","format":"standard","meta":{"footnotes":""},"categories":[1356],"tags":[58,59,1011,27,9481,31016,53983,53982,252,1364,24681],"class_list":{"0":"post-408214","1":"post","2":"type-post","3":"status-publish","4":"format-standard","5":"has-post-thumbnail","7":"category-television","8":"tag-divertissement","9":"tag-entertainment","10":"tag-fr","11":"tag-france","12":"tag-frederic-lopez","13":"tag-recettes-de-cuisine","14":"tag-recits-de-vie","15":"tag-roland-perez","16":"tag-television","17":"tag-tv","18":"tag-virginie-grimaldi"},"share_on_mastodon":{"url":"https:\/\/pubeurope.com\/@fr\/115244885864135740","error":""},"_links":{"self":[{"href":"https:\/\/www.europesays.com\/fr\/wp-json\/wp\/v2\/posts\/408214","targetHints":{"allow":["GET"]}}],"collection":[{"href":"https:\/\/www.europesays.com\/fr\/wp-json\/wp\/v2\/posts"}],"about":[{"href":"https:\/\/www.europesays.com\/fr\/wp-json\/wp\/v2\/types\/post"}],"author":[{"embeddable":true,"href":"https:\/\/www.europesays.com\/fr\/wp-json\/wp\/v2\/users\/2"}],"replies":[{"embeddable":true,"href":"https:\/\/www.europesays.com\/fr\/wp-json\/wp\/v2\/comments?post=408214"}],"version-history":[{"count":0,"href":"https:\/\/www.europesays.com\/fr\/wp-json\/wp\/v2\/posts\/408214\/revisions"}],"wp:featuredmedia":[{"embeddable":true,"href":"https:\/\/www.europesays.com\/fr\/wp-json\/wp\/v2\/media\/408215"}],"wp:attachment":[{"href":"https:\/\/www.europesays.com\/fr\/wp-json\/wp\/v2\/media?parent=408214"}],"wp:term":[{"taxonomy":"category","embeddable":true,"href":"https:\/\/www.europesays.com\/fr\/wp-json\/wp\/v2\/categories?post=408214"},{"taxonomy":"post_tag","embeddable":true,"href":"https:\/\/www.europesays.com\/fr\/wp-json\/wp\/v2\/tags?post=408214"}],"curies":[{"name":"wp","href":"https:\/\/api.w.org\/{rel}","templated":true}]}}