{"id":408216,"date":"2025-09-21T23:29:11","date_gmt":"2025-09-21T23:29:11","guid":{"rendered":"https:\/\/www.europesays.com\/fr\/408216\/"},"modified":"2025-09-21T23:29:11","modified_gmt":"2025-09-21T23:29:11","slug":"ne-laissons-pas-radio-france-zapper-la-fiction-au-nom-de-la-rentabilite-liberation","status":"publish","type":"post","link":"https:\/\/www.europesays.com\/fr\/408216\/","title":{"rendered":"Ne laissons pas Radio France zapper la fiction au nom de la rentabilit\u00e9 \u2013 Lib\u00e9ration"},"content":{"rendered":"<p class=\"sc-cPiKLX AiZTS text-element\">La peau de chagrin pourrait \u00eatre la nouvelle fiction radiophonique de la saison 2025-2026 de Radio France. Une fiction en service minimum sur la grille des programmes, laissant sur le carreau des milliers d\u2019auteurs et d\u2019autrices, de com\u00e9diennes et com\u00e9diens, de r\u00e9alisatrices et r\u00e9alisateurs. C\u2019est tout un savoir-faire unique acquis depuis des d\u00e9cennies &#8211; des cr\u00e9ations sonores jou\u00e9es et interpr\u00e9t\u00e9es uniquement par les voix des com\u00e9diens, accompagn\u00e9es de bruitages (r\u00e9alis\u00e9s en direct) et de musique &#8211; qui est appel\u00e9 \u00e0 dispara\u00eetre.<\/p>\n<p class=\"sc-cPiKLX AiZTS text-element\">Sur France Inter, malgr\u00e9 ses scores \u00e9lev\u00e9s et une audience fid\u00e8le depuis dix ans, l\u2019ultime \u00e9mission de fiction qui subsistait \u00e0 l\u2019antenne &#8211; Autant en emporte l\u2019histoire, diffus\u00e9e chaque dimanche soir &#8211; a connu en juin le couperet final. Apr\u00e8s l\u2019arr\u00eat des fictions sur Affaires sensibles, c\u2019est un nouveau coup dur, brutal, sans alternative. Et pourtant, imaginerait-on France 2 sans fictions ? <\/p>\n<p class=\"sc-cPiKLX AiZTS text-element\">Sur France Culture, l\u2019un des principaux employeurs de com\u00e9diens et com\u00e9diennes en France, la situation est \u00e0 peine meilleure. La cha\u00eene a \u00e9t\u00e9 amput\u00e9e de la moiti\u00e9 de ses emplois d\u2019artistes ces dix derni\u00e8res ann\u00e9es, et l\u2019heure de fiction du samedi soir passe \u00e0 un rythme mensuel. Cette ann\u00e9e, la grille d\u2019\u00e9t\u00e9 ne comprenait aucune nouvelle fiction.<\/p>\n<p class=\"sc-cPiKLX AiZTS text-element\">Apr\u00e8s un si\u00e8cle d\u2019existence qui a fait les grandes heures de ses antennes et lui a valu une reconnaissance internationale (nombreux prix Italia), la fiction \u00e0 la radio publique fran\u00e7aise est menac\u00e9e dans sa nature m\u00eame. On lui demande d\u2019\u00eatre \u00abrentable\u00bb, on la trouve trop ch\u00e8re \u00e0 fabriquer, on n\u00e9glige m\u00eame sa vocation d\u2019\u0153uvre originale. On lui pr\u00e9f\u00e8re formats courts, archives, narrations \u00e0 une voix et \u00abr\u00e9cits documentaires\u00bb, sans com\u00e9diens ni com\u00e9diennes. Derni\u00e8re \u00e9tape avant une fiction sonore d\u00e9shumanis\u00e9e, g\u00e9n\u00e9r\u00e9e par IA ? <\/p>\n<p class=\"sc-cPiKLX AiZTS text-element\">Cette situation est d\u2019autant plus inconcevable que des studios de fiction flambant neufs ont \u00e9t\u00e9 inaugur\u00e9s en d\u00e9but d\u2019ann\u00e9e dans la Maison Ronde, qu\u2019une nouvelle g\u00e9n\u00e9ration de professionnels apporte depuis quelques ann\u00e9es un nouveau souffle pour une fiction inventive et contemporaine. Outre-Manche, la BBC a fait le choix inverse, en investissant dans des fictions de qualit\u00e9.<\/p>\n<p class=\"sc-cPiKLX AiZTS text-element\">La radio publique est l\u2019un des derniers refuges o\u00f9 la cr\u00e9ation d\u2019\u0153uvres sonores peut s\u2019exercer, libre et sans contrainte, accessible \u00e0 tous et toutes gratuitement. C\u2019est un formidable vivier de dramaturges, de sc\u00e9naristes, d\u2019interpr\u00e8tes voix, de r\u00e9alisateurs et r\u00e9alisatrices radio. Et une source de revenus indispensable face \u00e0 la pr\u00e9carit\u00e9 grandissante de nos m\u00e9tiers.<\/p>\n<p class=\"sc-cPiKLX AiZTS text-element\">La fiction doit rester une composante importante du service public, car elle fait vivre la litt\u00e9rature, le th\u00e9\u00e2tre, les \u00e9critures et cr\u00e9ations contemporaines aupr\u00e8s d\u2019un large public, tout en offrant un espace d\u2019expression essentiel aux cr\u00e9ateurs, antidote \u00e0 une culture de masse standardis\u00e9e. C\u2019est un moyen efficace d\u2019\u00e9loigner les enfants des \u00e9crans. Sa pr\u00e9sence dans une tranche horaire fixe chaque semaine g\u00e9n\u00e8re une identit\u00e9 et assure une sp\u00e9cificit\u00e9 \u00e9ditoriale que la seule diffusion en podcast sur les plateformes ne permet pas. Cette programmation en ligne l\u2019accompagne mais ne saurait la remplacer.<\/p>\n<p class=\"sc-cPiKLX AiZTS text-element\">C\u2019est pourquoi nous, artistes-interpr\u00e8tes, r\u00e9alisateurs et r\u00e9alisatrices, auteurs et autrices, compositeurs et compositrices, cr\u00e9ateurs et cr\u00e9atrices sonores, demandons aux directions de Radio France, de France Inter et de France Culture :<\/p>\n<p class=\"sc-cPiKLX AiZTS text-element\">&#8211; De maintenir un v\u00e9ritable volume de production de fictions originales et \u00e9labor\u00e9es, produites par les \u00e9quipes de Radio France, sur la grille des programmes des cha\u00eenes ;<\/p>\n<p class=\"sc-cPiKLX AiZTS text-element\">&#8211; De pr\u00e9server la place et la vitalit\u00e9 de la fiction radiophonique par des cr\u00e9ations originales sur le service public ;<\/p>\n<p class=\"sc-cPiKLX AiZTS text-element\">&#8211; D\u2019envoyer sans tarder des signaux concrets sur leur politique de cr\u00e9ation et de diffusion dot\u00e9e d\u2019un budget de financement clair.<\/p>\n<p class=\"sc-cPiKLX AiZTS text-element\">Et au minist\u00e8re de tutelle :<\/p>\n<p class=\"sc-cPiKLX AiZTS text-element\">&#8211; D\u2019inclure dans le cahier des charges et dans la Convention d\u2019objectifs et de moyens (COM) de Radio France une obligation de production et de diffusion de fictions radiophoniques originales, \u00e0 l\u2019image de celle qui existe d\u00e9j\u00e0 pour France T\u00e9l\u00e9visions pour la cr\u00e9ation audiovisuelle et cin\u00e9matographique.<\/p>\n<p class=\"sc-cPiKLX AiZTS text-element\">Ce n\u2019est qu\u2019\u00e0 ces conditions qu\u2019il sera possible de garantir la p\u00e9rennit\u00e9 de notre art radiophonique centenaire, de pr\u00e9server l\u2019avenir de nos m\u00e9tiers et de continuer \u00e0 enrichir l\u2019imaginaire des auditrices et des auditeurs.<\/p>\n<p class=\"sc-cPiKLX AiZTS text-element\"><b>Premiers signataires :<\/b> <b>Marion Aubert <\/b>Autrice, \u00e9crivaine <b>Mehdi Bayad <\/b>Auteur <b>Arnaud Bedou\u00ebt <\/b>Com\u00e9dien, auteur <b>Mariannick Bellot <\/b>Autrice, r\u00e9alisatrice <b>Brigitte Buc <\/b>Autrice, pr\u00e9sidente de la SACD <b>Lemmy Constantine <\/b>Acteur, chanteur <b>Enzo Cormann <\/b>Ecrivain <b>Catherine Corsini <\/b>Cin\u00e9aste <b>Pascal Deux <\/b>Auteur, r\u00e9alisateur <b>Marc-Olivier Dupin <\/b>Compositeur <b>Jacques Fansten <\/b>Sc\u00e9nariste, r\u00e9alisateur <b>Samuel Gallet <\/b>Ecrivain, dramaturge <b>Fran\u00e7ois Luciani <\/b>Sc\u00e9nariste <b>Koffi Kwahul\u00e9<\/b> Com\u00e9dien, dramaturge et romancier <b>Anne-Claire Lain\u00e9<\/b> Directrice du festival Longueur d\u2019ondes <b>St\u00e9phane Michaka <\/b>Auteur <b>Fran\u00e7ois Morel <\/b>Acteur, chanteur, metteur en sc\u00e8ne <b>Marie Nimier <\/b>Ecrivaine <b>Jean-Beno\u00eet Patricot <\/b>Auteur, pr\u00e9sident des EAT <b>Florence Philipponnat<\/b> Sc\u00e9nariste <b>Claire Richard <\/b>Autrice <b>Michel Sidoroff <\/b>R\u00e9alisateur <b>Anne Villac\u00e8que <\/b>R\u00e9alisatrice. <\/p>\n<p class=\"sc-cPiKLX AiZTS text-element\"><a href=\"https:\/\/www.sacd.fr\/fr\/tribune-radio-france-zappe-la-fiction\" target=\"_blank\" rel=\"noopener\" title=\"https:\/\/www.sacd.fr\/fr\/tribune-radio-france-zappe-la-fiction\">La liste compl\u00e8te des signataires.<\/a><\/p>\n<p class=\"sc-cPiKLX AiZTS text-element\"><b>Avec le soutien de :<\/b> La Soci\u00e9t\u00e9 des auteurs et compositeurs dramatiques (SACD), Les Ecrivaines et \u00e9crivains Associ\u00e9s du Th\u00e9\u00e2tre (EAT), La Guilde des Sc\u00e9naristes, L\u2019Association professionnelle des com\u00e9diens artistes interpr\u00e8tes de la voix enregistr\u00e9e (Les Voix), L\u2019Union des R\u00e9alisateurs et R\u00e9alisatrices (U2R), Longueur d\u2019Ondes (le festival de la radio et de l\u2019\u00e9coute \u00e0 Brest), le Conseil Permanent des Ecrivains (CPE), la Soci\u00e9t\u00e9 des gens de lettres (SGDL), le PEN Club Fran\u00e7ais, L\u2019Association des Traducteurs Litt\u00e9raires de France (ATLF), le Syndicat National des Auteurs et des Compositeurs (SNAC), le Syndicat fran\u00e7ais des artistes-interpr\u00e8tes (SFA-CGT), la CGT-Radio France, le Syndicat National Libre des Artistes (SNLA-FO). <\/p>\n","protected":false},"excerpt":{"rendered":"La peau de chagrin pourrait \u00eatre la nouvelle fiction radiophonique de la saison 2025-2026 de Radio France. Une&hellip;\n","protected":false},"author":2,"featured_media":408217,"comment_status":"","ping_status":"","sticky":false,"template":"","format":"standard","meta":{"footnotes":""},"categories":[1355],"tags":[58,59,1011,27,9102,1361,873,10316],"class_list":{"0":"post-408216","1":"post","2":"type-post","3":"status-publish","4":"format-standard","5":"has-post-thumbnail","7":"category-musique","8":"tag-divertissement","9":"tag-entertainment","10":"tag-fr","11":"tag-france","12":"tag-france-inter","13":"tag-music","14":"tag-musique","15":"tag-radio-france"},"share_on_mastodon":{"url":"https:\/\/pubeurope.com\/@fr\/115244889810422816","error":""},"_links":{"self":[{"href":"https:\/\/www.europesays.com\/fr\/wp-json\/wp\/v2\/posts\/408216","targetHints":{"allow":["GET"]}}],"collection":[{"href":"https:\/\/www.europesays.com\/fr\/wp-json\/wp\/v2\/posts"}],"about":[{"href":"https:\/\/www.europesays.com\/fr\/wp-json\/wp\/v2\/types\/post"}],"author":[{"embeddable":true,"href":"https:\/\/www.europesays.com\/fr\/wp-json\/wp\/v2\/users\/2"}],"replies":[{"embeddable":true,"href":"https:\/\/www.europesays.com\/fr\/wp-json\/wp\/v2\/comments?post=408216"}],"version-history":[{"count":0,"href":"https:\/\/www.europesays.com\/fr\/wp-json\/wp\/v2\/posts\/408216\/revisions"}],"wp:featuredmedia":[{"embeddable":true,"href":"https:\/\/www.europesays.com\/fr\/wp-json\/wp\/v2\/media\/408217"}],"wp:attachment":[{"href":"https:\/\/www.europesays.com\/fr\/wp-json\/wp\/v2\/media?parent=408216"}],"wp:term":[{"taxonomy":"category","embeddable":true,"href":"https:\/\/www.europesays.com\/fr\/wp-json\/wp\/v2\/categories?post=408216"},{"taxonomy":"post_tag","embeddable":true,"href":"https:\/\/www.europesays.com\/fr\/wp-json\/wp\/v2\/tags?post=408216"}],"curies":[{"name":"wp","href":"https:\/\/api.w.org\/{rel}","templated":true}]}}