{"id":408238,"date":"2025-09-21T23:45:41","date_gmt":"2025-09-21T23:45:41","guid":{"rendered":"https:\/\/www.europesays.com\/fr\/408238\/"},"modified":"2025-09-21T23:45:41","modified_gmt":"2025-09-21T23:45:41","slug":"nationale-2-nancy-handball-paul-laine-a-rejoint-selestat","status":"publish","type":"post","link":"https:\/\/www.europesays.com\/fr\/408238\/","title":{"rendered":"Nationale 2. Nancy Handball : Paul Lain\u00e9 a rejoint S\u00e9lestat"},"content":{"rendered":"<p>\u00c9l\u00e9ment prometteur d\u2019un centre de formation d\u00e9finitivement <a href=\"https:\/\/www.estrepublicain.fr\/sport\/2025\/09\/09\/le-nancy-handball-vers-une-liquidation-judiciaire\" target=\"_blank\" rel=\"noopener\">torpill\u00e9 par le naufrage de la SASP (du Nancy Handball)<\/a> , Paul Lain\u00e9 (19 ans) avait \u2013 contre vents et mar\u00e9es \u2013 repris la comp\u00e9tition, disputant avec \u00ab l\u2019\u00e9quipe r\u00e9serve \u00bb (N2) les deux premi\u00e8res journ\u00e9es de championnat (*)\u2026 Mais le jeu des opportunit\u00e9s a logiquement fait son \u0153uvre !<\/p>\n<p>Apr\u00e8s <a href=\"https:\/\/www.estrepublicain.fr\/sport\/2025\/08\/01\/nancy-handball-mael-bouvret-file-dans-le-sud\" target=\"_blank\" rel=\"noopener\">Ma\u00ebl Bouvret (US Crauroise ; N2)<\/a> et <a href=\"https:\/\/www.estrepublicain.fr\/sport\/2025\/07\/31\/nancy-handball-tom-hurstel-va-renforcer-thionville\" target=\"_blank\" rel=\"noopener\">Tom Hurstel (Thionville ; N2)<\/a> , qui avaient pr\u00e9alablement fui une \u00ab promotion 2025-2026 \u00bb vou\u00e9e \u00e0 la disparition\u2026 le solide pivot (1,96 m pour 108 kg) du CDF lorrain a finalement rejoint celui de S\u00e9lestat (D1), o\u00f9 son \u00ab futur proche \u00bb promet d\u2019osciller entre les joutes de \u00ab N1 \u00bb et la d\u00e9couverte de la Starligue.<\/p>\n<p>Ce contenu est bloqu\u00e9 car vous n&rsquo;avez pas accept\u00e9 les cookies et autres traceurs.<\/p>\n<p>En cliquant sur \u00ab J\u2019accepte \u00bb, les cookies et autres traceurs seront d\u00e9pos\u00e9s et vous pourrez visualiser les contenus  (<a href=\"\" class=\"consentModule_policy\" target=\"_blank\" title=\"Consulter la politique de protection des donn\u00e9es du fournisseur\">plus d&rsquo;informations<\/a>).<\/p>\n<p>En cliquant sur \u00ab J\u2019accepte tous les cookies \u00bb, vous autorisez des d\u00e9p\u00f4ts de cookies et autres traceurs pour le stockage de vos donn\u00e9es sur nos sites et applications \u00e0 des fins de personnalisation et de ciblage publicitaire.<\/p>\n<p class=\"consentModule_secondaryText\">Vous gardez la possibilit\u00e9 de retirer votre consentement \u00e0 tout moment en consultant notre <a href=\"https:\/\/www.estrepublicain.fr\/protection-des-donnees\" target=\"_blank\" title=\"Consulter notre politique de protection des donn\u00e9es\" rel=\"noopener\">politique de protection des donn\u00e9es<\/a>. <br \/>&#13;<br \/>\n            <a href=\"https:\/\/www.estrepublicain.fr\/sport\/2025\/09\/21\/javascript:Didomi.notice.show()\" class=\"consentModule_cmp\" target=\"_blank\" rel=\"noopener\">G\u00e9rer mes choix<\/a>&#13;\n        <\/p>\n<p>&#13;<br \/>\n                        J&rsquo;accepte&#13;<br \/>\n            J&rsquo;accepte tous les cookies&#13;\n        <\/p>\n<p>  Un pur produit de la formation nanc\u00e9ienne<\/p>\n<p>Licenci\u00e9 au Nancy Handball depuis 2014 (8 ans), Paul Lain\u00e9 y aura suivi un cursus sans fausse note, int\u00e9gr\u00e9 au P\u00f4le Excellence de Strasbourg et m\u00eame appel\u00e9 en \u00e9quipe de France U17, avant de signer ces deux derni\u00e8res saisons une dizaine de feuilles de match en Proligue.<\/p>\n<p>Pour la nouvelle \u00ab \u00e9quipe premi\u00e8re \u00bb du Nancy Handball, pas sp\u00e9cialement riche sur le poste de pivot, et d\u00e9faite pour la premi\u00e8re fois de la saison \u00e0 Proven\u00e7al, samedi, par Beauvais (31-35), le coup n\u2019en pas moins rude\u2026<\/p>\n<p class=\"note\">(*) Essentiel (4\/4), <a href=\"https:\/\/www.estrepublicain.fr\/sport\/2025\/09\/06\/la-saison-commence-bien-pour-les-reservistes-nanceiens\" target=\"_blank\" rel=\"noopener\">contre Rueil (28-27)<\/a> , bien pr\u00e9sent (2\/4) malgr\u00e9 <a href=\"https:\/\/www.estrepublicain.fr\/sport\/2025\/09\/14\/nancy-avait-la-tete-ailleurs\" target=\"_blank\" rel=\"noopener\"> la lourde d\u00e9faite des siens au Chesnay (36-26)<\/a>.<\/p>\n","protected":false},"excerpt":{"rendered":"\u00c9l\u00e9ment prometteur d\u2019un centre de formation d\u00e9finitivement torpill\u00e9 par le naufrage de la SASP (du Nancy Handball) ,&hellip;\n","protected":false},"author":2,"featured_media":408239,"comment_status":"","ping_status":"","sticky":false,"template":"","format":"standard","meta":{"footnotes":""},"categories":[9635],"tags":[1111,11,1704,1777,674,107,1701,1011,27,775,1792,1702,13622,1703,12,25,517,1700],"class_list":{"0":"post-408238","1":"post","2":"type-post","3":"status-publish","4":"format-standard","5":"has-post-thumbnail","7":"category-nancy","8":"tag-actu","9":"tag-actualites","10":"tag-edition-nancy-et-agglomeration","11":"tag-eu","12":"tag-europe","13":"tag-fil-info","14":"tag-fil-info-sport","15":"tag-fr","16":"tag-france","17":"tag-grand-est","18":"tag-handball","19":"tag-nancy","20":"tag-nancy-handball","21":"tag-nancy-ville-54b","22":"tag-news","23":"tag-republique-francaise","24":"tag-sport","25":"tag-sport-lorrain"},"share_on_mastodon":{"url":"https:\/\/pubeurope.com\/@fr\/115244952713641515","error":""},"_links":{"self":[{"href":"https:\/\/www.europesays.com\/fr\/wp-json\/wp\/v2\/posts\/408238","targetHints":{"allow":["GET"]}}],"collection":[{"href":"https:\/\/www.europesays.com\/fr\/wp-json\/wp\/v2\/posts"}],"about":[{"href":"https:\/\/www.europesays.com\/fr\/wp-json\/wp\/v2\/types\/post"}],"author":[{"embeddable":true,"href":"https:\/\/www.europesays.com\/fr\/wp-json\/wp\/v2\/users\/2"}],"replies":[{"embeddable":true,"href":"https:\/\/www.europesays.com\/fr\/wp-json\/wp\/v2\/comments?post=408238"}],"version-history":[{"count":0,"href":"https:\/\/www.europesays.com\/fr\/wp-json\/wp\/v2\/posts\/408238\/revisions"}],"wp:featuredmedia":[{"embeddable":true,"href":"https:\/\/www.europesays.com\/fr\/wp-json\/wp\/v2\/media\/408239"}],"wp:attachment":[{"href":"https:\/\/www.europesays.com\/fr\/wp-json\/wp\/v2\/media?parent=408238"}],"wp:term":[{"taxonomy":"category","embeddable":true,"href":"https:\/\/www.europesays.com\/fr\/wp-json\/wp\/v2\/categories?post=408238"},{"taxonomy":"post_tag","embeddable":true,"href":"https:\/\/www.europesays.com\/fr\/wp-json\/wp\/v2\/tags?post=408238"}],"curies":[{"name":"wp","href":"https:\/\/api.w.org\/{rel}","templated":true}]}}