{"id":408242,"date":"2025-09-21T23:47:25","date_gmt":"2025-09-21T23:47:25","guid":{"rendered":"https:\/\/www.europesays.com\/fr\/408242\/"},"modified":"2025-09-21T23:47:25","modified_gmt":"2025-09-21T23:47:25","slug":"le-crystal-symphony-de-passage-a-toulon","status":"publish","type":"post","link":"https:\/\/www.europesays.com\/fr\/408242\/","title":{"rendered":"Le Crystal Symphony de passage \u00e0 Toulon"},"content":{"rendered":"<p>\n      Le paquebot Crystal Symphony a fait escale \u00e0 Toulon le samedi 20 septembre. Le v\u00e9n\u00e9rable navire, en service depuis 30 ans, sera prochainement remplac\u00e9 dans le cadre d\u2019une commande de nouvelles unit\u00e9s sign\u00e9e par son armateur, Crystal Cruises, avec le constructeur italien Fincantieri.\n    <\/p>\n<p>C\u2019est un vieux routier de la croisi\u00e8re qui pr\u00e9sente la particularit\u00e9 de naviguer depuis ses d\u00e9buts, il y a 30 ans, sous le m\u00eame nom et pour la m\u00eame compagnie, m\u00eame si celle-ci a chang\u00e9 entretemps de propri\u00e9taire. Le Crystal Symphony, actuellement exploit\u00e9 en m\u00e9diterran\u00e9e, est revenu dans la rade de Toulon le samedi 20 septembre.\u00a0<\/p>\n<p>\u00a0<\/p>\n<p>      Le Crystal Symphony \u00e0 Toulon.\u00a0<\/p>\n<p>\u00a0<\/p>\n<p>      Le Crystal Symphony \u00e0 Toulon.\u00a0<\/p>\n<p>\u00a0<\/p>\n<p>Construit par le chantier finlandais de Turku, ce paquebot, mis en service en mai 1995, a \u00e9t\u00e9 con\u00e7u pour le march\u00e9 des croisi\u00e8res de luxe. Long de 238 m\u00e8tres pour une largeur de 30 m\u00e8tres et une jauge de 51.000 tonneaux, il pouvait accueillir jusqu\u2019\u00e0 960 passagers. Une capacit\u00e9 qui a \u00e9t\u00e9 r\u00e9duite \u00e0 seulement 606 clients <a href=\"https:\/\/www.meretmarine.com\/fr\/croisieres\/fincantieri-acheve-la-renovation-des-deux-paquebots-de-crystal\" target=\"_blank\" rel=\"noopener\">suite \u00e0 une importante r\u00e9novation conduite en 2023 au chantier Fincantieri de Trieste<\/a>. L\u2019op\u00e9ration, qui a concern\u00e9 \u00e9galement le second navire de la compagnie, le Crystal Serenity (250 m\u00e8tres, 69.000 tonneaux) sorti en 2003 des Chantiers de l\u2019Atlantique, a \u00e9t\u00e9 conduite afin de relever les standards des deux paquebots et leur permettre de continuer \u00e0 jouer sur le march\u00e9 des croisi\u00e8res haut de gamme. Cela, en attendant la livraison d\u2019unit\u00e9s neuves \u00e0 Crystal Cruises, rachet\u00e9e suite \u00e0 sa faillite en 2022 par le groupe am\u00e9ricain Abercrombie &amp; Kent, les navires reprenant leur activit\u00e9 l\u2019ann\u00e9e suivante \u00e0 l&rsquo;issue de leur r\u00e9novation.<\/p>\n<p>Pour relancer la marque, A&amp;K a donc investi dans la modernisation des Crystal Symphony et Crystal Serenity, puis dans <a href=\"https:\/\/www.meretmarine.com\/fr\/croisieres\/crystal-cruises-confirme-la-construction-d-un-troisieme-paquebot-chez-fincantieri\" target=\"_blank\" rel=\"noopener\">la commande de trois nouveaux paquebots \u00e0 Fincantieri<\/a>. Ces navires de 61.800 tonneaux et 690 passagers doivent entrer en flotte en 2028, 2030 et 2033.\u00a0<\/p>\n<p><strong>\u00a9 Un article de la r\u00e9daction de Mer et Marine.\u00a0Reproduction interdite sans consentement du ou des auteurs.<\/strong><\/p>\n<p>\u00a0<\/p>\n","protected":false},"excerpt":{"rendered":"Le paquebot Crystal Symphony a fait escale \u00e0 Toulon le samedi 20 septembre. Le v\u00e9n\u00e9rable navire, en service&hellip;\n","protected":false},"author":2,"featured_media":408243,"comment_status":"","ping_status":"","sticky":false,"template":"","format":"standard","meta":{"footnotes":""},"categories":[9619],"tags":[1111,11,6130,6141,6131,6138,2380,6135,554,1777,6136,674,1011,27,6139,6134,3135,6128,567,6129,6127,12,6132,4838,882,6133,25,6140,6137,2310],"class_list":{"0":"post-408242","1":"post","2":"type-post","3":"status-publish","4":"format-standard","5":"has-post-thumbnail","7":"category-toulon","8":"tag-actu","9":"tag-actualites","10":"tag-chantiers","11":"tag-commando","12":"tag-construction-navale","13":"tag-costa","14":"tag-croisiere","15":"tag-dcns","16":"tag-defense","17":"tag-eu","18":"tag-euronaval","19":"tag-europe","20":"tag-fr","21":"tag-france","22":"tag-fremm","23":"tag-interviews","24":"tag-littoral","25":"tag-marine","26":"tag-marine-nationale","27":"tag-maritime","28":"tag-mer","29":"tag-news","30":"tag-offshore","31":"tag-peche","32":"tag-provence-alpes-cote-dazur","33":"tag-reportages","34":"tag-republique-francaise","35":"tag-sncm","36":"tag-stx","37":"tag-toulon"},"share_on_mastodon":{"url":"https:\/\/pubeurope.com\/@fr\/115244960568202242","error":""},"_links":{"self":[{"href":"https:\/\/www.europesays.com\/fr\/wp-json\/wp\/v2\/posts\/408242","targetHints":{"allow":["GET"]}}],"collection":[{"href":"https:\/\/www.europesays.com\/fr\/wp-json\/wp\/v2\/posts"}],"about":[{"href":"https:\/\/www.europesays.com\/fr\/wp-json\/wp\/v2\/types\/post"}],"author":[{"embeddable":true,"href":"https:\/\/www.europesays.com\/fr\/wp-json\/wp\/v2\/users\/2"}],"replies":[{"embeddable":true,"href":"https:\/\/www.europesays.com\/fr\/wp-json\/wp\/v2\/comments?post=408242"}],"version-history":[{"count":0,"href":"https:\/\/www.europesays.com\/fr\/wp-json\/wp\/v2\/posts\/408242\/revisions"}],"wp:featuredmedia":[{"embeddable":true,"href":"https:\/\/www.europesays.com\/fr\/wp-json\/wp\/v2\/media\/408243"}],"wp:attachment":[{"href":"https:\/\/www.europesays.com\/fr\/wp-json\/wp\/v2\/media?parent=408242"}],"wp:term":[{"taxonomy":"category","embeddable":true,"href":"https:\/\/www.europesays.com\/fr\/wp-json\/wp\/v2\/categories?post=408242"},{"taxonomy":"post_tag","embeddable":true,"href":"https:\/\/www.europesays.com\/fr\/wp-json\/wp\/v2\/tags?post=408242"}],"curies":[{"name":"wp","href":"https:\/\/api.w.org\/{rel}","templated":true}]}}