{"id":408251,"date":"2025-09-21T23:54:11","date_gmt":"2025-09-21T23:54:11","guid":{"rendered":"https:\/\/www.europesays.com\/fr\/408251\/"},"modified":"2025-09-21T23:54:11","modified_gmt":"2025-09-21T23:54:11","slug":"previsions-du-lundi-22-septembre-2025","status":"publish","type":"post","link":"https:\/\/www.europesays.com\/fr\/408251\/","title":{"rendered":"pr\u00e9visions du lundi 22 septembre 2025"},"content":{"rendered":"<p>Des \u00e9claircies sont attendues \u00e0 Rennes : on passera une journ\u00e9e agr\u00e9able. Les maximales pourront atteindre 20\u00b0C et les minimales seront de 10\u00b0C. Un vent de nord-est soufflera \u00e0 21 km\/h. Il fera 14\u00b0C en moyenne le matin. Un temps plus chaud est \u00e0 pr\u00e9voir l&rsquo;apr\u00e8s-midi \u00e9tant donn\u00e9 que les temp\u00e9ratures vont conna\u00eetre une l\u00e9g\u00e8re hausse. Les valeurs afficheront entre 17 et 20\u00b0C. On annonce des \u00e9claircies pour cette soir\u00e9e. Un ciel d\u00e9pourvu de nuages est pr\u00e9vu dans la nuit entre lundi et mardi.<\/p>\n<p>Demain, le soleil sera dissimul\u00e9 derri\u00e8re des nuages \u00e0 Rennes, o\u00f9 le ciel sera maussade. Des pluies \u00e9parses vont tomber sur la ville. Une diminution du mercure est attendue. Les temp\u00e9ratures seront comprises entre 8 et 15\u00b0C. Les nuages en pr\u00e9vision le matin, et un ciel encore gris. Les temp\u00e9ratures tourneront autour des 13\u00b0C. Un vent de nord-est rafra\u00eechira sensiblement l&rsquo;atmosph\u00e8re. La grisaille ne se disperse toujours pas, il va y avoir encore des nuages demain apr\u00e8s-midi. Les valeurs s&rsquo;\u00e9chelonneront de 12 \u00e0 14\u00b0C. Un vent de nord est pr\u00e9vu : il soufflera \u00e0 22 km\/h. Demain soir, encore des nuages dans le ciel qui emp\u00eachent le soleil d&rsquo;appara\u00eetre. Il faudra emporter son parapluie pour se prot\u00e9ger des pluies \u00e9parses. Un modeste vent de nord-est sera ressenti par les habitants.<\/p>\n<p>Une am\u00e9lioration est \u00e0 pr\u00e9voir les jours suivants. Une m\u00e9t\u00e9o ensoleill\u00e9e, avec des temp\u00e9ratures de 15\u00b0C en moyenne, est pr\u00e9vue.<\/p>\n<p>Demain, c&rsquo;est l&rsquo;automne ! Si les jours raccourcissent, c&rsquo;est aussi le moment du retour des pulls, des promenades en for\u00eat et des pr\u00e9parations pour les f\u00eates de fin d&rsquo;ann\u00e9e. Les plus r\u00e9ticents d&rsquo;entre nous trouveront donc de nombreux points positifs \u00e0 cette saison haute en couleurs !<\/p>\n","protected":false},"excerpt":{"rendered":"Des \u00e9claircies sont attendues \u00e0 Rennes : on passera une journ\u00e9e agr\u00e9able. Les maximales pourront atteindre 20\u00b0C et&hellip;\n","protected":false},"author":2,"featured_media":408252,"comment_status":"","ping_status":"","sticky":false,"template":"","format":"standard","meta":{"footnotes":""},"categories":[2821],"tags":[1111,11,829,1777,674,1011,27,848,12,2119,584,25],"class_list":{"0":"post-408251","1":"post","2":"type-post","3":"status-publish","4":"format-standard","5":"has-post-thumbnail","7":"category-rennes","8":"tag-actu","9":"tag-actualites","10":"tag-bretagne","11":"tag-eu","12":"tag-europe","13":"tag-fr","14":"tag-france","15":"tag-ille-et-vilaine","16":"tag-news","17":"tag-previsions-meteo","18":"tag-rennes","19":"tag-republique-francaise"},"share_on_mastodon":{"url":"https:\/\/pubeurope.com\/@fr\/115244988126199928","error":""},"_links":{"self":[{"href":"https:\/\/www.europesays.com\/fr\/wp-json\/wp\/v2\/posts\/408251","targetHints":{"allow":["GET"]}}],"collection":[{"href":"https:\/\/www.europesays.com\/fr\/wp-json\/wp\/v2\/posts"}],"about":[{"href":"https:\/\/www.europesays.com\/fr\/wp-json\/wp\/v2\/types\/post"}],"author":[{"embeddable":true,"href":"https:\/\/www.europesays.com\/fr\/wp-json\/wp\/v2\/users\/2"}],"replies":[{"embeddable":true,"href":"https:\/\/www.europesays.com\/fr\/wp-json\/wp\/v2\/comments?post=408251"}],"version-history":[{"count":0,"href":"https:\/\/www.europesays.com\/fr\/wp-json\/wp\/v2\/posts\/408251\/revisions"}],"wp:featuredmedia":[{"embeddable":true,"href":"https:\/\/www.europesays.com\/fr\/wp-json\/wp\/v2\/media\/408252"}],"wp:attachment":[{"href":"https:\/\/www.europesays.com\/fr\/wp-json\/wp\/v2\/media?parent=408251"}],"wp:term":[{"taxonomy":"category","embeddable":true,"href":"https:\/\/www.europesays.com\/fr\/wp-json\/wp\/v2\/categories?post=408251"},{"taxonomy":"post_tag","embeddable":true,"href":"https:\/\/www.europesays.com\/fr\/wp-json\/wp\/v2\/tags?post=408251"}],"curies":[{"name":"wp","href":"https:\/\/api.w.org\/{rel}","templated":true}]}}