{"id":408259,"date":"2025-09-21T23:58:12","date_gmt":"2025-09-21T23:58:12","guid":{"rendered":"https:\/\/www.europesays.com\/fr\/408259\/"},"modified":"2025-09-21T23:58:12","modified_gmt":"2025-09-21T23:58:12","slug":"previsions-du-lundi-22-septembre-2025-3","status":"publish","type":"post","link":"https:\/\/www.europesays.com\/fr\/408259\/","title":{"rendered":"pr\u00e9visions du lundi 22 septembre 2025"},"content":{"rendered":"<p>C&rsquo;est sous un ciel couvert que va se d\u00e9rouler la journ\u00e9e. Les nuages se maintiennent sur Nice. Des pluies \u00e9parses vont tomber sur la ville. On pr\u00e9voit des valeurs avoisinant 21\u00b0C. Les temp\u00e9ratures seront de 19\u00b0C au plus bas et de 22\u00b0C au maximum la matin\u00e9e. Un vent de nord-est rafra\u00eechira quelque peu l&rsquo;atmosph\u00e8re. L&rsquo;apr\u00e8s-midi, toujours des nuages dans le ciel qui emp\u00eachent le soleil de faire son apparition. Les valeurs seront comprises entre 21 et 23\u00b0C. Des \u00e9claircies appara\u00eetront dans la soir\u00e9e. Les maximales pourront atteindre 21\u00b0C tandis que les minimales seront de 20\u00b0C. On pr\u00e9voit une nuit pluvieuse entre lundi et mardi.<\/p>\n<p>Demain, un grand soleil rayonnera sur Nice. Une chute du mercure est attendue. Il va faire en moyenne 20\u00b0C. Le matin, les temp\u00e9ratures s&rsquo;\u00e9chelonneront entre 17 et 21\u00b0C. Une modeste brise de sud-est sera ressentie par les habitants. Les valeurs afficheront entre 19\u00b0C et 22\u00b0C dans l&rsquo;apr\u00e8s-midi. La ville aura quelques \u00e9claircies demain soir. Les temp\u00e9ratures seront comprises entre 18 et 19\u00b0C. Un l\u00e9ger vent de nord soufflera.<\/p>\n<p>La m\u00e9t\u00e9o des jours suivants va changer peu \u00e0 peu. M\u00eame si le beau temps perdurera un peu mercredi, il faut s&rsquo;attendre \u00e0 une d\u00e9gradation ensuite.<\/p>\n<p>Des plats et des habits plus chauds, des arbres aux feuilles rougeoyantes, des champignons&#8230; Tel sera le programme \u00e0 partir de demain ! Vous l&rsquo;avez sans doute compris : c&rsquo;est l&rsquo;\u00e9quinoxe d&rsquo;automne !<\/p>\n","protected":false},"excerpt":{"rendered":"C&rsquo;est sous un ciel couvert que va se d\u00e9rouler la journ\u00e9e. Les nuages se maintiennent sur Nice. Des&hellip;\n","protected":false},"author":2,"featured_media":408260,"comment_status":"","ping_status":"","sticky":false,"template":"","format":"standard","meta":{"footnotes":""},"categories":[2819],"tags":[1111,11,2898,1777,674,1011,27,12,2401,883,2119,882,25],"class_list":{"0":"post-408259","1":"post","2":"type-post","3":"status-publish","4":"format-standard","5":"has-post-thumbnail","7":"category-nice","8":"tag-actu","9":"tag-actualites","10":"tag-alpes-maritimes","11":"tag-eu","12":"tag-europe","13":"tag-fr","14":"tag-france","15":"tag-news","16":"tag-nice","17":"tag-paca","18":"tag-previsions-meteo","19":"tag-provence-alpes-cote-dazur","20":"tag-republique-francaise"},"share_on_mastodon":{"url":"https:\/\/pubeurope.com\/@fr\/115245003891952201","error":""},"_links":{"self":[{"href":"https:\/\/www.europesays.com\/fr\/wp-json\/wp\/v2\/posts\/408259","targetHints":{"allow":["GET"]}}],"collection":[{"href":"https:\/\/www.europesays.com\/fr\/wp-json\/wp\/v2\/posts"}],"about":[{"href":"https:\/\/www.europesays.com\/fr\/wp-json\/wp\/v2\/types\/post"}],"author":[{"embeddable":true,"href":"https:\/\/www.europesays.com\/fr\/wp-json\/wp\/v2\/users\/2"}],"replies":[{"embeddable":true,"href":"https:\/\/www.europesays.com\/fr\/wp-json\/wp\/v2\/comments?post=408259"}],"version-history":[{"count":0,"href":"https:\/\/www.europesays.com\/fr\/wp-json\/wp\/v2\/posts\/408259\/revisions"}],"wp:featuredmedia":[{"embeddable":true,"href":"https:\/\/www.europesays.com\/fr\/wp-json\/wp\/v2\/media\/408260"}],"wp:attachment":[{"href":"https:\/\/www.europesays.com\/fr\/wp-json\/wp\/v2\/media?parent=408259"}],"wp:term":[{"taxonomy":"category","embeddable":true,"href":"https:\/\/www.europesays.com\/fr\/wp-json\/wp\/v2\/categories?post=408259"},{"taxonomy":"post_tag","embeddable":true,"href":"https:\/\/www.europesays.com\/fr\/wp-json\/wp\/v2\/tags?post=408259"}],"curies":[{"name":"wp","href":"https:\/\/api.w.org\/{rel}","templated":true}]}}