{"id":40826,"date":"2025-04-21T06:30:08","date_gmt":"2025-04-21T06:30:08","guid":{"rendered":"https:\/\/www.europesays.com\/fr\/40826\/"},"modified":"2025-04-21T06:30:08","modified_gmt":"2025-04-21T06:30:08","slug":"jusqua-un-an-de-prison-pour-le-frere-bagarreur","status":"publish","type":"post","link":"https:\/\/www.europesays.com\/fr\/40826\/","title":{"rendered":"jusqu&rsquo;\u00e0 un an de prison pour le fr\u00e8re bagarreur"},"content":{"rendered":"<p>La partie de p\u00e9tanques pr\u00e8s de Lyon s&rsquo;\u00e9tait finie en passage \u00e0 tabac entre rugbymen et gens du voyage : jusqu&rsquo;\u00e0 un an de prison pour le fr\u00e8re bagarreur &#8211; LyonMag<\/p>\n<p itemprop=\"description\"><strong>Le tribunal correctionnel de Villefranche-sur-Sa\u00f4ne a tranch\u00e9 dans l&rsquo;affaire des violences survenues lors du tournoi de p\u00e9tanque des Amis du rugby de Tarare.<\/strong><\/p>\n<p>Le 28 ao\u00fbt dernier, trois fr\u00e8res issus de la communaut\u00e9 de gens du voyage avaient frapp\u00e9 un participant qui avait os\u00e9 r\u00e9pondre \u00e0 l&rsquo;insulte lanc\u00e9e par l&rsquo;un d&rsquo;eux. Un couteau avait \u00e9galement \u00e9t\u00e9 exhib\u00e9 pour le menacer.<\/p>\n<p>Plus tard dans la soir\u00e9e estivale, les m\u00eames trois fr\u00e8res avaient rou\u00e9 de coups un homme qui venait leur demander de se calmer et de mieux se comporter devant les nombreux enfants pr\u00e9sents. La victime, jet\u00e9e au sol et pass\u00e9e \u00e0 tabac, avait obtenu 10 jours d&rsquo;ITT.<\/p>\n<p>Finalement interpell\u00e9e d\u00e9but avril, la fratrie a \u00e9t\u00e9 jug\u00e9e. Et devant le tribunal caladois, les gens du voyage ont plaid\u00e9 l&rsquo;amn\u00e9sie due \u00e0 la forte consommation d&rsquo;alcool. Ils ont \u00e9galement jou\u00e9 la carte de la discrimination, l&rsquo;un des fr\u00e8res a m\u00eame expliqu\u00e9 aux juges avoir \u00e9t\u00e9 le bon samaritain dans l&rsquo;histoire et avoir tent\u00e9 de s\u00e9parer ses fr\u00e8res.<\/p>\n<p>Le tribunal n&rsquo;a pas \u00e9cout\u00e9 leurs arguments.<\/p>\n<p>Le plus jeune fr\u00e8re, qui avait lanc\u00e9 la premi\u00e8re insulte et qui \u00e9tait dans tous les mauvais coups durant ce tournoi de p\u00e9tanque, a \u00e9cop\u00e9 d&rsquo;un an de prison dont 6 mois avec sursis.<\/p>\n<p>Ses fr\u00e8res ont \u00e9t\u00e9 condamn\u00e9s \u00e0 10 mois dont la moiti\u00e9 avec sursis.<\/p>\n","protected":false},"excerpt":{"rendered":"La partie de p\u00e9tanques pr\u00e8s de Lyon s&rsquo;\u00e9tait finie en passage \u00e0 tabac entre rugbymen et gens du&hellip;\n","protected":false},"author":2,"featured_media":40827,"comment_status":"","ping_status":"","sticky":false,"template":"","format":"standard","meta":{"footnotes":""},"categories":[1889],"tags":[1111,11,2813,2190,2430,1109,251,1112,2811,1777,674,118,1011,27,1922,1110,1114,2428,2810,12,241,316,25,2812,517,800],"class_list":{"0":"post-40826","1":"post","2":"type-post","3":"status-publish","4":"format-standard","5":"has-post-thumbnail","7":"category-lyon","8":"tag-actu","9":"tag-actualites","10":"tag-article","11":"tag-asvel","12":"tag-auvergne-rhone-alpes","13":"tag-breves","14":"tag-culture","15":"tag-depeches","16":"tag-economique","17":"tag-eu","18":"tag-europe","19":"tag-faits-divers","20":"tag-fr","21":"tag-france","22":"tag-info","23":"tag-informations","24":"tag-infos","25":"tag-lyon","26":"tag-lyonmag","27":"tag-news","28":"tag-ol","29":"tag-politique","30":"tag-republique-francaise","31":"tag-sociale","32":"tag-sport","33":"tag-transports"},"share_on_mastodon":{"url":"https:\/\/pubeurope.com\/@fr\/114374549474203798","error":""},"_links":{"self":[{"href":"https:\/\/www.europesays.com\/fr\/wp-json\/wp\/v2\/posts\/40826","targetHints":{"allow":["GET"]}}],"collection":[{"href":"https:\/\/www.europesays.com\/fr\/wp-json\/wp\/v2\/posts"}],"about":[{"href":"https:\/\/www.europesays.com\/fr\/wp-json\/wp\/v2\/types\/post"}],"author":[{"embeddable":true,"href":"https:\/\/www.europesays.com\/fr\/wp-json\/wp\/v2\/users\/2"}],"replies":[{"embeddable":true,"href":"https:\/\/www.europesays.com\/fr\/wp-json\/wp\/v2\/comments?post=40826"}],"version-history":[{"count":0,"href":"https:\/\/www.europesays.com\/fr\/wp-json\/wp\/v2\/posts\/40826\/revisions"}],"wp:featuredmedia":[{"embeddable":true,"href":"https:\/\/www.europesays.com\/fr\/wp-json\/wp\/v2\/media\/40827"}],"wp:attachment":[{"href":"https:\/\/www.europesays.com\/fr\/wp-json\/wp\/v2\/media?parent=40826"}],"wp:term":[{"taxonomy":"category","embeddable":true,"href":"https:\/\/www.europesays.com\/fr\/wp-json\/wp\/v2\/categories?post=40826"},{"taxonomy":"post_tag","embeddable":true,"href":"https:\/\/www.europesays.com\/fr\/wp-json\/wp\/v2\/tags?post=40826"}],"curies":[{"name":"wp","href":"https:\/\/api.w.org\/{rel}","templated":true}]}}