{"id":408263,"date":"2025-09-22T00:00:13","date_gmt":"2025-09-22T00:00:13","guid":{"rendered":"https:\/\/www.europesays.com\/fr\/408263\/"},"modified":"2025-09-22T00:00:13","modified_gmt":"2025-09-22T00:00:13","slug":"previsions-du-lundi-22-septembre-2025-4","status":"publish","type":"post","link":"https:\/\/www.europesays.com\/fr\/408263\/","title":{"rendered":"pr\u00e9visions du lundi 22 septembre 2025"},"content":{"rendered":"<p>Aujourd&rsquo;hui, Nantes aura des valeurs d&rsquo;environ 15\u00b0C. Un vent de nord-est soufflera un peu, avec 18 km\/h. De petites averses rendront la matin\u00e9e morose. Des \u00e9claircies sont pr\u00e9vues : on passera un apr\u00e8s-midi cl\u00e9ment. La m\u00e9t\u00e9o va se r\u00e9chauffer avec une hausse de plusieurs degr\u00e9s. Les temp\u00e9ratures iront de 17 \u00e0 19\u00b0C. C&rsquo;est un ciel limpide que conna\u00eetra la nuit de lundi \u00e0 mardi.<\/p>\n<p>Les nuages seront pr\u00e9sents demain \u00e0 Nantes. Une chute du mercure est \u00e0 pr\u00e9voir. Les valeurs afficheront entre 8 et 16\u00b0C. En revanche, le ciel sera assez lumineux, avec quelques \u00e9claircies le matin. Une petite brise de nord-est soufflera. Demain apr\u00e8s-midi, on verra l&rsquo;arriv\u00e9e de nuages. Des pluies \u00e9parses sont attendues. Les temp\u00e9ratures seront comprises entre 14 et 15\u00b0C. Un vent de nord est pr\u00e9vu : il soufflera \u00e0 20 km\/h. On observera la pr\u00e9sence persistante de nuages demain soir. Du mauvais temps est \u00e0 pr\u00e9voir. Des pluies \u00e9parses vont tomber. On anticipe des valeurs avoisinant 12\u00b0C. Un modeste vent de nord-est sera ressenti par les habitants.<\/p>\n<p>La m\u00e9t\u00e9o sera nuageuse mercredi mais elle conna\u00eetra une am\u00e9lioration jeudi.<\/p>\n<p>Place aux l\u00e9gumes de l&rsquo;automne ! Demain, c&rsquo;est l&rsquo;\u00e9quinoxe !<\/p>\n","protected":false},"excerpt":{"rendered":"Aujourd&rsquo;hui, Nantes aura des valeurs d&rsquo;environ 15\u00b0C. Un vent de nord-est soufflera un peu, avec 18 km\/h. De&hellip;\n","protected":false},"author":2,"featured_media":408264,"comment_status":"","ping_status":"","sticky":false,"template":"","format":"standard","meta":{"footnotes":""},"categories":[2818],"tags":[1111,11,1777,674,1011,27,3047,766,12,2636,2119,25],"class_list":{"0":"post-408263","1":"post","2":"type-post","3":"status-publish","4":"format-standard","5":"has-post-thumbnail","7":"category-nantes","8":"tag-actu","9":"tag-actualites","10":"tag-eu","11":"tag-europe","12":"tag-fr","13":"tag-france","14":"tag-loire-atlantique","15":"tag-nantes","16":"tag-news","17":"tag-pays-de-la-loire","18":"tag-previsions-meteo","19":"tag-republique-francaise"},"share_on_mastodon":{"url":"https:\/\/pubeurope.com\/@fr\/115245011794103113","error":""},"_links":{"self":[{"href":"https:\/\/www.europesays.com\/fr\/wp-json\/wp\/v2\/posts\/408263","targetHints":{"allow":["GET"]}}],"collection":[{"href":"https:\/\/www.europesays.com\/fr\/wp-json\/wp\/v2\/posts"}],"about":[{"href":"https:\/\/www.europesays.com\/fr\/wp-json\/wp\/v2\/types\/post"}],"author":[{"embeddable":true,"href":"https:\/\/www.europesays.com\/fr\/wp-json\/wp\/v2\/users\/2"}],"replies":[{"embeddable":true,"href":"https:\/\/www.europesays.com\/fr\/wp-json\/wp\/v2\/comments?post=408263"}],"version-history":[{"count":0,"href":"https:\/\/www.europesays.com\/fr\/wp-json\/wp\/v2\/posts\/408263\/revisions"}],"wp:featuredmedia":[{"embeddable":true,"href":"https:\/\/www.europesays.com\/fr\/wp-json\/wp\/v2\/media\/408264"}],"wp:attachment":[{"href":"https:\/\/www.europesays.com\/fr\/wp-json\/wp\/v2\/media?parent=408263"}],"wp:term":[{"taxonomy":"category","embeddable":true,"href":"https:\/\/www.europesays.com\/fr\/wp-json\/wp\/v2\/categories?post=408263"},{"taxonomy":"post_tag","embeddable":true,"href":"https:\/\/www.europesays.com\/fr\/wp-json\/wp\/v2\/tags?post=408263"}],"curies":[{"name":"wp","href":"https:\/\/api.w.org\/{rel}","templated":true}]}}