{"id":408265,"date":"2025-09-22T00:01:23","date_gmt":"2025-09-22T00:01:23","guid":{"rendered":"https:\/\/www.europesays.com\/fr\/408265\/"},"modified":"2025-09-22T00:01:23","modified_gmt":"2025-09-22T00:01:23","slug":"fc-nantes-youssef-el-arabi-revele-le-secret-fou-du-comeback-face-au-stade-rennais","status":"publish","type":"post","link":"https:\/\/www.europesays.com\/fr\/408265\/","title":{"rendered":"FC Nantes : Youssef El-Arabi r\u00e9v\u00e8le le secret fou du comeback face au Stade Rennais"},"content":{"rendered":"<p><strong>Pour d\u00e9crocher le point du nul face au Stade Rennais, Luis Castro, coach du FC Nantes, a d\u00fb secouer son vestiaire \u00e0 la mi-temps. Le buteur-sauveteur Youssef El-Arabi est revenu sur cet \u00e9pisode.<\/strong><\/p>\n<p>Ce samedi soir, <a href=\"https:\/\/www.butfootballclub.fr\/619438-fc-nantes-stade-rennais-2-2-les-notes-des-canaris-apres-un-derby-historique\/\" rel=\"noreferrer noopener\" target=\"_blank\">le FC Nantes a fait vibrer ses supporters en d\u00e9crochant un point crucial face au Stade Rennais<\/a> lors d\u2019un derby intense \u00e0 la Beaujoire (2-2). Les Canaris \u00e9taient men\u00e9s 2-0 \u00e0 la mi-temps, mais ont r\u00e9ussi \u00e0 renverser la situation en seconde p\u00e9riode. Junior Mwanga a ouvert la voie \u00e0 la r\u00e9duction du score, avant que Youssef El-Arabi n\u2019\u00e9galise dans les arr\u00eats de jeu, \u00e0 la 96\u1d49 minute, offrant un final de folie aux supporters nantais.<\/p>\n<p>Apr\u00e8s le match, <a href=\"https:\/\/www.butfootballclub.fr\/619507-fc-nantes-stade-rennais-el-arabi-a-battu-2-records-avec-son-but\/\" rel=\"noreferrer noopener\" target=\"_blank\">Youssef El-Arabi est revenu sur ce moment cl\u00e9<\/a> et sur la r\u00e9silience affich\u00e9e par l\u2019\u00e9quipe. \u00ab C\u2019est vrai que le changement nous a fait du bien. Mais je pense qu\u2019on est r\u00e9compens\u00e9s au vu de la seconde p\u00e9riode, bien meilleure que la premi\u00e8re. On s\u2019est cr\u00e9\u00e9 pas mal d\u2019occasions, et finir comme \u00e7a \u00e0 la derni\u00e8re minute, je suis tr\u00e8s content pour moi et pour l\u2019\u00e9quipe. \u00bb<\/p>\n<p>\u00ab\u00a0Je pense qu\u2019on s\u2019est fait remonter les bretelles dans le vestiaire\u00a0\u00bb<\/p>\n<p>L\u2019attaquant a \u00e9galement soulign\u00e9 l\u2019\u00e9tat d\u2019esprit de ses co\u00e9quipiers : \u00ab On a montr\u00e9 qu\u2019on n\u2019a pas l\u00e2ch\u00e9, qu\u2019on a jou\u00e9 jusqu\u2019\u00e0 la derni\u00e8re minute. \u00bb Interrog\u00e9 sur la diff\u00e9rence de comportement entre les deux mi-temps, El-Arabi a expliqu\u00e9 : \u00ab Je pense qu\u2019on s\u2019est fait remonter les bretelles dans le vestiaire. Un derby se joue avec beaucoup d\u2019intensit\u00e9. On a manqu\u00e9 de \u00e7a en premi\u00e8re mi-temps. Ensuite, \u00e7a a port\u00e9 ses fruits et on a pu \u00e9galiser. \u00bb<\/p>\n<p>Enfin, le joueur a insist\u00e9 sur le caract\u00e8re et la d\u00e9termination de cette \u00e9quipe nantaise, malgr\u00e9 sa jeunesse : \u00ab Oui, bien s\u00fbr. Apr\u00e8s, il y a pas mal de jeunes, mais le plus important, c\u2019est d\u2019avoir pris un point ce soir. \u00bb Ce point d\u00e9croch\u00e9 dans les derni\u00e8res secondes pourrait bien renforcer la confiance des Canaris pour la suite de la saison, malgr\u00e9 4 points pris sur 15 possibles. <\/p>\n","protected":false},"excerpt":{"rendered":"Pour d\u00e9crocher le point du nul face au Stade Rennais, Luis Castro, coach du FC Nantes, a d\u00fb&hellip;\n","protected":false},"author":2,"featured_media":408266,"comment_status":"","ping_status":"","sticky":false,"template":"","format":"standard","meta":{"footnotes":""},"categories":[2818],"tags":[1111,11,448,1777,674,63,1011,27,66,3388,766,12,2636,25,10662],"class_list":{"0":"post-408265","1":"post","2":"type-post","3":"status-publish","4":"format-standard","5":"has-post-thumbnail","7":"category-nantes","8":"tag-actu","9":"tag-actualites","10":"tag-champions-league","11":"tag-eu","12":"tag-europe","13":"tag-football","14":"tag-fr","15":"tag-france","16":"tag-ligue-1","17":"tag-matchs","18":"tag-nantes","19":"tag-news","20":"tag-pays-de-la-loire","21":"tag-republique-francaise","22":"tag-transferts"},"share_on_mastodon":{"url":"https:\/\/pubeurope.com\/@fr\/115245015556134269","error":""},"_links":{"self":[{"href":"https:\/\/www.europesays.com\/fr\/wp-json\/wp\/v2\/posts\/408265","targetHints":{"allow":["GET"]}}],"collection":[{"href":"https:\/\/www.europesays.com\/fr\/wp-json\/wp\/v2\/posts"}],"about":[{"href":"https:\/\/www.europesays.com\/fr\/wp-json\/wp\/v2\/types\/post"}],"author":[{"embeddable":true,"href":"https:\/\/www.europesays.com\/fr\/wp-json\/wp\/v2\/users\/2"}],"replies":[{"embeddable":true,"href":"https:\/\/www.europesays.com\/fr\/wp-json\/wp\/v2\/comments?post=408265"}],"version-history":[{"count":0,"href":"https:\/\/www.europesays.com\/fr\/wp-json\/wp\/v2\/posts\/408265\/revisions"}],"wp:featuredmedia":[{"embeddable":true,"href":"https:\/\/www.europesays.com\/fr\/wp-json\/wp\/v2\/media\/408266"}],"wp:attachment":[{"href":"https:\/\/www.europesays.com\/fr\/wp-json\/wp\/v2\/media?parent=408265"}],"wp:term":[{"taxonomy":"category","embeddable":true,"href":"https:\/\/www.europesays.com\/fr\/wp-json\/wp\/v2\/categories?post=408265"},{"taxonomy":"post_tag","embeddable":true,"href":"https:\/\/www.europesays.com\/fr\/wp-json\/wp\/v2\/tags?post=408265"}],"curies":[{"name":"wp","href":"https:\/\/api.w.org\/{rel}","templated":true}]}}