{"id":408273,"date":"2025-09-22T00:07:24","date_gmt":"2025-09-22T00:07:24","guid":{"rendered":"https:\/\/www.europesays.com\/fr\/408273\/"},"modified":"2025-09-22T00:07:24","modified_gmt":"2025-09-22T00:07:24","slug":"previsions-du-lundi-22-septembre-2025-5","status":"publish","type":"post","link":"https:\/\/www.europesays.com\/fr\/408273\/","title":{"rendered":"pr\u00e9visions du lundi 22 septembre 2025"},"content":{"rendered":"<p>Le soleil manquera aujourd&rsquo;hui, \u00e0 Lille, car le ciel sera couvert par des nuages. Les valeurs seront comprises entre 10 et 16\u00b0C. Un vent de nord-est soufflera doucement. En revanche, des \u00e9claircies sont pr\u00e9vues : on passera une matin\u00e9e cl\u00e9mente. On anticipe des temp\u00e9ratures avoisinant 13\u00b0C. Il y aura des nuages avant que le soleil ne puisse faire son apparition au cours de l&rsquo;apr\u00e8s-midi. La m\u00e9t\u00e9o sera marqu\u00e9e par des pluies \u00e9parses. Les valeurs seront de 14\u00b0C au plus bas et de 16\u00b0C au maximum. Il faudra pr\u00e9voir des perturbations le soir, les Lillois se retrouveront sous des pluies \u00e9parses. Le mercure affichera 12\u00b0C en moyenne. On pr\u00e9voit une nuit claire entre lundi et mardi.<\/p>\n<p>Le soleil appara\u00eet l\u00e9g\u00e8rement demain. Ces \u00e9claircies devraient faire plaisir aux habitants de Lille. C&rsquo;est une hausse de quelques degr\u00e9s que vont conna\u00eetre les temp\u00e9ratures. Ces valeurs s&rsquo;\u00e9chelonneront entre 10 et 18\u00b0C. Un vent de nord-est rafra\u00eechira l\u00e9g\u00e8rement l&rsquo;atmosph\u00e8re. Les valeurs seront de 13\u00b0C dans la matin\u00e9e. Le temps va se r\u00e9chauffer demain apr\u00e8s-midi avec une augmentation de quelques degr\u00e9s. Les temp\u00e9ratures afficheront entre 16 et 18\u00b0C. Les nuages seront peu \u00e0 peu visibles au fil de la soir\u00e9e. Intemp\u00e9ries : on annonce des pluies \u00e9parses. Il fera environ 13\u00b0C.<\/p>\n<p>La m\u00e9t\u00e9o restera inchang\u00e9e les prochains jours. Il va faire un temps plut\u00f4t ensoleill\u00e9 avec des temp\u00e9ratures d&rsquo;environ 14\u00b0C.<\/p>\n<p>L&rsquo;\u00e9quinoxe d&rsquo;automne, c&rsquo;est demain ! Les f\u00eates de fin d&rsquo;ann\u00e9e arrivent tr\u00e8s bient\u00f4t !<\/p>\n","protected":false},"excerpt":{"rendered":"Le soleil manquera aujourd&rsquo;hui, \u00e0 Lille, car le ciel sera couvert par des nuages. Les valeurs seront comprises&hellip;\n","protected":false},"author":2,"featured_media":408274,"comment_status":"","ping_status":"","sticky":false,"template":"","format":"standard","meta":{"footnotes":""},"categories":[2815],"tags":[1111,11,1777,674,1011,27,811,1307,12,1308,1309,2119,25],"class_list":{"0":"post-408273","1":"post","2":"type-post","3":"status-publish","4":"format-standard","5":"has-post-thumbnail","7":"category-lille","8":"tag-actu","9":"tag-actualites","10":"tag-eu","11":"tag-europe","12":"tag-fr","13":"tag-france","14":"tag-hauts-de-france","15":"tag-lille","16":"tag-news","17":"tag-nord","18":"tag-nord-pas-de-calais","19":"tag-previsions-meteo","20":"tag-republique-francaise"},"share_on_mastodon":{"url":"https:\/\/pubeurope.com\/@fr\/115245039169029399","error":""},"_links":{"self":[{"href":"https:\/\/www.europesays.com\/fr\/wp-json\/wp\/v2\/posts\/408273","targetHints":{"allow":["GET"]}}],"collection":[{"href":"https:\/\/www.europesays.com\/fr\/wp-json\/wp\/v2\/posts"}],"about":[{"href":"https:\/\/www.europesays.com\/fr\/wp-json\/wp\/v2\/types\/post"}],"author":[{"embeddable":true,"href":"https:\/\/www.europesays.com\/fr\/wp-json\/wp\/v2\/users\/2"}],"replies":[{"embeddable":true,"href":"https:\/\/www.europesays.com\/fr\/wp-json\/wp\/v2\/comments?post=408273"}],"version-history":[{"count":0,"href":"https:\/\/www.europesays.com\/fr\/wp-json\/wp\/v2\/posts\/408273\/revisions"}],"wp:featuredmedia":[{"embeddable":true,"href":"https:\/\/www.europesays.com\/fr\/wp-json\/wp\/v2\/media\/408274"}],"wp:attachment":[{"href":"https:\/\/www.europesays.com\/fr\/wp-json\/wp\/v2\/media?parent=408273"}],"wp:term":[{"taxonomy":"category","embeddable":true,"href":"https:\/\/www.europesays.com\/fr\/wp-json\/wp\/v2\/categories?post=408273"},{"taxonomy":"post_tag","embeddable":true,"href":"https:\/\/www.europesays.com\/fr\/wp-json\/wp\/v2\/tags?post=408273"}],"curies":[{"name":"wp","href":"https:\/\/api.w.org\/{rel}","templated":true}]}}