{"id":408279,"date":"2025-09-22T00:11:16","date_gmt":"2025-09-22T00:11:16","guid":{"rendered":"https:\/\/www.europesays.com\/fr\/408279\/"},"modified":"2025-09-22T00:11:16","modified_gmt":"2025-09-22T00:11:16","slug":"om-psg-reporte-la-pluie-sabat-sur-marseille-les-parisiens-sont-rentres-a-paris","status":"publish","type":"post","link":"https:\/\/www.europesays.com\/fr\/408279\/","title":{"rendered":"OM-PSG report\u00e9 : la pluie s&rsquo;abat sur Marseille, les Parisiens sont rentr\u00e9s \u00e0 Paris"},"content":{"rendered":"<p>21:36<\/p>\n<p>On se quitte pour ce dimanche<\/p>\n<p>Et on se retrouve demain pour un lundi compl\u00e8tement fou avec le clasico et le Ballon d&rsquo;or !<\/p>\n<p>21:29<\/p>\n<p>Il n&rsquo;y aura pas de match \u00e0 Toulon<\/p>\n<p>Le d\u00e9luge et le tonnerre ne permettent pas la tenue de la rencontre de Top 14. La d\u00e9cision de reporter le clasico \u00e9tait donc sans doute la bonne.<\/p>\n<p>21:17<\/p>\n<p>Toulon-La Rochelle d\u00e9cal\u00e9 en rugby<\/p>\n<p>Le coup d&rsquo;envoi pr\u00e9vu \u00e0 21h05 a \u00e9t\u00e9 report\u00e9 \u00e0 cause de l&rsquo;orage. Un point doit \u00eatre fait \u00e0 21h20. La pr\u00e9fecture du Var avait pourtant estim\u00e9 que la partie pouvait se tenir\u2026<\/p>\n<p>21:05<\/p>\n<p>Petit point m\u00e9t\u00e9o \u00e0 Marseille<\/p>\n<p>La pluie s\u2019est vraiment calm\u00e9e, quelques \u00e9clairs encore dans le ciel mais rien \u00e0 voir avec le d\u00e9luge du d\u00e9but de soir\u00e9e. La pelouse du V\u00e9lodrome en a toutefois pris un coup.<\/p>\n<p>20:19<\/p>\n<p>19:58<\/p>\n<p>Le V\u00e9lodrome sous le tonnerre<\/p>\n<p>19:27<\/p>\n<p>L&rsquo;orage s&rsquo;abat sur Marseille<\/p>\n<p>A 1h15 du coup d&rsquo;envoi initial, c&rsquo;est le d\u00e9luge dans la cit\u00e9 phoc\u00e9enne.<\/p>\n<p>19:01<\/p>\n<p>Les Parisiens sont rentr\u00e9s dans la capitale<\/p>\n<p>Le PSG a confirm\u00e9 son retour \u00e0 Paris ce dimanche apr\u00e8s-midi suite au report du clasico. Les joueurs et le staff repartiront demain pour le match pr\u00e9vu \u00e0 20h.<\/p>\n<blockquote class=\"twitter-tweet\" align=\"center\">\n<p lang=\"fr\" dir=\"ltr\">La LFP reporte le match lundi \u00e0 20h<\/p>\n<p>La LFP a d\u00e9cid\u00e9 de reporter le match entre l\u2019Olympique de Marseille et le Paris Saint-Germain, ce lundi 22 septembre \u00e0 20h. <\/p>\n<p>Initialement programm\u00e9 dimanche 21 septembre \u00e0 20h45, le match n\u2019a pu se d\u00e9rouler \u00e0 cette date suite \u00e0 la d\u00e9cision de\u2026<\/p>\n<p>\u2014 Paris Saint-Germain (@PSG_inside) <a href=\"https:\/\/twitter.com\/PSG_inside\/status\/1969808655764824280?ref_src=twsrc%5Etfw\" target=\"_blank\" rel=\"noopener\">September 21, 2025<\/a><\/p><\/blockquote>\n<p>18:43<\/p>\n<p>\u00ab Ils ont \u00e9t\u00e9 tr\u00e8s corrects \u00bb<\/p>\n<p>Dans cette m\u00eame interview sur RMC, le pr\u00e9fet a assur\u00e9 que les deux clubs avaient \u00ab accept\u00e9 sa d\u00e9cision \u00bb m\u00eame s&rsquo;ils \u00ab auraient pr\u00e9f\u00e9r\u00e9 que le match se tienne ce soir \u00bb. \u00ab De toute mani\u00e8re, ils n&rsquo;avaient pas le choix puisque j&rsquo;ai pris un arr\u00eat\u00e9 annulant le match. Mais ils ont \u00e9t\u00e9 tr\u00e8s corrects sur la forme, je vous prie de le croire \u00bb, a-t-il assur\u00e9.<\/p>\n<p>18:29<\/p>\n<p>Pourquoi cette d\u00e9cision de la pr\u00e9fecture ?<\/p>\n<p>Interrog\u00e9 par RMC, <a href=\"https:\/\/www.leparisien.fr\/sports\/football\/ligue-1\/des-risques-de-panique-pourquoi-la-prefecture-a-decide-de-reporter-le-clasico-om-psg-21-09-2025-U2ESL63HARHL5IOOK2TR644D2E.php\" target=\"_blank\" rel=\"noopener\">le pr\u00e9fet de la r\u00e9gion PACA Georges-Fran\u00e7ois Leclerc a justifi\u00e9 sa d\u00e9cision<\/a>. \u00ab Lorsqu\u2019il y a des orages m\u00e9diterran\u00e9es, tr\u00e8s violents, des risques de crues \u00e9clair, notamment dans une ville comme Marseille qui a des d\u00e9clivit\u00e9s avec des risques de ruissellement urbain, la principale recommandation que nous donnons \u00e0 nos concitoyens c\u2019est : vous restez chez vous et ne prenez surtout pas la voiture \u00bb, a-t-il expliqu\u00e9.<\/p>\n<p>\u00ab S\u2019il y avait eu un \u00e9pisode orageux violent sur le V\u00e9lodrome au moment o\u00f9 65 000 spectateurs rentrent sur le stade, vous avez un risque de mouvement de foule, des risques de panique, a poursuivi le pr\u00e9fet. Or pr\u00e9cis\u00e9ment, les pr\u00e9visions m\u00e9t\u00e9orologiques disent un risque fort sur le stade entre 18h et 21h, donc au moment o\u00f9 les 65 000 personnes allaient se rendre au stade. \u00bb<\/p>\n<p>18:02<\/p>\n<p>Le stage des Marseillais \u00e0 Rome est maintenu<\/p>\n<p>Apr\u00e8s avoir annonc\u00e9 hier l&rsquo;organisation d&rsquo;un nouveau stage de coh\u00e9sion \u00e0 Rome, l&rsquo;Olympique de Marseille a d\u00fb s&rsquo;adapter suite au report du clasico. Les Phoc\u00e9ens ont toutefois d\u00e9cid\u00e9 de ne pas tout changer et partiront d\u00e8s la fin du match vers l&rsquo;Italie.<\/p>\n<p>17:57<\/p>\n<p>La col\u00e8re de certaines supporters parisiens<\/p>\n<p>Sur X, les fans du PSG sont furieux apr\u00e8s l&rsquo;annonce de la nouvelle date du clasico, pr\u00e9vu ce lundi \u00e0 20h, pendant la c\u00e9r\u00e9monie du Ballon d&rsquo;or.\u00a0<\/p>\n<p>\u00ab Jamais un club n&rsquo;avait eu autant de joueur dans le top 30 du Ballon d&rsquo;or mais le PSG ne participera pas \u00e0 la c\u00e9r\u00e9monie parce qu&rsquo;un club a pleurnich\u00e9 aupr\u00e8s de la LFP \u00bb, \u00e9crit notamment Coco.<\/p>\n<p>\u00ab Nasser, envoie les U19 c&rsquo;est mieux \u00bb, r\u00e9clame un autre fan. \u00ab Quelle honte, reprend Jeff. Quelle incroyable erreur strat\u00e9gique ! \u00bb<\/p>\n<p>17:35<\/p>\n<p>A 65 km de l\u00e0, pas de report<\/p>\n<p>17:11<\/p>\n<p>Les billets du dimanche valables le lundi ou rembours\u00e9s<\/p>\n<p>Pour les supporters, l&rsquo;OM pr\u00e9cise que les billets initialement pr\u00e9vus pour ce soir seront valables demain soir. Les supporters d\u00e9tenteurs de billet ne pouvant plus se rendre au match ce lundi, seront a priori rembours\u00e9s, ou un avoir leur sera attribu\u00e9.<\/p>\n<p>17:10<\/p>\n<p>L&rsquo;OM satisfait du report\u00a0<\/p>\n<p>Selon nos informations, les huiles phoc\u00e9ennes sont satisfaites de la d\u00e9cision de reporter la rencontre \u00e0 lundi 20 heures. Les hommes de Roberto De Zerbi disputeront leurs prochaines rencontres vendredi soir (20h45) \u00e0 Strasbourg en L1 puis mardi prochain (21h) contre l\u2019Ajax en C1.\u00a0<\/p>\n<p>17:07<\/p>\n<p>Les raisons du report explicit\u00e9es<\/p>\n<p>Selon le pr\u00e9fet de la r\u00e9gion, les intemp\u00e9ries faisaient planer trop de risques sur la rencontre. Pour les joueurs d\u00e9j\u00e0, mais surtout les supporters, expos\u00e9s \u00e0 de potentiels accidents de voiture ou des mouvements de foule.<\/p>\n<p>17:01<\/p>\n<p>Le sport n&rsquo;est pas le seul \u00e0 p\u00e2tir des intemp\u00e9ries\u00a0<\/p>\n<p>Dans tout le Sud-Est, des <a href=\"https:\/\/www.leparisien.fr\/meteo\/jusqua-120-mm-de-pluie-des-orages-de-la-grele-dimportantes-intemperies-deferlent-sur-le-sud-est-21-09-2025-UL6OAQ62JVCNPPXBC23BID5YVA.php\" target=\"_blank\" rel=\"noopener\">orage font des ravages<\/a>, alors que cinq d\u00e9partements ont \u00e9t\u00e9 plac\u00e9s en vigilance orange par M\u00e9t\u00e9o-France.<\/p>\n<p>16:56<\/p>\n<p>Quels changements apr\u00e8s ce report ?<\/p>\n<p>A quelle heure regarder le clasico et sur quelle cha\u00eene, toutes les r\u00e9ponses sont <a href=\"https:\/\/www.leparisien.fr\/sports\/football\/ligue-1\/om-psg-a-quelle-heure-et-sur-quelle-chaine-tv-voir-le-match-de-la-5e-journee-de-ligue-1-21-09-2025-WEU5B4SSBRB37BGUNEEASUFEBQ.php\" target=\"_blank\" rel=\"noopener\">dans cet article<\/a>.<\/p>\n<p>16:40<\/p>\n<p>Ousmane Demb\u00e9l\u00e9 devrait \u00eatre \u00e0 la c\u00e9r\u00e9monie<\/p>\n<p>Bless\u00e9, le pr\u00e9tendant, <a href=\"https:\/\/www.leparisien.fr\/sports\/football\/psg\/le-ballon-dor-peut-il-echapper-a-ousmane-dembele-19-09-2025-JYQSJZD7LVHYXLIP2D3RD6PSAM.php\" target=\"_blank\" rel=\"noopener\">voire le favori<\/a>, au Ballon d&rsquo;or n&rsquo;avait pas pr\u00e9vu de faire le d\u00e9placement au V\u00e9lodrome. Il devrait logiquement pouvoir assister \u00e0 la c\u00e9r\u00e9monie Th\u00e9\u00e2tre du Chatelet et &#8211; peut-\u00eatre &#8211; recevoir son troph\u00e9e.<\/p>\n<p>16:33<\/p>\n<p>Une vague de m\u00e9contents sur X<\/p>\n<p>Les appels au boycott se multiplient sur le r\u00e9seau social. Les supporters parisiens estiment qu&rsquo;il aurait fallu reporter le match \u00e0 un autre moment, pour permettre \u00e0 leurs joueurs de se rendre \u00e0 la c\u00e9r\u00e9monie du Ballon d&rsquo;or.<\/p>\n<p>16:22<\/p>\n<p>Un report du clasico ? Pas une premi\u00e8re<\/p>\n<p>La derni\u00e8re fois, c&rsquo;\u00e9tait en 2009, d\u00e9j\u00e0 au V\u00e9lodrome. Pas question d&rsquo;orage ou de pluie ici, mais de grippe A. Le Parisien vous fait revivre ce moment<a href=\"https:\/\/www.leparisien.fr\/sports\/football\/ligue-1\/om-psg-un-clasico-deja-reporte-en-2009-pour-cause-de-grippe-a-21-09-2025-NKTQZLZSLRFCPGHA6EM3E3RTK4.php\" target=\"_blank\" rel=\"noopener\"> dans cet article.<\/a><\/p>\n<p>16:15<\/p>\n<p>Les Parisiens d\u00e9j\u00e0 de retour dans la capitale<\/p>\n<p>Ils n&rsquo;auront pass\u00e9 que quelques minutes \u00e0 Marseille. Dans la foul\u00e9e de l&rsquo;annonce du report du clasico, les joueurs du PSG ont d\u00e9j\u00e0 repris le chemin inverse, et <a href=\"https:\/\/www.leparisien.fr\/sports\/football\/ligue-1\/om-psg-apres-lannonce-du-report-les-parisiens-deja-repartis-de-marseille-21-09-2025-QC2ITSEZKNCGFCYIUC3ULZ3WCM.php\" target=\"_blank\" rel=\"noopener\">voici les raisons.<\/a><\/p>\n<p>16:12<\/p>\n<p>Pourquoi lundi soir ?<\/p>\n<p>La LFP n&rsquo;a fait qu&rsquo;appliquer son r\u00e8glement, <a href=\"https:\/\/www.leparisien.fr\/sports\/football\/ligue-1\/om-psg-et-si-le-clasico-etait-reporte-a-lundi-pendant-la-ceremonie-du-ballon-dor-21-09-2025-EHTOQGFTYVFWDDXHTR6L6QKTOU.php\" target=\"_blank\" rel=\"noopener\">tr\u00e8s clair sur le sujet<\/a> des reports suite aux intemp\u00e9ries. Sauf conditions extr\u00eames, le match doit \u00eatre report\u00e9 le lendemain, \u00e0 un horaire choisi par la LFP. Qui a donc d\u00e9cid\u00e9 20 heures, probablement pour des questions de logistique et de facilit\u00e9 d&rsquo;acc\u00e8s au stade.<\/p>\n<p>16:08<\/p>\n<p>Le t\u00e9lescopage avec le Ballon d&rsquo;or<\/p>\n<p>Le nouvel horaire n&rsquo;arrange probablement pas le PSG. Avec cette programmation \u00e0 20 heures, une grosse partie de l&rsquo;effectif ne pourra pas assister \u00e0 la <a href=\"https:\/\/www.leparisien.fr\/sports\/football\/ligue-1\/om-psg-le-clasico-officiellement-reporte-au-lundi-22-septembre-pendant-la-soiree-du-ballon-dor-21-09-2025-LLLRYSV6KNCPLLTFSM24CJFMGM.php\" target=\"_blank\" rel=\"noopener\">c\u00e9r\u00e9monie du Ballon d&rsquo;or,<\/a> pr\u00e9vue \u00e0 21 heures et pour lequel sont nomm\u00e9s 8 Parisiens et Luis Enrique.<\/p>\n<p>16:02<\/p>\n<p>Les raisons du report<\/p>\n<p>Il vient du mauvais temps et notamment des orages, violents, pr\u00e9vus ce soir. Les pr\u00e9visions m\u00e9t\u00e9o <a href=\"https:\/\/www.leparisien.fr\/sports\/football\/ligue-1\/risques-dorages-pendant-om-psg-le-point-sur-les-dernieres-previsions-meteo-21-09-2025-BGQR4R3DZVAYVOQEHQB5VGKT2Y.php\" target=\"_blank\" rel=\"noopener\">se sont d\u00e9grad\u00e9es depuis hier<\/a>, pr\u00e9voyant des rafales jusqu&rsquo;\u00e0 45 km\/h vers 21 heures.<\/p>\n<p>15:52<\/p>\n<p>Un clasico le lundi \u00e0 20 heures<\/p>\n<p>15:49<\/p>\n<p>Bonjour \u00e0 tous<\/p>\n<p>Bienvenue dans ce direct comment\u00e9 suite au report du clasico OM-PSG. Horaires, organisation, r\u00e9actions, suivez toutes les informations en temps r\u00e9el apr\u00e8s cette d\u00e9cision.<\/p>\n<p><script async src=\"https:\/\/platform.twitter.com\/widgets.js\" charset=\"utf-8\"><\/script><\/p>\n","protected":false},"excerpt":{"rendered":"21:36 On se quitte pour ce dimanche Et on se retrouve demain pour un lundi compl\u00e8tement fou avec&hellip;\n","protected":false},"author":2,"featured_media":408280,"comment_status":"","ping_status":"","sticky":false,"template":"","format":"standard","meta":{"footnotes":""},"categories":[2814],"tags":[1111,11,3057,1777,674,16686,1011,27,1227,884,12,882,25,3876],"class_list":{"0":"post-408279","1":"post","2":"type-post","3":"status-publish","4":"format-standard","5":"has-post-thumbnail","7":"category-marseille","8":"tag-actu","9":"tag-actualites","10":"tag-essential","11":"tag-eu","12":"tag-europe","13":"tag-fbl","14":"tag-fr","15":"tag-france","16":"tag-horizontal","17":"tag-marseille","18":"tag-news","19":"tag-provence-alpes-cote-dazur","20":"tag-republique-francaise","21":"tag-weather"},"share_on_mastodon":{"url":"https:\/\/pubeurope.com\/@fr\/115245054985994132","error":""},"_links":{"self":[{"href":"https:\/\/www.europesays.com\/fr\/wp-json\/wp\/v2\/posts\/408279","targetHints":{"allow":["GET"]}}],"collection":[{"href":"https:\/\/www.europesays.com\/fr\/wp-json\/wp\/v2\/posts"}],"about":[{"href":"https:\/\/www.europesays.com\/fr\/wp-json\/wp\/v2\/types\/post"}],"author":[{"embeddable":true,"href":"https:\/\/www.europesays.com\/fr\/wp-json\/wp\/v2\/users\/2"}],"replies":[{"embeddable":true,"href":"https:\/\/www.europesays.com\/fr\/wp-json\/wp\/v2\/comments?post=408279"}],"version-history":[{"count":0,"href":"https:\/\/www.europesays.com\/fr\/wp-json\/wp\/v2\/posts\/408279\/revisions"}],"wp:featuredmedia":[{"embeddable":true,"href":"https:\/\/www.europesays.com\/fr\/wp-json\/wp\/v2\/media\/408280"}],"wp:attachment":[{"href":"https:\/\/www.europesays.com\/fr\/wp-json\/wp\/v2\/media?parent=408279"}],"wp:term":[{"taxonomy":"category","embeddable":true,"href":"https:\/\/www.europesays.com\/fr\/wp-json\/wp\/v2\/categories?post=408279"},{"taxonomy":"post_tag","embeddable":true,"href":"https:\/\/www.europesays.com\/fr\/wp-json\/wp\/v2\/tags?post=408279"}],"curies":[{"name":"wp","href":"https:\/\/api.w.org\/{rel}","templated":true}]}}