{"id":408281,"date":"2025-09-22T00:12:11","date_gmt":"2025-09-22T00:12:11","guid":{"rendered":"https:\/\/www.europesays.com\/fr\/408281\/"},"modified":"2025-09-22T00:12:11","modified_gmt":"2025-09-22T00:12:11","slug":"previsions-du-lundi-22-septembre-2025-6","status":"publish","type":"post","link":"https:\/\/www.europesays.com\/fr\/408281\/","title":{"rendered":"pr\u00e9visions du lundi 22 septembre 2025"},"content":{"rendered":"<p>Les nuages \u00e0 pr\u00e9voir aujourd&rsquo;hui, \u00e0 Lyon, et un ciel encore maussade. Il faudra pr\u00e9voir son parapluie pour se prot\u00e9ger des pluies \u00e9parses. Le thermom\u00e8tre affichera 12\u00b0C en moyenne. Un vent de nord-ouest rafra\u00eechira l\u00e9g\u00e8rement l&rsquo;atmosph\u00e8re. Il fera 13\u00b0C en moyenne le matin. Le soleil peinera \u00e0 percer au milieu des nuages qui subsisteront dans l&rsquo;apr\u00e8s-midi. La soir\u00e9e va rester couverte \u00e0 cause de nuages qui se maintiennent dans le ciel. Mauvais temps : on pr\u00e9voit des pluies \u00e9parses. Les maximales atteindront les 11\u00b0C tandis que les minimales seront de 10\u00b0C. Le ciel sera pluvieux dans la nuit de lundi \u00e0 mardi.<\/p>\n<p>On observera la pr\u00e9sence persistante de nuages demain \u00e0 Lyon. Du mauvais temps est \u00e0 pr\u00e9voir. Des pluies \u00e9parses vont tomber. Une chute du mercure est \u00e0 pr\u00e9voir. Il va faire environ 11\u00b0C. Une l\u00e9g\u00e8re brise de nord-ouest sera ressentie par les habitants. Le matin, encore des nuages dans le ciel qui emp\u00eachent le soleil de faire son apparition. Les temp\u00e9ratures avoisineront les 11\u00b0C. La grisaille ne se dissipe toujours pas, il va y avoir encore des nuages demain apr\u00e8s-midi. Les valeurs s&rsquo;\u00e9chelonneront entre 12 et 13\u00b0C. Toujours de la grisaille demain soir. Les nuages vont stationner. Des pluies \u00e9parses vont tomber sur la ville. Les temp\u00e9ratures tourneront autour des 11\u00b0C.<\/p>\n<p>Les conditions m\u00e9t\u00e9orologiques des jours suivants vont \u00e9voluer peu \u00e0 peu. M\u00eame si le mauvais temps persistera un peu mercredi, il faut pr\u00e9voir une am\u00e9lioration par la suite.<\/p>\n<p>Demain, c&rsquo;est l&rsquo;\u00e9quinoxe d&rsquo;automne ! Si les journ\u00e9es raccourcissent, c&rsquo;est \u00e9galement le moment du retour des pulls, des promenades en for\u00eat et des pr\u00e9parations en vue des festivit\u00e9s de fin d&rsquo;ann\u00e9e. Les plus r\u00e9ticents d&rsquo;entre nous trouveront donc de nombreux \u00e9l\u00e9ments satisfaisants \u00e0 cette saison haute en couleurs !<\/p>\n","protected":false},"excerpt":{"rendered":"Les nuages \u00e0 pr\u00e9voir aujourd&rsquo;hui, \u00e0 Lyon, et un ciel encore maussade. Il faudra pr\u00e9voir son parapluie pour&hellip;\n","protected":false},"author":2,"featured_media":408282,"comment_status":"","ping_status":"","sticky":false,"template":"","format":"standard","meta":{"footnotes":""},"categories":[1889],"tags":[1111,11,2430,1777,674,1011,27,2428,12,2119,25,2429,2431],"class_list":{"0":"post-408281","1":"post","2":"type-post","3":"status-publish","4":"format-standard","5":"has-post-thumbnail","7":"category-lyon","8":"tag-actu","9":"tag-actualites","10":"tag-auvergne-rhone-alpes","11":"tag-eu","12":"tag-europe","13":"tag-fr","14":"tag-france","15":"tag-lyon","16":"tag-news","17":"tag-previsions-meteo","18":"tag-republique-francaise","19":"tag-rhone","20":"tag-rhone-alpes"},"share_on_mastodon":{"url":"https:\/\/pubeurope.com\/@fr\/115245058874139417","error":""},"_links":{"self":[{"href":"https:\/\/www.europesays.com\/fr\/wp-json\/wp\/v2\/posts\/408281","targetHints":{"allow":["GET"]}}],"collection":[{"href":"https:\/\/www.europesays.com\/fr\/wp-json\/wp\/v2\/posts"}],"about":[{"href":"https:\/\/www.europesays.com\/fr\/wp-json\/wp\/v2\/types\/post"}],"author":[{"embeddable":true,"href":"https:\/\/www.europesays.com\/fr\/wp-json\/wp\/v2\/users\/2"}],"replies":[{"embeddable":true,"href":"https:\/\/www.europesays.com\/fr\/wp-json\/wp\/v2\/comments?post=408281"}],"version-history":[{"count":0,"href":"https:\/\/www.europesays.com\/fr\/wp-json\/wp\/v2\/posts\/408281\/revisions"}],"wp:featuredmedia":[{"embeddable":true,"href":"https:\/\/www.europesays.com\/fr\/wp-json\/wp\/v2\/media\/408282"}],"wp:attachment":[{"href":"https:\/\/www.europesays.com\/fr\/wp-json\/wp\/v2\/media?parent=408281"}],"wp:term":[{"taxonomy":"category","embeddable":true,"href":"https:\/\/www.europesays.com\/fr\/wp-json\/wp\/v2\/categories?post=408281"},{"taxonomy":"post_tag","embeddable":true,"href":"https:\/\/www.europesays.com\/fr\/wp-json\/wp\/v2\/tags?post=408281"}],"curies":[{"name":"wp","href":"https:\/\/api.w.org\/{rel}","templated":true}]}}