{"id":408301,"date":"2025-09-22T00:23:35","date_gmt":"2025-09-22T00:23:35","guid":{"rendered":"https:\/\/www.europesays.com\/fr\/408301\/"},"modified":"2025-09-22T00:23:35","modified_gmt":"2025-09-22T00:23:35","slug":"multimedia-israel-critique-la-reconnaissance-de-letat-palestinien-par-le-royaume-uni-laustralie-et-le-canada-xinhua","status":"publish","type":"post","link":"https:\/\/www.europesays.com\/fr\/408301\/","title":{"rendered":"(Multim\u00e9dia) Isra\u00ebl critique la reconnaissance de l&rsquo;Etat palestinien par le Royaume-Uni, l&rsquo;Australie et le Canada &#8211; Xinhua"},"content":{"rendered":"<p><img decoding=\"async\" controls=\"controls\" src=\"https:\/\/www.europesays.com\/fr\/wp-content\/uploads\/2025\/09\/2025092252e2e8f94c99415db06dc5da31b44780_XxjifrF000001_20250922_CBMFN0A001.JPG\"\/>Photo prise avec un t\u00e9l\u00e9phone portable montrant le Premier ministre isra\u00e9lien Benjamin Netanyahou pointer du doigt une carte de la bande de Gaza sur un \u00e9cran lors d&rsquo;une conf\u00e9rence de presse \u00e0 J\u00e9rusalem, le 10 ao\u00fbt 2025. (Xinhua\/Feng Guorui)<\/p>\n<p><strong>Le Premier ministre isra\u00e9lien Benyamin Netanyahou a d\u00e9nonc\u00e9 dimanche la d\u00e9cision du Royaume-Uni, du Canada et de l&rsquo;Australie de reconna\u00eetre l&rsquo;existence d&rsquo;un Etat palestinien.<\/strong><\/p>\n<p>JERUSALEM, 21 septembre (Xinhua) &#8212; Le Premier ministre isra\u00e9lien Benyamin Netanyahou a d\u00e9nonc\u00e9 dimanche la d\u00e9cision du Royaume-Uni, du Canada et de l&rsquo;Australie de reconna\u00eetre l&rsquo;existence d&rsquo;un Etat palestinien.<\/p>\n<p>\u00ab\u00a0J&rsquo;ai un message tr\u00e8s clair pour les dirigeants qui reconnaissent l&rsquo;Etat palestinien apr\u00e8s le terrible massacre du 7 octobre : vous r\u00e9compensez massivement le terrorisme\u00a0\u00bb, a affirm\u00e9 M. Netanyahou, en r\u00e9f\u00e9rence \u00e0 l&rsquo;attaque du Hamas contre le sud d&rsquo;Isra\u00ebl en octobre 2023.<\/p>\n<p>\u00ab\u00a0Cela n&rsquo;arrivera pas, il n&rsquo;y aura pas d&rsquo;Etat palestinien \u00e0 l&rsquo;ouest du Jourdain\u00a0\u00bb, a-t-il ajout\u00e9.<\/p>\n<p>Il a indiqu\u00e9 qu&rsquo;il r\u00e9pliquerait \u00e0 cette reconnaissance apr\u00e8s son retour des Etats-Unis. \u00ab\u00a0Cela viendra\u00a0\u00bb, a-t-il d\u00e9clar\u00e9.<\/p>\n<p>Saluant la d\u00e9cision des trois pays, le pr\u00e9sident palestinien Mahmoud Abbas a quant \u00e0 lui d\u00e9clar\u00e9 qu&rsquo;il s&rsquo;agissait d&rsquo;une \u00ab\u00a0\u00e9tape importante et n\u00e9cessaire vers une paix juste, durable et conforme \u00e0 la l\u00e9gitimit\u00e9 internationale\u00a0\u00bb, selon un communiqu\u00e9 de son cabinet.<\/p>\n<p>Un peu pus t\u00f4t dans la journ\u00e9e, le Premier ministre britannique Keir Starmer a annonc\u00e9 dans une d\u00e9claration vid\u00e9o que le Royaume-Uni \u00ab\u00a0reconnaissait officiellement l&rsquo;Etat de Palestine\u00a0\u00bb, et a appel\u00e9 \u00e0 un retour \u00e0 la solution \u00e0 deux Etats.<\/p>\n<p>Un communiqu\u00e9 de presse conjoint du Premier ministre australien Anthony Albanese et de sa ministre des Affaires \u00e9trang\u00e8res Penny Wong a quant \u00e0 lui d\u00e9clar\u00e9 : \u00ab\u00a0L&rsquo;Australie reconna\u00eet les aspirations l\u00e9gitimes et de longue date du peuple palestinien \u00e0 se doter d&rsquo;un Etat qui lui soit propre\u00a0\u00bb.<\/p>\n<p>Le Premier ministre canadien Mark Carney a \u00e9galement publi\u00e9 dimanche une d\u00e9claration sur la reconnaissance de l&rsquo;Etat de Palestine par le Canada.<\/p>\n","protected":false},"excerpt":{"rendered":"Photo prise avec un t\u00e9l\u00e9phone portable montrant le Premier ministre isra\u00e9lien Benjamin Netanyahou pointer du doigt une carte&hellip;\n","protected":false},"author":2,"featured_media":408302,"comment_status":"","ping_status":"","sticky":false,"template":"","format":"standard","meta":{"footnotes":""},"categories":[1588],"tags":[11,1777,674,664,12,3518,473,1853,1851,1850,1852],"class_list":{"0":"post-408301","1":"post","2":"type-post","3":"status-publish","4":"format-standard","5":"has-post-thumbnail","7":"category-royaume-uni","8":"tag-actualites","9":"tag-eu","10":"tag-europe","11":"tag-israel","12":"tag-news","13":"tag-palestine","14":"tag-royaume-uni","15":"tag-royaume-uni-de-grande-bretagne-et-dirlande-du-nord","16":"tag-uk","17":"tag-united-kingdom","18":"tag-united-kingdom-of-great-britain-and-northern-ireland"},"share_on_mastodon":{"url":"https:\/\/pubeurope.com\/@fr\/115245102506091530","error":""},"_links":{"self":[{"href":"https:\/\/www.europesays.com\/fr\/wp-json\/wp\/v2\/posts\/408301","targetHints":{"allow":["GET"]}}],"collection":[{"href":"https:\/\/www.europesays.com\/fr\/wp-json\/wp\/v2\/posts"}],"about":[{"href":"https:\/\/www.europesays.com\/fr\/wp-json\/wp\/v2\/types\/post"}],"author":[{"embeddable":true,"href":"https:\/\/www.europesays.com\/fr\/wp-json\/wp\/v2\/users\/2"}],"replies":[{"embeddable":true,"href":"https:\/\/www.europesays.com\/fr\/wp-json\/wp\/v2\/comments?post=408301"}],"version-history":[{"count":0,"href":"https:\/\/www.europesays.com\/fr\/wp-json\/wp\/v2\/posts\/408301\/revisions"}],"wp:featuredmedia":[{"embeddable":true,"href":"https:\/\/www.europesays.com\/fr\/wp-json\/wp\/v2\/media\/408302"}],"wp:attachment":[{"href":"https:\/\/www.europesays.com\/fr\/wp-json\/wp\/v2\/media?parent=408301"}],"wp:term":[{"taxonomy":"category","embeddable":true,"href":"https:\/\/www.europesays.com\/fr\/wp-json\/wp\/v2\/categories?post=408301"},{"taxonomy":"post_tag","embeddable":true,"href":"https:\/\/www.europesays.com\/fr\/wp-json\/wp\/v2\/tags?post=408301"}],"curies":[{"name":"wp","href":"https:\/\/api.w.org\/{rel}","templated":true}]}}