{"id":408303,"date":"2025-09-22T00:24:38","date_gmt":"2025-09-22T00:24:38","guid":{"rendered":"https:\/\/www.europesays.com\/fr\/408303\/"},"modified":"2025-09-22T00:24:38","modified_gmt":"2025-09-22T00:24:38","slug":"allemagne-france-la-composition-probable-des-bleus-avec-cherki-et-kolo-muani","status":"publish","type":"post","link":"https:\/\/www.europesays.com\/fr\/408303\/","title":{"rendered":"Allemagne-France\u00a0: la composition probable des Bleus avec Cherki et Kolo Muani"},"content":{"rendered":"<p class=\"paragraph text_align_left lp-f-body-02\">Au vu des incertitudes, Didier Deschamps ne devrait d\u00e9cider qu\u2019au dernier moment de la composition de dimanche pour la petite finale de Ligue des nations contre l\u2019Allemagne (15 heures). D\u00e9j\u00e0 priv\u00e9 de Demb\u00e9l\u00e9, Barcola et Lenglet sur blessures, le s\u00e9lectionneur devrait faire largement tourner son \u00e9quipe par rapport \u00e0 <a href=\"https:\/\/www.leparisien.fr\/sports\/football\/equipe-de-france\/espagne-france-5-4-les-chiffres-du-match-fou-des-bleus-en-ligue-des-nations-05-06-2025-XF57MDZTKNANVDFU5ACWBQ5GLM.php\" target=\"_self\" rel=\"noopener\">la demie contre l\u2019Espagne (4-5).<\/a><\/p>\n<p class=\"paragraph text_align_left lp-f-body-02\">Le dernier entra\u00eenement \u00e0 Stuttgart n\u2019a pas permis de d\u00e9gager un onze de d\u00e9part clair et d\u00e9finitif, en sachant que seulement 18 joueurs de champ \u00e9taient sur la pelouse. Excellent lors de son entr\u00e9e jeudi, <a href=\"https:\/\/www.leparisien.fr\/sports\/football\/equipe-de-france\/espagne-france-5-4-cherki-fait-partie-du-futur-de-lequipe-de-france-loeil-dolivier-dalloglio-06-06-2025-KDSDDMKGYJCQFIMFLUQ5JDBO4M.php\" target=\"_blank\" rel=\"noopener\">Rayan Cherki<\/a> a de bonnes chances de d\u00e9marrer, \u00e0 l\u2019instar de Randal Kolo Muani et Kylian Mbapp\u00e9 qui pourrait encha\u00eener. Reste \u00e0 savoir dans quel syst\u00e8me, probablement dans le m\u00eame que face \u00e0 la Roja avec Cherki en 10 et Thuram qui int\u00e9grerait l\u2019\u00e9quipe sur l\u2019aile gauche pour laisser la pointe de l\u2019attaque au capitaine tricolore.<\/p>\n<p class=\"paragraph text_align_left lp-f-body-02\">Dans l\u2019entrejeu, Aur\u00e9lien Tchouam\u00e9ni est de retour et apte \u00e0 d\u00e9buter, apr\u00e8s avoir particip\u00e9 \u00e0 sa deuxi\u00e8me s\u00e9ance de la semaine. Matt\u00e9o Guendouzi tient la corde pour l\u2019accompagner, \u00e0 moins que DD ne d\u00e9cide de tester le Parisien Warren Za\u00efre-Emery. En d\u00e9fense, de droite \u00e0 gauche, on pourrait retrouver Malo Gusto, Benjamin Pavard, Lucas Hernandez et Lucas Digne. Enfin, dans la cage, le staff doit trancher entre reconduire Mike Maignan ou lancer Lucas Chevalier, nouveau num\u00e9ro 2, qui f\u00eaterait alors sa premi\u00e8re s\u00e9lection.<\/p>\n<p class=\"paragraph text_align_left lp-f-body-02\"><b>La composition probable des Bleus :<\/b> Maignan &#8211; Gusto, Pavard, Hernandez, Digne &#8211; Tchouam\u00e9ni, Guendouzi &#8211; Kolo Muani, Cherki, Thuram &#8211; Mbapp\u00e9<\/p>\n","protected":false},"excerpt":{"rendered":"Au vu des incertitudes, Didier Deschamps ne devrait d\u00e9cider qu\u2019au dernier moment de la composition de dimanche pour&hellip;\n","protected":false},"author":2,"featured_media":408304,"comment_status":"","ping_status":"","sticky":false,"template":"","format":"standard","meta":{"footnotes":""},"categories":[1587],"tags":[11,672,1804,1805,1803,27345,1777,674,63,1801,12,1802,60],"class_list":{"0":"post-408303","1":"post","2":"type-post","3":"status-publish","4":"format-standard","5":"has-post-thumbnail","7":"category-allemagne","8":"tag-actualites","9":"tag-allemagne","10":"tag-bundesrepublik-deutschland","11":"tag-de","12":"tag-deutschland","13":"tag-equipe_france_foot","14":"tag-eu","15":"tag-europe","16":"tag-football","17":"tag-germany","18":"tag-news","19":"tag-republique-federale-dallemagne","20":"tag-sports"},"share_on_mastodon":{"url":"https:\/\/pubeurope.com\/@fr\/115245106136495826","error":""},"_links":{"self":[{"href":"https:\/\/www.europesays.com\/fr\/wp-json\/wp\/v2\/posts\/408303","targetHints":{"allow":["GET"]}}],"collection":[{"href":"https:\/\/www.europesays.com\/fr\/wp-json\/wp\/v2\/posts"}],"about":[{"href":"https:\/\/www.europesays.com\/fr\/wp-json\/wp\/v2\/types\/post"}],"author":[{"embeddable":true,"href":"https:\/\/www.europesays.com\/fr\/wp-json\/wp\/v2\/users\/2"}],"replies":[{"embeddable":true,"href":"https:\/\/www.europesays.com\/fr\/wp-json\/wp\/v2\/comments?post=408303"}],"version-history":[{"count":0,"href":"https:\/\/www.europesays.com\/fr\/wp-json\/wp\/v2\/posts\/408303\/revisions"}],"wp:featuredmedia":[{"embeddable":true,"href":"https:\/\/www.europesays.com\/fr\/wp-json\/wp\/v2\/media\/408304"}],"wp:attachment":[{"href":"https:\/\/www.europesays.com\/fr\/wp-json\/wp\/v2\/media?parent=408303"}],"wp:term":[{"taxonomy":"category","embeddable":true,"href":"https:\/\/www.europesays.com\/fr\/wp-json\/wp\/v2\/categories?post=408303"},{"taxonomy":"post_tag","embeddable":true,"href":"https:\/\/www.europesays.com\/fr\/wp-json\/wp\/v2\/tags?post=408303"}],"curies":[{"name":"wp","href":"https:\/\/api.w.org\/{rel}","templated":true}]}}